{"id":112,"date":"2013-09-04T09:27:50","date_gmt":"2013-09-04T09:27:50","guid":{"rendered":"https:\/\/www.alabianca.it\/?p=112"},"modified":"2015-01-15T15:25:35","modified_gmt":"2015-01-15T15:25:35","slug":"el-gato-dj-mueve-la-colita-el-pum-pata","status":"publish","type":"post","link":"https:\/\/www.alabianca.it\/it\/notizie\/el-gato-dj-mueve-la-colita-el-pum-pata\/","title":{"rendered":"El Gato DJ &#8211; Mueve La Colita &#8211; El Pum Pat\u00e0"},"content":{"rendered":"<p style=\"margin-bottom: 0.0001pt;\">\n<p style=\"margin-bottom: 0.0001pt;\"><b><span style=\"font-size: 10.5pt;\">EL PUM PA TA&#8217;<\/span><\/b><span style=\"font-size: 10.5pt;\"> \u00e8 nato da un&#8217;idea elaborata da <b>El Gato dj &nbsp;<\/b>con il&nbsp;produttore <b>Lorenzo Confetta, &nbsp;<\/b>scaturita dalla visione del film &#8216;<b>La Grande Bellezza&#8217; di Paolo Sorrentino. <\/b>&nbsp;<\/span><\/p>\n<p style=\"margin-bottom: 0.0001pt;\"><span style=\"font-size: 10.5pt;\">Il&nbsp;divertimento, le feste sontuose della &#8216;movida romana&#8217;, allietate dalla sua hit mondiale &#8216;<b>Mueve la colita<\/b>&#8216;, che persino il protagonista <b>Toni Servillo <\/b>canta e balla in una scena del film\u2026<\/span><\/p>\n<p style=\"margin-bottom: 0.0001pt;\"><b><span style=\"font-size: 10.5pt;\">El Gato<\/span><\/b><span style=\"font-size: 10.5pt;\"> ha pensato ad un brano che celebrasse &nbsp;&#8216;la movida&#8217; in generale. &nbsp;Per questo il ritmo \u00e8 sottolineato da una cassa che percuote il tempo con un suono\u2026&#8217;pum pat\u00e0, pum pat\u00e0&#8217;, pum pat\u00e0\u2026 &nbsp;&nbsp;<\/span><\/p>\n<p style=\"margin-bottom: 0.0001pt;\"><span style=\"font-size: 10.5pt;\">E&#8217; un brano volutamente semplice, con una facile ritmica e melodia nel ritornello che esprime il senso della &#8216;Movida&#8217; , la voglia di cantare e divertirsi.&nbsp;<\/span><b><span style=\"font-size: 10.5pt;\">El Gato<\/span><\/b><span style=\"font-size: 10.5pt;\"> interviene vocalmente sulle note basse delle strofe, efficacemente armonizzate con note alte di vocalist alla quali &nbsp;risponde conferendo al brano le caratteristiche artistiche del suo &#8216;marchio&#8217;: El Gato dj\u2026<\/span><\/p>\n<p style=\"margin-bottom: 0.0001pt;\"><span style=\"font-size: 10.5pt;\">I suoni &#8216;dance&#8217; ( rimica e appoggi sequencer ) uniti a suoni acustici, tipici del Latino- Americano.<\/span><\/p>\n<p style=\"margin-bottom: 0.0001pt;\"><span style=\"font-size: 10.5pt;\">Con questo brano <\/span><b style=\"font-size: 10.5pt;\">El Gato <\/b><span style=\"font-size: 10.5pt;\">si rivolge ad un vasto pubblico, quello del divertimento fine a se stesso. Al di l\u00e0 del genere musicale(dance o latin dance che sia) crea una musica &#8216;trasversale&#8217; , priva di barriere, fruibile da chiunque nel mondo.<\/span><\/p>\n<p style=\"margin-bottom: 0.0001pt;\"><span style=\"font-size: 10.5pt;\">Il brano verr\u00e0 proposto in discoteche, club, feste ed eventi di ogni tipo. Sar\u00e0&nbsp;la &#8216;colonna sonora&#8217; della movida dell&#8217;inverno 2013 e dell&#8217;estate 2014, cos\u00ec come la sua precedente hit &#8216;Mueve la colita&#8217; &nbsp;ha fatto muovere il bacino a generazioni di dancers nel pianeta accompagnandoli per molte stagioni<\/span><\/p>\n<p style=\"margin-bottom: 0.0001pt;\">\n<p style=\"margin-bottom: 0.0001pt;\"><b style=\"line-height: 18pt; text-align: justify;\"><i><span style=\"font-size: 12pt; font-family: Arial, sans-serif;\">El Gato Dj (short bio)<\/span><\/i><\/b><i style=\"line-height: 18pt; text-align: justify;\"><span style=\"font-size: 12pt; font-family: Arial, sans-serif;\">&nbsp;<\/span><\/i><\/p>\n<p style=\"margin-bottom: 0.0001pt;\"><i style=\"line-height: 18pt; text-align: justify;\"><span style=\"font-size: 12pt; font-family: Arial, sans-serif;\">Nasce nel 1980 in Venezuela da madre colombiana e padre italiano.<\/span><\/i><\/p>\n<p style=\"margin-bottom: 0.0001pt; text-align: justify; line-height: 18pt;\"><i><span style=\"font-size: 12pt; font-family: Arial, sans-serif;\">Durante il percorso scolastico scopre&nbsp; di possedere un&#8217;indole artistico-creativa, ed \u00e8 attratto dall&#8217;entertainment &nbsp;nelle sue varie forme .<\/p>\n<p><\/span><\/i><span style=\"font-size: 10.5pt;\"><\/span><\/p>\n<p style=\"margin-bottom: 0.0001pt; text-align: justify; line-height: 18pt;\"><i><span style=\"font-size: 12pt; font-family: Arial, sans-serif;\">Nel 1990<b>&nbsp;<\/b>la famiglia si trasferisce in italia.&nbsp; Ancora adolescente, entra a far parte di un gruppo di animatori-dj &#8220;La Guagua Dance&#8221; ed inizia ad esibirsi in feste latine finch\u00e8 viene invitato a proporre musiche latine ed animazioni coreografiche nelle pi\u00f9 importanti discoteche Italiane dapprima, europee poi, fino a quelle sudamericane e statunitensi.<\/span><\/i><span style=\"font-size: 10.5pt;\"><\/span><\/p>\n<p style=\"margin-bottom: 0.0001pt; text-align: justify; line-height: 18pt;\"><i><span style=\"font-size: 12pt; font-family: Arial, sans-serif;\">Verso fine anni \u201990 produce<b> &#8220;Mueve la colita&#8221; <\/b>ed&nbsp;<\/span><\/i><i><span style=\"font-size: 12pt; font-family: Arial, sans-serif;\">entra nel prestigioso staff di &#8220;Salsa Week&#8221; che gli consente di rafforzare la sua presenza nelle varie capitali del mondo, dal continente americano a quello africano, proponendo e promuovendo i suoi ritmi e diffondendo la cultura latina, specie grazie al grande riscontro di <b>&#8220;Mueve la colita&#8221; <\/b>che nel frattempo divent\u00f2 il ballo d gruppo di riferimento di ogni dj ed animatore in varie aree del pianeta.<\/span><\/i><span style=\"font-size: 10.5pt;\"><\/span><\/p>\n<p style=\"margin-bottom: 0.0001pt; text-align: justify; line-height: 18pt;\"><i><span style=\"font-size: 12pt; font-family: Arial, sans-serif;\">Per <b>El Gato dj, \u00e8 la consacrazione mondiale<\/b>! <\/p>\n<p><\/span><\/i><span style=\"font-size: 10.5pt;\"><\/span><\/p>\n<p style=\"margin-bottom: 0.0001pt; text-align: justify; line-height: 18pt;\"><i><span style=\"font-size: 12pt; font-family: Arial, sans-serif;\">Il suo ballo di gruppo <b>&#8216;Mueve la colita\u2019 <\/b>\u00e8 tra i brani pi\u00f9 conosciuti, suonati e ballati nel mondo, grazie anche alla pubblicazione in vari paesi a cura da parte della discografica Ala Bianca che lo ha diffuso in ogni paese utilizzando un network di label collegate, attente alla cultura latina.<\/p>\n<p><\/span><\/i><span style=\"font-size: 10.5pt;\"><\/span><\/p>\n<p style=\"margin-bottom: 0.0001pt; text-align: justify; line-height: 18pt;\"><i><span style=\"font-size: 12pt; font-family: Arial, sans-serif;\">Le performance de \u2018El Gato dj sono notevoli e sempre degne di nota. Si \u00e8 esibito in talune delle pi\u00f9&nbsp; importanti manifestazioni di danza sportiva nel mondo, come animatore in raduni-eventi di piazza ed in convegni latini in ogni area del pianeta(Cuba, Santo Domingo, California, Mexico, Venezuela, Canarie, Spagna, Francia, Tunisia, Marocco, Egitto,&nbsp; Italia\u2026)<\/span><\/i><span style=\"font-size: 10.5pt;\"><\/p>\n<p><\/span><\/p>\n","protected":false},"excerpt":{"rendered":"<p>&nbsp;&nbsp;<img loading=\"lazy\" decoding=\"async\" src=\"http:\/\/www.alabianca.it\/images\/stories\/mueve-la-colita.jpg\" width=\"282\" height=\"282\" alt=\"mueve-la-colita\" \/>&nbsp; &nbsp;<img loading=\"lazy\" decoding=\"async\" src=\"http:\/\/www.alabianca.it\/images\/stories\/ase_kiver.jpg\" width=\"282\" height=\"282\" alt=\"ase_kiver\" \/><\/p>\n<p><b><span style=\"font-size: 12pt;\">Il nuovo brano de El Gato Dj, dopo il grande successo della sua hit internazionale: &#8216;MUEVE LA COLITA&#8217;&nbsp;<\/span><\/b><\/p>\n","protected":false},"author":1,"featured_media":0,"comment_status":"closed","ping_status":"closed","sticky":false,"template":"","format":"standard","meta":{"_acf_changed":false,"footnotes":""},"categories":[7],"tags":[],"class_list":["post-112","post","type-post","status-publish","format-standard","hentry","category-notizie"],"acf":[],"yoast_head":"<!-- This site is optimized with the Yoast SEO plugin v27.5 - https:\/\/yoast.com\/product\/yoast-seo-wordpress\/ -->\n<title>El Gato DJ - Mueve La Colita - El Pum Pat\u00e0 - Ala Bianca Group<\/title>\n<meta name=\"description\" content=\"Leggi El Gato DJ - Mueve La Colita - El Pum Pat\u00e0 su Ala Bianca Group Editore e produttore discografico a Modena\" \/>\n<meta name=\"robots\" content=\"index, follow, max-snippet:-1, max-image-preview:large, max-video-preview:-1\" \/>\n<link rel=\"canonical\" href=\"https:\/\/www.alabianca.it\/it\/notizie\/el-gato-dj-mueve-la-colita-el-pum-pata\/\" \/>\n<meta property=\"og:locale\" content=\"it_IT\" \/>\n<meta property=\"og:type\" content=\"article\" \/>\n<meta property=\"og:title\" content=\"El Gato DJ - Mueve La Colita - El Pum Pat\u00e0 - Ala Bianca Group\" \/>\n<meta property=\"og:description\" content=\"Leggi El Gato DJ - Mueve La Colita - El Pum Pat\u00e0 su Ala Bianca Group Editore e produttore discografico a Modena\" \/>\n<meta property=\"og:url\" content=\"https:\/\/www.alabianca.it\/it\/notizie\/el-gato-dj-mueve-la-colita-el-pum-pata\/\" \/>\n<meta property=\"og:site_name\" content=\"Ala Bianca Group\" \/>\n<meta property=\"article:published_time\" content=\"2013-09-04T09:27:50+00:00\" \/>\n<meta property=\"article:modified_time\" content=\"2015-01-15T15:25:35+00:00\" \/>\n<meta name=\"author\" content=\"aitec\" \/>\n<meta name=\"twitter:card\" content=\"summary_large_image\" \/>\n<meta name=\"twitter:label1\" content=\"Scritto da\" \/>\n\t<meta name=\"twitter:data1\" content=\"aitec\" \/>\n\t<meta name=\"twitter:label2\" content=\"Tempo di lettura stimato\" \/>\n\t<meta name=\"twitter:data2\" content=\"3 minuti\" \/>\n<script type=\"application\/ld+json\" class=\"yoast-schema-graph\">{\"@context\":\"https:\\\/\\\/schema.org\",\"@graph\":[{\"@type\":\"Article\",\"@id\":\"https:\\\/\\\/www.alabianca.it\\\/it\\\/notizie\\\/el-gato-dj-mueve-la-colita-el-pum-pata\\\/#article\",\"isPartOf\":{\"@id\":\"https:\\\/\\\/www.alabianca.it\\\/it\\\/notizie\\\/el-gato-dj-mueve-la-colita-el-pum-pata\\\/\"},\"author\":{\"name\":\"aitec\",\"@id\":\"https:\\\/\\\/www.alabianca.it\\\/it\\\/#\\\/schema\\\/person\\\/a6198fabe5d9a71d688b3524c3baccfa\"},\"headline\":\"El Gato DJ &#8211; Mueve La Colita &#8211; El Pum Pat\u00e0\",\"datePublished\":\"2013-09-04T09:27:50+00:00\",\"dateModified\":\"2015-01-15T15:25:35+00:00\",\"mainEntityOfPage\":{\"@id\":\"https:\\\/\\\/www.alabianca.it\\\/it\\\/notizie\\\/el-gato-dj-mueve-la-colita-el-pum-pata\\\/\"},\"wordCount\":556,\"publisher\":{\"@id\":\"https:\\\/\\\/www.alabianca.it\\\/it\\\/#organization\"},\"articleSection\":[\"Notizie\"],\"inLanguage\":\"it-IT\"},{\"@type\":\"WebPage\",\"@id\":\"https:\\\/\\\/www.alabianca.it\\\/it\\\/notizie\\\/el-gato-dj-mueve-la-colita-el-pum-pata\\\/\",\"url\":\"https:\\\/\\\/www.alabianca.it\\\/it\\\/notizie\\\/el-gato-dj-mueve-la-colita-el-pum-pata\\\/\",\"name\":\"El Gato DJ - Mueve La Colita - El Pum Pat\u00e0 - Ala Bianca Group\",\"isPartOf\":{\"@id\":\"https:\\\/\\\/www.alabianca.it\\\/it\\\/#website\"},\"datePublished\":\"2013-09-04T09:27:50+00:00\",\"dateModified\":\"2015-01-15T15:25:35+00:00\",\"description\":\"Leggi El Gato DJ - Mueve La Colita - El Pum Pat\u00e0 su Ala Bianca Group Editore e produttore discografico a Modena\",\"breadcrumb\":{\"@id\":\"https:\\\/\\\/www.alabianca.it\\\/it\\\/notizie\\\/el-gato-dj-mueve-la-colita-el-pum-pata\\\/#breadcrumb\"},\"inLanguage\":\"it-IT\",\"potentialAction\":[{\"@type\":\"ReadAction\",\"target\":[\"https:\\\/\\\/www.alabianca.it\\\/it\\\/notizie\\\/el-gato-dj-mueve-la-colita-el-pum-pata\\\/\"]}]},{\"@type\":\"BreadcrumbList\",\"@id\":\"https:\\\/\\\/www.alabianca.it\\\/it\\\/notizie\\\/el-gato-dj-mueve-la-colita-el-pum-pata\\\/#breadcrumb\",\"itemListElement\":[{\"@type\":\"ListItem\",\"position\":1,\"name\":\"Home\",\"item\":\"https:\\\/\\\/www.alabianca.it\\\/it\\\/\"},{\"@type\":\"ListItem\",\"position\":2,\"name\":\"El Gato DJ &#8211; Mueve La Colita &#8211; El Pum Pat\u00e0\"}]},{\"@type\":\"WebSite\",\"@id\":\"https:\\\/\\\/www.alabianca.it\\\/it\\\/#website\",\"url\":\"https:\\\/\\\/www.alabianca.it\\\/it\\\/\",\"name\":\"Ala Bianca Group\",\"description\":\"Editore e produttore discografico\",\"publisher\":{\"@id\":\"https:\\\/\\\/www.alabianca.it\\\/it\\\/#organization\"},\"potentialAction\":[{\"@type\":\"SearchAction\",\"target\":{\"@type\":\"EntryPoint\",\"urlTemplate\":\"https:\\\/\\\/www.alabianca.it\\\/it\\\/?s={search_term_string}\"},\"query-input\":{\"@type\":\"PropertyValueSpecification\",\"valueRequired\":true,\"valueName\":\"search_term_string\"}}],\"inLanguage\":\"it-IT\"},{\"@type\":\"Organization\",\"@id\":\"https:\\\/\\\/www.alabianca.it\\\/it\\\/#organization\",\"name\":\"Alabianca Group S.r.l.\",\"url\":\"https:\\\/\\\/www.alabianca.it\\\/it\\\/\",\"logo\":{\"@type\":\"ImageObject\",\"inLanguage\":\"it-IT\",\"@id\":\"https:\\\/\\\/www.alabianca.it\\\/it\\\/#\\\/schema\\\/logo\\\/image\\\/\",\"url\":\"https:\\\/\\\/www.alabianca.it\\\/wp-content\\\/uploads\\\/2018\\\/01\\\/alabianca-records-logo-2018-h-3.png\",\"contentUrl\":\"https:\\\/\\\/www.alabianca.it\\\/wp-content\\\/uploads\\\/2018\\\/01\\\/alabianca-records-logo-2018-h-3.png\",\"width\":345,\"height\":133,\"caption\":\"Alabianca Group S.r.l.\"},\"image\":{\"@id\":\"https:\\\/\\\/www.alabianca.it\\\/it\\\/#\\\/schema\\\/logo\\\/image\\\/\"}},{\"@type\":\"Person\",\"@id\":\"https:\\\/\\\/www.alabianca.it\\\/it\\\/#\\\/schema\\\/person\\\/a6198fabe5d9a71d688b3524c3baccfa\",\"name\":\"aitec\",\"url\":\"https:\\\/\\\/www.alabianca.it\\\/it\\\/author\\\/aitec\\\/\"}]}<\/script>\n<!-- \/ Yoast SEO plugin. -->","yoast_head_json":{"title":"El Gato DJ - Mueve La Colita - El Pum Pat\u00e0 - Ala Bianca Group","description":"Leggi El Gato DJ - Mueve La Colita - El Pum Pat\u00e0 su Ala Bianca Group Editore e produttore discografico a Modena","robots":{"index":"index","follow":"follow","max-snippet":"max-snippet:-1","max-image-preview":"max-image-preview:large","max-video-preview":"max-video-preview:-1"},"canonical":"https:\/\/www.alabianca.it\/it\/notizie\/el-gato-dj-mueve-la-colita-el-pum-pata\/","og_locale":"it_IT","og_type":"article","og_title":"El Gato DJ - Mueve La Colita - El Pum Pat\u00e0 - Ala Bianca Group","og_description":"Leggi El Gato DJ - Mueve La Colita - El Pum Pat\u00e0 su Ala Bianca Group Editore e produttore discografico a Modena","og_url":"https:\/\/www.alabianca.it\/it\/notizie\/el-gato-dj-mueve-la-colita-el-pum-pata\/","og_site_name":"Ala Bianca Group","article_published_time":"2013-09-04T09:27:50+00:00","article_modified_time":"2015-01-15T15:25:35+00:00","author":"aitec","twitter_card":"summary_large_image","twitter_misc":{"Scritto da":"aitec","Tempo di lettura stimato":"3 minuti"},"schema":{"@context":"https:\/\/schema.org","@graph":[{"@type":"Article","@id":"https:\/\/www.alabianca.it\/it\/notizie\/el-gato-dj-mueve-la-colita-el-pum-pata\/#article","isPartOf":{"@id":"https:\/\/www.alabianca.it\/it\/notizie\/el-gato-dj-mueve-la-colita-el-pum-pata\/"},"author":{"name":"aitec","@id":"https:\/\/www.alabianca.it\/it\/#\/schema\/person\/a6198fabe5d9a71d688b3524c3baccfa"},"headline":"El Gato DJ &#8211; Mueve La Colita &#8211; El Pum Pat\u00e0","datePublished":"2013-09-04T09:27:50+00:00","dateModified":"2015-01-15T15:25:35+00:00","mainEntityOfPage":{"@id":"https:\/\/www.alabianca.it\/it\/notizie\/el-gato-dj-mueve-la-colita-el-pum-pata\/"},"wordCount":556,"publisher":{"@id":"https:\/\/www.alabianca.it\/it\/#organization"},"articleSection":["Notizie"],"inLanguage":"it-IT"},{"@type":"WebPage","@id":"https:\/\/www.alabianca.it\/it\/notizie\/el-gato-dj-mueve-la-colita-el-pum-pata\/","url":"https:\/\/www.alabianca.it\/it\/notizie\/el-gato-dj-mueve-la-colita-el-pum-pata\/","name":"El Gato DJ - Mueve La Colita - El Pum Pat\u00e0 - Ala Bianca Group","isPartOf":{"@id":"https:\/\/www.alabianca.it\/it\/#website"},"datePublished":"2013-09-04T09:27:50+00:00","dateModified":"2015-01-15T15:25:35+00:00","description":"Leggi El Gato DJ - Mueve La Colita - El Pum Pat\u00e0 su Ala Bianca Group Editore e produttore discografico a Modena","breadcrumb":{"@id":"https:\/\/www.alabianca.it\/it\/notizie\/el-gato-dj-mueve-la-colita-el-pum-pata\/#breadcrumb"},"inLanguage":"it-IT","potentialAction":[{"@type":"ReadAction","target":["https:\/\/www.alabianca.it\/it\/notizie\/el-gato-dj-mueve-la-colita-el-pum-pata\/"]}]},{"@type":"BreadcrumbList","@id":"https:\/\/www.alabianca.it\/it\/notizie\/el-gato-dj-mueve-la-colita-el-pum-pata\/#breadcrumb","itemListElement":[{"@type":"ListItem","position":1,"name":"Home","item":"https:\/\/www.alabianca.it\/it\/"},{"@type":"ListItem","position":2,"name":"El Gato DJ &#8211; Mueve La Colita &#8211; El Pum Pat\u00e0"}]},{"@type":"WebSite","@id":"https:\/\/www.alabianca.it\/it\/#website","url":"https:\/\/www.alabianca.it\/it\/","name":"Ala Bianca Group","description":"Editore e produttore discografico","publisher":{"@id":"https:\/\/www.alabianca.it\/it\/#organization"},"potentialAction":[{"@type":"SearchAction","target":{"@type":"EntryPoint","urlTemplate":"https:\/\/www.alabianca.it\/it\/?s={search_term_string}"},"query-input":{"@type":"PropertyValueSpecification","valueRequired":true,"valueName":"search_term_string"}}],"inLanguage":"it-IT"},{"@type":"Organization","@id":"https:\/\/www.alabianca.it\/it\/#organization","name":"Alabianca Group S.r.l.","url":"https:\/\/www.alabianca.it\/it\/","logo":{"@type":"ImageObject","inLanguage":"it-IT","@id":"https:\/\/www.alabianca.it\/it\/#\/schema\/logo\/image\/","url":"https:\/\/www.alabianca.it\/wp-content\/uploads\/2018\/01\/alabianca-records-logo-2018-h-3.png","contentUrl":"https:\/\/www.alabianca.it\/wp-content\/uploads\/2018\/01\/alabianca-records-logo-2018-h-3.png","width":345,"height":133,"caption":"Alabianca Group S.r.l."},"image":{"@id":"https:\/\/www.alabianca.it\/it\/#\/schema\/logo\/image\/"}},{"@type":"Person","@id":"https:\/\/www.alabianca.it\/it\/#\/schema\/person\/a6198fabe5d9a71d688b3524c3baccfa","name":"aitec","url":"https:\/\/www.alabianca.it\/it\/author\/aitec\/"}]}},"_links":{"self":[{"href":"https:\/\/www.alabianca.it\/it\/wp-json\/wp\/v2\/posts\/112","targetHints":{"allow":["GET"]}}],"collection":[{"href":"https:\/\/www.alabianca.it\/it\/wp-json\/wp\/v2\/posts"}],"about":[{"href":"https:\/\/www.alabianca.it\/it\/wp-json\/wp\/v2\/types\/post"}],"author":[{"embeddable":true,"href":"https:\/\/www.alabianca.it\/it\/wp-json\/wp\/v2\/users\/1"}],"replies":[{"embeddable":true,"href":"https:\/\/www.alabianca.it\/it\/wp-json\/wp\/v2\/comments?post=112"}],"version-history":[{"count":1,"href":"https:\/\/www.alabianca.it\/it\/wp-json\/wp\/v2\/posts\/112\/revisions"}],"predecessor-version":[{"id":186,"href":"https:\/\/www.alabianca.it\/it\/wp-json\/wp\/v2\/posts\/112\/revisions\/186"}],"wp:attachment":[{"href":"https:\/\/www.alabianca.it\/it\/wp-json\/wp\/v2\/media?parent=112"}],"wp:term":[{"taxonomy":"category","embeddable":true,"href":"https:\/\/www.alabianca.it\/it\/wp-json\/wp\/v2\/categories?post=112"},{"taxonomy":"post_tag","embeddable":true,"href":"https:\/\/www.alabianca.it\/it\/wp-json\/wp\/v2\/tags?post=112"}],"curies":[{"name":"wp","href":"https:\/\/api.w.org\/{rel}","templated":true}]}}