{"id":142,"date":"2015-01-13T14:31:12","date_gmt":"2015-01-13T14:31:12","guid":{"rendered":"https:\/\/www.alabianca.it\/?p=142"},"modified":"2015-03-26T11:10:14","modified_gmt":"2015-03-26T11:10:14","slug":"gianni-maroccolo-e-claudio-rocchi-vdb23nulla-e-andato-perso","status":"publish","type":"post","link":"https:\/\/www.alabianca.it\/it\/notizie\/gianni-maroccolo-e-claudio-rocchi-vdb23nulla-e-andato-perso\/","title":{"rendered":"Gianni Maroccolo e Claudio Rocchi &#8211; Vdb23\/nulla \u00e8 andato perso"},"content":{"rendered":"<p><strong>Esce il 13 gennaio\u00a0 \u201cVdb23\/nulla \u00e8 andato perso\u201d, l\u2019album di Gianni Maroccolo E Claudio Rocchi per Alkemi\/Ala Bianca-distr.Warner<\/strong><\/p>\n<p>&nbsp;<\/p>\n<p>&nbsp;<\/p>\n<p>Preceduto dall&#8217;uscita del singolo inedito <strong>\u201cEri altro da me\u201d<\/strong>,\u00a0 e dal video di &#8220;Torna Con Me&#8221; esce <strong>\u201cVdb23\/nulla \u00e8 andato perso\u201d<\/strong> di\u00a0<strong>Gianni Maroccolo<\/strong> e\u00a0<strong>Claudio Rocchi<\/strong>.<\/p>\n<p><strong>\u201cVdb23\/nulla \u00e8 andato perso\u201d<\/strong> esce nei negozi dopo una prima pubblicazione limitata nel 2013, prodotta grazie al crowdfunding ed \u00e8 un progetto davvero speciale sia per il grande valore artistico sia perch\u00e8 \u00e8 l\u2019ultimo disco a cui ha lavorato Rocchi scomparso nell\u2019estate del 2013. E ascoltandolo non si pu\u00f2 non rimanere colpiti dall\u2019inevitabile valore testamentario delle canzoni scritte e cantate da Claudio. Parole che guardano in faccia la morte con la luce che ha sempre illuminato la sua poetica, cantate con tutta la forza possibile in una fase gi\u00e0 di grande sofferenza, e che trovano perfetto completamento nell\u2019architettura sonora levata da Gianni, spigolosa e battagliera, intensa nell\u2019intimo di un tessuto rock intriso di trame psichedeliche ma mobile nel suo regno in territori tra wave, elettronica e industrial.<\/p>\n<p>Un disco poi che segna una pietra miliare nel lavoro solista di Gianni, che in accordo con i contributori del crowdfunding iniziale ora lo rende disponibile a tutti, e che arriva sopra ogni altra cosa come una viscerale espressione di qualit\u00e0 e serenit\u00e0.<\/p>\n<p style=\"text-align: justify;\"><em><br \/>\n<a title=\"Vdb23\/Nulla \u00e8 andato perso\" href=\"http:\/\/www.alabianca.it\/store\/al-kemi-records\/vdb23nulla-e-andato-perso\/\" target=\"_blank\">Vai al disco nel nostro store<\/a><br \/>\n<\/em><\/p>\n","protected":false},"excerpt":{"rendered":"<p>Esce il 13 gennaio  \u201cVdb23\/nulla \u00e8 andato perso\u201d, l\u2019album di Gianni Maroccolo E Claudio Rocchi per Alkemi\/Ala Bianca-distr.Warner<br \/>\nPreceduto dall&#8217;uscita del singolo inedito \u201cEri altro da me\u201d,  e dal video di &#8220;Torna Con Me&#8221; esce \u201cVdb23\/nulla \u00e8 andato perso\u201d di Gianni Maroccolo e Claudio Rocchi.<\/p>\n","protected":false},"author":1,"featured_media":2367,"comment_status":"closed","ping_status":"closed","sticky":false,"template":"","format":"standard","meta":{"_acf_changed":false,"footnotes":""},"categories":[15,7],"tags":[],"class_list":["post-142","post","type-post","status-publish","format-standard","has-post-thumbnail","hentry","category-nuovo-disco","category-notizie"],"acf":[],"yoast_head":"<!-- This site is optimized with the Yoast SEO plugin v27.5 - https:\/\/yoast.com\/product\/yoast-seo-wordpress\/ -->\n<title>Gianni Maroccolo e Claudio Rocchi - Vdb23\/nulla \u00e8 andato perso - Ala Bianca Group<\/title>\n<meta name=\"description\" content=\"Leggi Gianni Maroccolo e Claudio Rocchi - Vdb23\/nulla \u00e8 andato perso su Ala Bianca Group Editore e produttore discografico a Modena\" \/>\n<meta name=\"robots\" content=\"index, follow, max-snippet:-1, max-image-preview:large, max-video-preview:-1\" \/>\n<link rel=\"canonical\" href=\"https:\/\/www.alabianca.it\/it\/notizie\/gianni-maroccolo-e-claudio-rocchi-vdb23nulla-e-andato-perso\/\" \/>\n<meta property=\"og:locale\" content=\"it_IT\" \/>\n<meta property=\"og:type\" content=\"article\" \/>\n<meta property=\"og:title\" content=\"Gianni Maroccolo e Claudio Rocchi - Vdb23\/nulla \u00e8 andato perso - Ala Bianca Group\" \/>\n<meta property=\"og:description\" content=\"Leggi Gianni Maroccolo e Claudio Rocchi - Vdb23\/nulla \u00e8 andato perso su Ala Bianca Group Editore e produttore discografico a Modena\" \/>\n<meta property=\"og:url\" content=\"https:\/\/www.alabianca.it\/it\/notizie\/gianni-maroccolo-e-claudio-rocchi-vdb23nulla-e-andato-perso\/\" \/>\n<meta property=\"og:site_name\" content=\"Ala Bianca Group\" \/>\n<meta property=\"article:published_time\" content=\"2015-01-13T14:31:12+00:00\" \/>\n<meta property=\"article:modified_time\" content=\"2015-03-26T11:10:14+00:00\" \/>\n<meta property=\"og:image\" content=\"https:\/\/www.alabianca.it\/wp-content\/uploads\/2015\/01\/nullaandatoperso.jpg\" \/>\n\t<meta property=\"og:image:width\" content=\"655\" \/>\n\t<meta property=\"og:image:height\" content=\"655\" \/>\n\t<meta property=\"og:image:type\" content=\"image\/jpeg\" \/>\n<meta name=\"author\" content=\"aitec\" \/>\n<meta name=\"twitter:card\" content=\"summary_large_image\" \/>\n<meta name=\"twitter:label1\" content=\"Scritto da\" \/>\n\t<meta name=\"twitter:data1\" content=\"aitec\" \/>\n\t<meta name=\"twitter:label2\" content=\"Tempo di lettura stimato\" \/>\n\t<meta name=\"twitter:data2\" content=\"1 minuto\" \/>\n<script type=\"application\/ld+json\" class=\"yoast-schema-graph\">{\"@context\":\"https:\\\/\\\/schema.org\",\"@graph\":[{\"@type\":\"Article\",\"@id\":\"https:\\\/\\\/www.alabianca.it\\\/it\\\/notizie\\\/gianni-maroccolo-e-claudio-rocchi-vdb23nulla-e-andato-perso\\\/#article\",\"isPartOf\":{\"@id\":\"https:\\\/\\\/www.alabianca.it\\\/it\\\/notizie\\\/gianni-maroccolo-e-claudio-rocchi-vdb23nulla-e-andato-perso\\\/\"},\"author\":{\"name\":\"aitec\",\"@id\":\"https:\\\/\\\/www.alabianca.it\\\/it\\\/#\\\/schema\\\/person\\\/a6198fabe5d9a71d688b3524c3baccfa\"},\"headline\":\"Gianni Maroccolo e Claudio Rocchi &#8211; Vdb23\\\/nulla \u00e8 andato perso\",\"datePublished\":\"2015-01-13T14:31:12+00:00\",\"dateModified\":\"2015-03-26T11:10:14+00:00\",\"mainEntityOfPage\":{\"@id\":\"https:\\\/\\\/www.alabianca.it\\\/it\\\/notizie\\\/gianni-maroccolo-e-claudio-rocchi-vdb23nulla-e-andato-perso\\\/\"},\"wordCount\":237,\"publisher\":{\"@id\":\"https:\\\/\\\/www.alabianca.it\\\/it\\\/#organization\"},\"image\":{\"@id\":\"https:\\\/\\\/www.alabianca.it\\\/it\\\/notizie\\\/gianni-maroccolo-e-claudio-rocchi-vdb23nulla-e-andato-perso\\\/#primaryimage\"},\"thumbnailUrl\":\"https:\\\/\\\/www.alabianca.it\\\/wp-content\\\/uploads\\\/2015\\\/01\\\/nullaandatoperso.jpg\",\"articleSection\":[\"Il Nuovo disco\",\"Notizie\"],\"inLanguage\":\"it-IT\"},{\"@type\":\"WebPage\",\"@id\":\"https:\\\/\\\/www.alabianca.it\\\/it\\\/notizie\\\/gianni-maroccolo-e-claudio-rocchi-vdb23nulla-e-andato-perso\\\/\",\"url\":\"https:\\\/\\\/www.alabianca.it\\\/it\\\/notizie\\\/gianni-maroccolo-e-claudio-rocchi-vdb23nulla-e-andato-perso\\\/\",\"name\":\"Gianni Maroccolo e Claudio Rocchi - Vdb23\\\/nulla \u00e8 andato perso - Ala Bianca Group\",\"isPartOf\":{\"@id\":\"https:\\\/\\\/www.alabianca.it\\\/it\\\/#website\"},\"primaryImageOfPage\":{\"@id\":\"https:\\\/\\\/www.alabianca.it\\\/it\\\/notizie\\\/gianni-maroccolo-e-claudio-rocchi-vdb23nulla-e-andato-perso\\\/#primaryimage\"},\"image\":{\"@id\":\"https:\\\/\\\/www.alabianca.it\\\/it\\\/notizie\\\/gianni-maroccolo-e-claudio-rocchi-vdb23nulla-e-andato-perso\\\/#primaryimage\"},\"thumbnailUrl\":\"https:\\\/\\\/www.alabianca.it\\\/wp-content\\\/uploads\\\/2015\\\/01\\\/nullaandatoperso.jpg\",\"datePublished\":\"2015-01-13T14:31:12+00:00\",\"dateModified\":\"2015-03-26T11:10:14+00:00\",\"description\":\"Leggi Gianni Maroccolo e Claudio Rocchi - Vdb23\\\/nulla \u00e8 andato perso su Ala Bianca Group Editore e produttore discografico a Modena\",\"breadcrumb\":{\"@id\":\"https:\\\/\\\/www.alabianca.it\\\/it\\\/notizie\\\/gianni-maroccolo-e-claudio-rocchi-vdb23nulla-e-andato-perso\\\/#breadcrumb\"},\"inLanguage\":\"it-IT\",\"potentialAction\":[{\"@type\":\"ReadAction\",\"target\":[\"https:\\\/\\\/www.alabianca.it\\\/it\\\/notizie\\\/gianni-maroccolo-e-claudio-rocchi-vdb23nulla-e-andato-perso\\\/\"]}]},{\"@type\":\"ImageObject\",\"inLanguage\":\"it-IT\",\"@id\":\"https:\\\/\\\/www.alabianca.it\\\/it\\\/notizie\\\/gianni-maroccolo-e-claudio-rocchi-vdb23nulla-e-andato-perso\\\/#primaryimage\",\"url\":\"https:\\\/\\\/www.alabianca.it\\\/wp-content\\\/uploads\\\/2015\\\/01\\\/nullaandatoperso.jpg\",\"contentUrl\":\"https:\\\/\\\/www.alabianca.it\\\/wp-content\\\/uploads\\\/2015\\\/01\\\/nullaandatoperso.jpg\",\"width\":655,\"height\":655,\"caption\":\"civer Vdb23\\\/Nulla \u00e8 andato perso\"},{\"@type\":\"BreadcrumbList\",\"@id\":\"https:\\\/\\\/www.alabianca.it\\\/it\\\/notizie\\\/gianni-maroccolo-e-claudio-rocchi-vdb23nulla-e-andato-perso\\\/#breadcrumb\",\"itemListElement\":[{\"@type\":\"ListItem\",\"position\":1,\"name\":\"Home\",\"item\":\"https:\\\/\\\/www.alabianca.it\\\/it\\\/\"},{\"@type\":\"ListItem\",\"position\":2,\"name\":\"Gianni Maroccolo e Claudio Rocchi &#8211; Vdb23\\\/nulla \u00e8 andato perso\"}]},{\"@type\":\"WebSite\",\"@id\":\"https:\\\/\\\/www.alabianca.it\\\/it\\\/#website\",\"url\":\"https:\\\/\\\/www.alabianca.it\\\/it\\\/\",\"name\":\"Ala Bianca Group\",\"description\":\"Editore e produttore discografico\",\"publisher\":{\"@id\":\"https:\\\/\\\/www.alabianca.it\\\/it\\\/#organization\"},\"potentialAction\":[{\"@type\":\"SearchAction\",\"target\":{\"@type\":\"EntryPoint\",\"urlTemplate\":\"https:\\\/\\\/www.alabianca.it\\\/it\\\/?s={search_term_string}\"},\"query-input\":{\"@type\":\"PropertyValueSpecification\",\"valueRequired\":true,\"valueName\":\"search_term_string\"}}],\"inLanguage\":\"it-IT\"},{\"@type\":\"Organization\",\"@id\":\"https:\\\/\\\/www.alabianca.it\\\/it\\\/#organization\",\"name\":\"Alabianca Group S.r.l.\",\"url\":\"https:\\\/\\\/www.alabianca.it\\\/it\\\/\",\"logo\":{\"@type\":\"ImageObject\",\"inLanguage\":\"it-IT\",\"@id\":\"https:\\\/\\\/www.alabianca.it\\\/it\\\/#\\\/schema\\\/logo\\\/image\\\/\",\"url\":\"https:\\\/\\\/www.alabianca.it\\\/wp-content\\\/uploads\\\/2018\\\/01\\\/alabianca-records-logo-2018-h-3.png\",\"contentUrl\":\"https:\\\/\\\/www.alabianca.it\\\/wp-content\\\/uploads\\\/2018\\\/01\\\/alabianca-records-logo-2018-h-3.png\",\"width\":345,\"height\":133,\"caption\":\"Alabianca Group S.r.l.\"},\"image\":{\"@id\":\"https:\\\/\\\/www.alabianca.it\\\/it\\\/#\\\/schema\\\/logo\\\/image\\\/\"}},{\"@type\":\"Person\",\"@id\":\"https:\\\/\\\/www.alabianca.it\\\/it\\\/#\\\/schema\\\/person\\\/a6198fabe5d9a71d688b3524c3baccfa\",\"name\":\"aitec\",\"url\":\"https:\\\/\\\/www.alabianca.it\\\/it\\\/author\\\/aitec\\\/\"}]}<\/script>\n<!-- \/ Yoast SEO plugin. -->","yoast_head_json":{"title":"Gianni Maroccolo e Claudio Rocchi - Vdb23\/nulla \u00e8 andato perso - Ala Bianca Group","description":"Leggi Gianni Maroccolo e Claudio Rocchi - Vdb23\/nulla \u00e8 andato perso su Ala Bianca Group Editore e produttore discografico a Modena","robots":{"index":"index","follow":"follow","max-snippet":"max-snippet:-1","max-image-preview":"max-image-preview:large","max-video-preview":"max-video-preview:-1"},"canonical":"https:\/\/www.alabianca.it\/it\/notizie\/gianni-maroccolo-e-claudio-rocchi-vdb23nulla-e-andato-perso\/","og_locale":"it_IT","og_type":"article","og_title":"Gianni Maroccolo e Claudio Rocchi - Vdb23\/nulla \u00e8 andato perso - Ala Bianca Group","og_description":"Leggi Gianni Maroccolo e Claudio Rocchi - Vdb23\/nulla \u00e8 andato perso su Ala Bianca Group Editore e produttore discografico a Modena","og_url":"https:\/\/www.alabianca.it\/it\/notizie\/gianni-maroccolo-e-claudio-rocchi-vdb23nulla-e-andato-perso\/","og_site_name":"Ala Bianca Group","article_published_time":"2015-01-13T14:31:12+00:00","article_modified_time":"2015-03-26T11:10:14+00:00","og_image":[{"width":655,"height":655,"url":"https:\/\/www.alabianca.it\/wp-content\/uploads\/2015\/01\/nullaandatoperso.jpg","type":"image\/jpeg"}],"author":"aitec","twitter_card":"summary_large_image","twitter_misc":{"Scritto da":"aitec","Tempo di lettura stimato":"1 minuto"},"schema":{"@context":"https:\/\/schema.org","@graph":[{"@type":"Article","@id":"https:\/\/www.alabianca.it\/it\/notizie\/gianni-maroccolo-e-claudio-rocchi-vdb23nulla-e-andato-perso\/#article","isPartOf":{"@id":"https:\/\/www.alabianca.it\/it\/notizie\/gianni-maroccolo-e-claudio-rocchi-vdb23nulla-e-andato-perso\/"},"author":{"name":"aitec","@id":"https:\/\/www.alabianca.it\/it\/#\/schema\/person\/a6198fabe5d9a71d688b3524c3baccfa"},"headline":"Gianni Maroccolo e Claudio Rocchi &#8211; Vdb23\/nulla \u00e8 andato perso","datePublished":"2015-01-13T14:31:12+00:00","dateModified":"2015-03-26T11:10:14+00:00","mainEntityOfPage":{"@id":"https:\/\/www.alabianca.it\/it\/notizie\/gianni-maroccolo-e-claudio-rocchi-vdb23nulla-e-andato-perso\/"},"wordCount":237,"publisher":{"@id":"https:\/\/www.alabianca.it\/it\/#organization"},"image":{"@id":"https:\/\/www.alabianca.it\/it\/notizie\/gianni-maroccolo-e-claudio-rocchi-vdb23nulla-e-andato-perso\/#primaryimage"},"thumbnailUrl":"https:\/\/www.alabianca.it\/wp-content\/uploads\/2015\/01\/nullaandatoperso.jpg","articleSection":["Il Nuovo disco","Notizie"],"inLanguage":"it-IT"},{"@type":"WebPage","@id":"https:\/\/www.alabianca.it\/it\/notizie\/gianni-maroccolo-e-claudio-rocchi-vdb23nulla-e-andato-perso\/","url":"https:\/\/www.alabianca.it\/it\/notizie\/gianni-maroccolo-e-claudio-rocchi-vdb23nulla-e-andato-perso\/","name":"Gianni Maroccolo e Claudio Rocchi - Vdb23\/nulla \u00e8 andato perso - Ala Bianca Group","isPartOf":{"@id":"https:\/\/www.alabianca.it\/it\/#website"},"primaryImageOfPage":{"@id":"https:\/\/www.alabianca.it\/it\/notizie\/gianni-maroccolo-e-claudio-rocchi-vdb23nulla-e-andato-perso\/#primaryimage"},"image":{"@id":"https:\/\/www.alabianca.it\/it\/notizie\/gianni-maroccolo-e-claudio-rocchi-vdb23nulla-e-andato-perso\/#primaryimage"},"thumbnailUrl":"https:\/\/www.alabianca.it\/wp-content\/uploads\/2015\/01\/nullaandatoperso.jpg","datePublished":"2015-01-13T14:31:12+00:00","dateModified":"2015-03-26T11:10:14+00:00","description":"Leggi Gianni Maroccolo e Claudio Rocchi - Vdb23\/nulla \u00e8 andato perso su Ala Bianca Group Editore e produttore discografico a Modena","breadcrumb":{"@id":"https:\/\/www.alabianca.it\/it\/notizie\/gianni-maroccolo-e-claudio-rocchi-vdb23nulla-e-andato-perso\/#breadcrumb"},"inLanguage":"it-IT","potentialAction":[{"@type":"ReadAction","target":["https:\/\/www.alabianca.it\/it\/notizie\/gianni-maroccolo-e-claudio-rocchi-vdb23nulla-e-andato-perso\/"]}]},{"@type":"ImageObject","inLanguage":"it-IT","@id":"https:\/\/www.alabianca.it\/it\/notizie\/gianni-maroccolo-e-claudio-rocchi-vdb23nulla-e-andato-perso\/#primaryimage","url":"https:\/\/www.alabianca.it\/wp-content\/uploads\/2015\/01\/nullaandatoperso.jpg","contentUrl":"https:\/\/www.alabianca.it\/wp-content\/uploads\/2015\/01\/nullaandatoperso.jpg","width":655,"height":655,"caption":"civer Vdb23\/Nulla \u00e8 andato perso"},{"@type":"BreadcrumbList","@id":"https:\/\/www.alabianca.it\/it\/notizie\/gianni-maroccolo-e-claudio-rocchi-vdb23nulla-e-andato-perso\/#breadcrumb","itemListElement":[{"@type":"ListItem","position":1,"name":"Home","item":"https:\/\/www.alabianca.it\/it\/"},{"@type":"ListItem","position":2,"name":"Gianni Maroccolo e Claudio Rocchi &#8211; Vdb23\/nulla \u00e8 andato perso"}]},{"@type":"WebSite","@id":"https:\/\/www.alabianca.it\/it\/#website","url":"https:\/\/www.alabianca.it\/it\/","name":"Ala Bianca Group","description":"Editore e produttore discografico","publisher":{"@id":"https:\/\/www.alabianca.it\/it\/#organization"},"potentialAction":[{"@type":"SearchAction","target":{"@type":"EntryPoint","urlTemplate":"https:\/\/www.alabianca.it\/it\/?s={search_term_string}"},"query-input":{"@type":"PropertyValueSpecification","valueRequired":true,"valueName":"search_term_string"}}],"inLanguage":"it-IT"},{"@type":"Organization","@id":"https:\/\/www.alabianca.it\/it\/#organization","name":"Alabianca Group S.r.l.","url":"https:\/\/www.alabianca.it\/it\/","logo":{"@type":"ImageObject","inLanguage":"it-IT","@id":"https:\/\/www.alabianca.it\/it\/#\/schema\/logo\/image\/","url":"https:\/\/www.alabianca.it\/wp-content\/uploads\/2018\/01\/alabianca-records-logo-2018-h-3.png","contentUrl":"https:\/\/www.alabianca.it\/wp-content\/uploads\/2018\/01\/alabianca-records-logo-2018-h-3.png","width":345,"height":133,"caption":"Alabianca Group S.r.l."},"image":{"@id":"https:\/\/www.alabianca.it\/it\/#\/schema\/logo\/image\/"}},{"@type":"Person","@id":"https:\/\/www.alabianca.it\/it\/#\/schema\/person\/a6198fabe5d9a71d688b3524c3baccfa","name":"aitec","url":"https:\/\/www.alabianca.it\/it\/author\/aitec\/"}]}},"_links":{"self":[{"href":"https:\/\/www.alabianca.it\/it\/wp-json\/wp\/v2\/posts\/142","targetHints":{"allow":["GET"]}}],"collection":[{"href":"https:\/\/www.alabianca.it\/it\/wp-json\/wp\/v2\/posts"}],"about":[{"href":"https:\/\/www.alabianca.it\/it\/wp-json\/wp\/v2\/types\/post"}],"author":[{"embeddable":true,"href":"https:\/\/www.alabianca.it\/it\/wp-json\/wp\/v2\/users\/1"}],"replies":[{"embeddable":true,"href":"https:\/\/www.alabianca.it\/it\/wp-json\/wp\/v2\/comments?post=142"}],"version-history":[{"count":4,"href":"https:\/\/www.alabianca.it\/it\/wp-json\/wp\/v2\/posts\/142\/revisions"}],"predecessor-version":[{"id":2533,"href":"https:\/\/www.alabianca.it\/it\/wp-json\/wp\/v2\/posts\/142\/revisions\/2533"}],"wp:featuredmedia":[{"embeddable":true,"href":"https:\/\/www.alabianca.it\/it\/wp-json\/wp\/v2\/media\/2367"}],"wp:attachment":[{"href":"https:\/\/www.alabianca.it\/it\/wp-json\/wp\/v2\/media?parent=142"}],"wp:term":[{"taxonomy":"category","embeddable":true,"href":"https:\/\/www.alabianca.it\/it\/wp-json\/wp\/v2\/categories?post=142"},{"taxonomy":"post_tag","embeddable":true,"href":"https:\/\/www.alabianca.it\/it\/wp-json\/wp\/v2\/tags?post=142"}],"curies":[{"name":"wp","href":"https:\/\/api.w.org\/{rel}","templated":true}]}}