{"id":17640,"date":"2020-09-07T08:30:14","date_gmt":"2020-09-07T08:30:14","guid":{"rendered":"https:\/\/www.alabianca.it\/?p=17640"},"modified":"2020-09-07T08:30:14","modified_gmt":"2020-09-07T08:30:14","slug":"marina-rei-live-a-roma-per-festeggiare-25-anni-di-carriera","status":"publish","type":"post","link":"https:\/\/www.alabianca.it\/it\/notizie\/marina-rei-live-a-roma-per-festeggiare-25-anni-di-carriera\/","title":{"rendered":"Marina Rei &#8211; live a Roma per festeggiare 25 anni di carriera"},"content":{"rendered":"<div class=\"wpb-content-wrapper\"><p>[vc_row][vc_column][vc_column_text]<\/p>\n<h2><strong>Il 7 settembre Marina Rei sar\u00e0 in concerto a Roma, alla Cavea &#8211; Auditorium Parco della Musica.<\/strong><\/h2>\n<h2><strong>Sar\u00e0 un evento unico per festeggiare 25 anni di carriera con ospiti speciali <\/strong><strong>e presentare il nuovo disco di inediti \u201cPer essere felici\u201d.<\/strong><\/h2>\n<p><strong>Sul palco con Marina Rei: PAOLO BENVEGN\u00d9, CARMEN CONSOLI, RICCARDO SINIGALLIA, PIERPAOLO CAPOVILLA, MAX GAZZ\u00c8, CRISTIANO GODANO, FILIPPO GATTI E ROBERTO ANGELINI<\/strong><\/p>\n<p style=\"text-align: center;\"><a href=\"https:\/\/www.facebook.com\/events\/756254471605817\/?acontext=%7B%22source%22%3A5%2C%22action_history%22%3A[%7B%22surface%22%3A%22page%22%2C%22mechanism%22%3A%22main_list%22%2C%22extra_data%22%3A%22%5C%22[]%5C%22%22%7D]%2C%22has_source%22%3Atrue%7D\"><strong>Qui tutti i dettagli dell&#8217;evento<\/strong><\/a><\/p>\n<p>[\/vc_column_text][\/vc_column][\/vc_row][vc_row][vc_column][vc_single_image image=&#8221;17642&#8243; img_size=&#8221;large&#8221;][\/vc_column][\/vc_row][vc_row][vc_column][vc_column_text]<\/p>\n<blockquote><p><em>\u201cVorrei che il 7 settembre fosse una festa. \u00c8 questo, oggi, il mio desiderio, ed \u00e8 cos\u00ec che immagino quel giorno. Potr\u00f2 salire di nuovo su un palco, per un concerto unico, e ripercorrere 25 anni di musica in un momento in cui la musica si ascolta faticosamente, in un momento in cui la musica va ascoltata di nuovo senza paura.\u00a0<\/em><\/p>\n<p><em>Ed \u00e8 anche per questo motivo che ho voluto fortemente che un sogno diventasse realt\u00e0. Un passo avanti, per noi, che viviamo e camminiamo da sempre con la musica, per noi che vogliamo e dobbiamo ritrovare la fiducia e ricominciare a sognare. Emozionare ed emozionarci insieme a chi ci d\u00e0 la possibilit\u00e0 di farlo e a chi ci ascolta con attenzione ogni volta.\u00a0Su quel palco, con alcuni amici speciali che mi hanno accompagnato in questo lungo tempo, suoneremo e canteremo guardando avanti, per potervi incontrare ancora.\u201d<\/em><\/p>\n<p style=\"text-align: right;\">Marina Rei<\/p>\n<\/blockquote>\n<p><em>\u00a0<\/em><\/p>\n<p>Il live di Roma sar\u00e0 anche l\u2019occasione per presentare dal vivo<strong><em> \u201cPer essere felici\u201d<\/em><\/strong>, il nuovo album di inediti della musicista e cantautrice, che arriva a sei anni di distanza dal precedente lavoro <em>\u201cPareidolia\u201d<\/em> e prosegue l\u2019evoluzione stilistica di Marina Rei, frutto di scelte ben precise e di un\u2019attenzione sempre pi\u00f9 rivolta alla parola e alla cura compositiva.<\/p>\n<p>Per l\u2019occasione, Marina ha invitato molti artisti che hanno condiviso alcuni momenti importanti della sua carriera, per regalare al pubblico una serata indimenticabile.<\/p>\n<p>Sul palco con lei <strong>Paolo Benvegn\u00f9<\/strong>, <strong>Carmen Consoli<\/strong>, <strong>Riccardo Sinigallia<\/strong>, <strong>Pierpaolo Capovilla<\/strong>, <strong>Max Gazz\u00e8<\/strong>, <strong>Cristiano Godano<\/strong>, <strong>Filippo Gatti<\/strong> e <strong>Roberto Angelini<\/strong>, oltre ai suoi compagni di viaggio di una vita, <strong>Matteo Scannicchio<\/strong>, <strong>Giorgio Marina Condemi e Andrea Ruggiero<\/strong>,<strong> insieme a Pierpaolo Ranieri<\/strong>,<strong> Gabriele Lazzarotti e Marco Rovinelli<\/strong>.<\/p>\n<p>&nbsp;<\/p>\n<p style=\"text-align: center;\"><a href=\"https:\/\/open.spotify.com\/album\/4VypPvQDz57WGKS3mb0FMO?si=PJ1Wb7ndTyibakwzpxGXzQ\"><strong>ASCOLTA <em>&#8220;PER ESSERE FELICI&#8221;<\/em><\/strong><\/a><\/p>\n<p>[\/vc_column_text][\/vc_column][\/vc_row]<\/p>\n<\/div>","protected":false},"excerpt":{"rendered":"<p>[vc_row][vc_column][vc_column_text] Il 7 settembre Marina Rei sar\u00e0 in concerto a Roma, alla Cavea &#8211; Auditorium Parco della Musica. Sar\u00e0 un evento unico per festeggiare 25 anni di carriera con ospiti speciali e presentare il nuovo disco di inediti \u201cPer essere felici\u201d. Sul palco con Marina Rei: PAOLO BENVEGN\u00d9, CARMEN CONSOLI, RICCARDO SINIGALLIA, PIERPAOLO CAPOVILLA, MAX [&hellip;]<\/p>\n","protected":false},"author":65,"featured_media":17642,"comment_status":"open","ping_status":"closed","sticky":false,"template":"","format":"standard","meta":{"_acf_changed":false,"footnotes":""},"categories":[16,7],"tags":[1795,1797,1283,1796,1784,1714,1768,1733,1798,1605,1735,1782,1799],"class_list":["post-17640","post","type-post","status-publish","format-standard","has-post-thumbnail","hentry","category-artisti-dal-vivo","category-notizie","tag-auditorium","tag-benvegnu","tag-carmen-consoli","tag-cavea","tag-concerto","tag-cristiano-godano","tag-dal-vivo","tag-marina-rei","tag-max-gazze","tag-nuovo-album","tag-per-essere-felici","tag-roma","tag-sinigallia"],"acf":[],"yoast_head":"<!-- This site is optimized with the Yoast SEO plugin v27.5 - https:\/\/yoast.com\/product\/yoast-seo-wordpress\/ -->\n<title>Marina Rei - live a Roma per festeggiare 25 anni di carriera | Ala Bianca<\/title>\n<meta name=\"description\" content=\"Leggi Il 7 settembre Marina Rei sar\u00e0 in concerto a Roma, alla Cavea - Auditorium Parco della Musica con ospiti speciali su Ala Bianca Group\" \/>\n<meta name=\"robots\" content=\"index, follow, max-snippet:-1, max-image-preview:large, max-video-preview:-1\" \/>\n<link rel=\"canonical\" href=\"https:\/\/www.alabianca.it\/it\/notizie\/marina-rei-live-a-roma-per-festeggiare-25-anni-di-carriera\/\" \/>\n<meta property=\"og:locale\" content=\"it_IT\" \/>\n<meta property=\"og:type\" content=\"article\" \/>\n<meta property=\"og:title\" content=\"Marina Rei - live a Roma per festeggiare 25 anni di carriera | Ala Bianca\" \/>\n<meta property=\"og:description\" content=\"Leggi Il 7 settembre Marina Rei sar\u00e0 in concerto a Roma, alla Cavea - Auditorium Parco della Musica con ospiti speciali su Ala Bianca Group\" \/>\n<meta property=\"og:url\" content=\"https:\/\/www.alabianca.it\/it\/notizie\/marina-rei-live-a-roma-per-festeggiare-25-anni-di-carriera\/\" \/>\n<meta property=\"og:site_name\" content=\"Ala Bianca Group\" \/>\n<meta property=\"article:published_time\" content=\"2020-09-07T08:30:14+00:00\" \/>\n<meta property=\"og:image\" content=\"https:\/\/www.alabianca.it\/wp-content\/uploads\/2020\/08\/Marina-Rei_ph.-Luca-Brunetti.jpg\" \/>\n\t<meta property=\"og:image:width\" content=\"2425\" \/>\n\t<meta property=\"og:image:height\" content=\"1617\" \/>\n\t<meta property=\"og:image:type\" content=\"image\/jpeg\" \/>\n<meta name=\"author\" content=\"Irene\" \/>\n<meta name=\"twitter:card\" content=\"summary_large_image\" \/>\n<meta name=\"twitter:label1\" content=\"Scritto da\" \/>\n\t<meta name=\"twitter:data1\" content=\"Irene\" \/>\n\t<meta name=\"twitter:label2\" content=\"Tempo di lettura stimato\" \/>\n\t<meta name=\"twitter:data2\" content=\"2 minuti\" \/>\n<script type=\"application\/ld+json\" class=\"yoast-schema-graph\">{\"@context\":\"https:\\\/\\\/schema.org\",\"@graph\":[{\"@type\":\"Article\",\"@id\":\"https:\\\/\\\/www.alabianca.it\\\/it\\\/notizie\\\/marina-rei-live-a-roma-per-festeggiare-25-anni-di-carriera\\\/#article\",\"isPartOf\":{\"@id\":\"https:\\\/\\\/www.alabianca.it\\\/it\\\/notizie\\\/marina-rei-live-a-roma-per-festeggiare-25-anni-di-carriera\\\/\"},\"author\":{\"name\":\"Irene\",\"@id\":\"https:\\\/\\\/www.alabianca.it\\\/it\\\/#\\\/schema\\\/person\\\/42a393c26bf819be62e5fe5967bb8de8\"},\"headline\":\"Marina Rei &#8211; live a Roma per festeggiare 25 anni di carriera\",\"datePublished\":\"2020-09-07T08:30:14+00:00\",\"mainEntityOfPage\":{\"@id\":\"https:\\\/\\\/www.alabianca.it\\\/it\\\/notizie\\\/marina-rei-live-a-roma-per-festeggiare-25-anni-di-carriera\\\/\"},\"wordCount\":402,\"commentCount\":0,\"publisher\":{\"@id\":\"https:\\\/\\\/www.alabianca.it\\\/it\\\/#organization\"},\"image\":{\"@id\":\"https:\\\/\\\/www.alabianca.it\\\/it\\\/notizie\\\/marina-rei-live-a-roma-per-festeggiare-25-anni-di-carriera\\\/#primaryimage\"},\"thumbnailUrl\":\"https:\\\/\\\/www.alabianca.it\\\/wp-content\\\/uploads\\\/2020\\\/08\\\/Marina-Rei_ph.-Luca-Brunetti.jpg\",\"keywords\":[\"auditorium\",\"benvegn\u00f9\",\"Carmen Consoli\",\"cavea\",\"concerto\",\"cristiano godano\",\"dal vivo\",\"marina rei\",\"max gazz\u00e8\",\"nuovo album\",\"per essere felici\",\"roma\",\"sinigallia\"],\"articleSection\":[\"Gli Artisti dal Vivo\",\"Notizie\"],\"inLanguage\":\"it-IT\",\"potentialAction\":[{\"@type\":\"CommentAction\",\"name\":\"Comment\",\"target\":[\"https:\\\/\\\/www.alabianca.it\\\/it\\\/notizie\\\/marina-rei-live-a-roma-per-festeggiare-25-anni-di-carriera\\\/#respond\"]}]},{\"@type\":\"WebPage\",\"@id\":\"https:\\\/\\\/www.alabianca.it\\\/it\\\/notizie\\\/marina-rei-live-a-roma-per-festeggiare-25-anni-di-carriera\\\/\",\"url\":\"https:\\\/\\\/www.alabianca.it\\\/it\\\/notizie\\\/marina-rei-live-a-roma-per-festeggiare-25-anni-di-carriera\\\/\",\"name\":\"Marina Rei - live a Roma per festeggiare 25 anni di carriera | Ala Bianca\",\"isPartOf\":{\"@id\":\"https:\\\/\\\/www.alabianca.it\\\/it\\\/#website\"},\"primaryImageOfPage\":{\"@id\":\"https:\\\/\\\/www.alabianca.it\\\/it\\\/notizie\\\/marina-rei-live-a-roma-per-festeggiare-25-anni-di-carriera\\\/#primaryimage\"},\"image\":{\"@id\":\"https:\\\/\\\/www.alabianca.it\\\/it\\\/notizie\\\/marina-rei-live-a-roma-per-festeggiare-25-anni-di-carriera\\\/#primaryimage\"},\"thumbnailUrl\":\"https:\\\/\\\/www.alabianca.it\\\/wp-content\\\/uploads\\\/2020\\\/08\\\/Marina-Rei_ph.-Luca-Brunetti.jpg\",\"datePublished\":\"2020-09-07T08:30:14+00:00\",\"description\":\"Leggi Il 7 settembre Marina Rei sar\u00e0 in concerto a Roma, alla Cavea - Auditorium Parco della Musica con ospiti speciali su Ala Bianca Group\",\"breadcrumb\":{\"@id\":\"https:\\\/\\\/www.alabianca.it\\\/it\\\/notizie\\\/marina-rei-live-a-roma-per-festeggiare-25-anni-di-carriera\\\/#breadcrumb\"},\"inLanguage\":\"it-IT\",\"potentialAction\":[{\"@type\":\"ReadAction\",\"target\":[\"https:\\\/\\\/www.alabianca.it\\\/it\\\/notizie\\\/marina-rei-live-a-roma-per-festeggiare-25-anni-di-carriera\\\/\"]}]},{\"@type\":\"ImageObject\",\"inLanguage\":\"it-IT\",\"@id\":\"https:\\\/\\\/www.alabianca.it\\\/it\\\/notizie\\\/marina-rei-live-a-roma-per-festeggiare-25-anni-di-carriera\\\/#primaryimage\",\"url\":\"https:\\\/\\\/www.alabianca.it\\\/wp-content\\\/uploads\\\/2020\\\/08\\\/Marina-Rei_ph.-Luca-Brunetti.jpg\",\"contentUrl\":\"https:\\\/\\\/www.alabianca.it\\\/wp-content\\\/uploads\\\/2020\\\/08\\\/Marina-Rei_ph.-Luca-Brunetti.jpg\",\"width\":2425,\"height\":1617,\"caption\":\"marina rei live a roma per festeggiare 25 anni di carriera e presentare il nuovo album, \\\"per essere felici\\\"\"},{\"@type\":\"BreadcrumbList\",\"@id\":\"https:\\\/\\\/www.alabianca.it\\\/it\\\/notizie\\\/marina-rei-live-a-roma-per-festeggiare-25-anni-di-carriera\\\/#breadcrumb\",\"itemListElement\":[{\"@type\":\"ListItem\",\"position\":1,\"name\":\"Home\",\"item\":\"https:\\\/\\\/www.alabianca.it\\\/it\\\/\"},{\"@type\":\"ListItem\",\"position\":2,\"name\":\"Marina Rei &#8211; live a Roma per festeggiare 25 anni di carriera\"}]},{\"@type\":\"WebSite\",\"@id\":\"https:\\\/\\\/www.alabianca.it\\\/it\\\/#website\",\"url\":\"https:\\\/\\\/www.alabianca.it\\\/it\\\/\",\"name\":\"Ala Bianca Group\",\"description\":\"Editore e produttore discografico\",\"publisher\":{\"@id\":\"https:\\\/\\\/www.alabianca.it\\\/it\\\/#organization\"},\"potentialAction\":[{\"@type\":\"SearchAction\",\"target\":{\"@type\":\"EntryPoint\",\"urlTemplate\":\"https:\\\/\\\/www.alabianca.it\\\/it\\\/?s={search_term_string}\"},\"query-input\":{\"@type\":\"PropertyValueSpecification\",\"valueRequired\":true,\"valueName\":\"search_term_string\"}}],\"inLanguage\":\"it-IT\"},{\"@type\":\"Organization\",\"@id\":\"https:\\\/\\\/www.alabianca.it\\\/it\\\/#organization\",\"name\":\"Alabianca Group S.r.l.\",\"url\":\"https:\\\/\\\/www.alabianca.it\\\/it\\\/\",\"logo\":{\"@type\":\"ImageObject\",\"inLanguage\":\"it-IT\",\"@id\":\"https:\\\/\\\/www.alabianca.it\\\/it\\\/#\\\/schema\\\/logo\\\/image\\\/\",\"url\":\"https:\\\/\\\/www.alabianca.it\\\/wp-content\\\/uploads\\\/2018\\\/01\\\/alabianca-records-logo-2018-h-3.png\",\"contentUrl\":\"https:\\\/\\\/www.alabianca.it\\\/wp-content\\\/uploads\\\/2018\\\/01\\\/alabianca-records-logo-2018-h-3.png\",\"width\":345,\"height\":133,\"caption\":\"Alabianca Group S.r.l.\"},\"image\":{\"@id\":\"https:\\\/\\\/www.alabianca.it\\\/it\\\/#\\\/schema\\\/logo\\\/image\\\/\"}},{\"@type\":\"Person\",\"@id\":\"https:\\\/\\\/www.alabianca.it\\\/it\\\/#\\\/schema\\\/person\\\/42a393c26bf819be62e5fe5967bb8de8\",\"name\":\"Irene\",\"url\":\"https:\\\/\\\/www.alabianca.it\\\/it\\\/author\\\/irene\\\/\"}]}<\/script>\n<!-- \/ Yoast SEO plugin. -->","yoast_head_json":{"title":"Marina Rei - live a Roma per festeggiare 25 anni di carriera | Ala Bianca","description":"Leggi Il 7 settembre Marina Rei sar\u00e0 in concerto a Roma, alla Cavea - Auditorium Parco della Musica con ospiti speciali su Ala Bianca Group","robots":{"index":"index","follow":"follow","max-snippet":"max-snippet:-1","max-image-preview":"max-image-preview:large","max-video-preview":"max-video-preview:-1"},"canonical":"https:\/\/www.alabianca.it\/it\/notizie\/marina-rei-live-a-roma-per-festeggiare-25-anni-di-carriera\/","og_locale":"it_IT","og_type":"article","og_title":"Marina Rei - live a Roma per festeggiare 25 anni di carriera | Ala Bianca","og_description":"Leggi Il 7 settembre Marina Rei sar\u00e0 in concerto a Roma, alla Cavea - Auditorium Parco della Musica con ospiti speciali su Ala Bianca Group","og_url":"https:\/\/www.alabianca.it\/it\/notizie\/marina-rei-live-a-roma-per-festeggiare-25-anni-di-carriera\/","og_site_name":"Ala Bianca Group","article_published_time":"2020-09-07T08:30:14+00:00","og_image":[{"width":2425,"height":1617,"url":"https:\/\/www.alabianca.it\/wp-content\/uploads\/2020\/08\/Marina-Rei_ph.-Luca-Brunetti.jpg","type":"image\/jpeg"}],"author":"Irene","twitter_card":"summary_large_image","twitter_misc":{"Scritto da":"Irene","Tempo di lettura stimato":"2 minuti"},"schema":{"@context":"https:\/\/schema.org","@graph":[{"@type":"Article","@id":"https:\/\/www.alabianca.it\/it\/notizie\/marina-rei-live-a-roma-per-festeggiare-25-anni-di-carriera\/#article","isPartOf":{"@id":"https:\/\/www.alabianca.it\/it\/notizie\/marina-rei-live-a-roma-per-festeggiare-25-anni-di-carriera\/"},"author":{"name":"Irene","@id":"https:\/\/www.alabianca.it\/it\/#\/schema\/person\/42a393c26bf819be62e5fe5967bb8de8"},"headline":"Marina Rei &#8211; live a Roma per festeggiare 25 anni di carriera","datePublished":"2020-09-07T08:30:14+00:00","mainEntityOfPage":{"@id":"https:\/\/www.alabianca.it\/it\/notizie\/marina-rei-live-a-roma-per-festeggiare-25-anni-di-carriera\/"},"wordCount":402,"commentCount":0,"publisher":{"@id":"https:\/\/www.alabianca.it\/it\/#organization"},"image":{"@id":"https:\/\/www.alabianca.it\/it\/notizie\/marina-rei-live-a-roma-per-festeggiare-25-anni-di-carriera\/#primaryimage"},"thumbnailUrl":"https:\/\/www.alabianca.it\/wp-content\/uploads\/2020\/08\/Marina-Rei_ph.-Luca-Brunetti.jpg","keywords":["auditorium","benvegn\u00f9","Carmen Consoli","cavea","concerto","cristiano godano","dal vivo","marina rei","max gazz\u00e8","nuovo album","per essere felici","roma","sinigallia"],"articleSection":["Gli Artisti dal Vivo","Notizie"],"inLanguage":"it-IT","potentialAction":[{"@type":"CommentAction","name":"Comment","target":["https:\/\/www.alabianca.it\/it\/notizie\/marina-rei-live-a-roma-per-festeggiare-25-anni-di-carriera\/#respond"]}]},{"@type":"WebPage","@id":"https:\/\/www.alabianca.it\/it\/notizie\/marina-rei-live-a-roma-per-festeggiare-25-anni-di-carriera\/","url":"https:\/\/www.alabianca.it\/it\/notizie\/marina-rei-live-a-roma-per-festeggiare-25-anni-di-carriera\/","name":"Marina Rei - live a Roma per festeggiare 25 anni di carriera | Ala Bianca","isPartOf":{"@id":"https:\/\/www.alabianca.it\/it\/#website"},"primaryImageOfPage":{"@id":"https:\/\/www.alabianca.it\/it\/notizie\/marina-rei-live-a-roma-per-festeggiare-25-anni-di-carriera\/#primaryimage"},"image":{"@id":"https:\/\/www.alabianca.it\/it\/notizie\/marina-rei-live-a-roma-per-festeggiare-25-anni-di-carriera\/#primaryimage"},"thumbnailUrl":"https:\/\/www.alabianca.it\/wp-content\/uploads\/2020\/08\/Marina-Rei_ph.-Luca-Brunetti.jpg","datePublished":"2020-09-07T08:30:14+00:00","description":"Leggi Il 7 settembre Marina Rei sar\u00e0 in concerto a Roma, alla Cavea - Auditorium Parco della Musica con ospiti speciali su Ala Bianca Group","breadcrumb":{"@id":"https:\/\/www.alabianca.it\/it\/notizie\/marina-rei-live-a-roma-per-festeggiare-25-anni-di-carriera\/#breadcrumb"},"inLanguage":"it-IT","potentialAction":[{"@type":"ReadAction","target":["https:\/\/www.alabianca.it\/it\/notizie\/marina-rei-live-a-roma-per-festeggiare-25-anni-di-carriera\/"]}]},{"@type":"ImageObject","inLanguage":"it-IT","@id":"https:\/\/www.alabianca.it\/it\/notizie\/marina-rei-live-a-roma-per-festeggiare-25-anni-di-carriera\/#primaryimage","url":"https:\/\/www.alabianca.it\/wp-content\/uploads\/2020\/08\/Marina-Rei_ph.-Luca-Brunetti.jpg","contentUrl":"https:\/\/www.alabianca.it\/wp-content\/uploads\/2020\/08\/Marina-Rei_ph.-Luca-Brunetti.jpg","width":2425,"height":1617,"caption":"marina rei live a roma per festeggiare 25 anni di carriera e presentare il nuovo album, \"per essere felici\""},{"@type":"BreadcrumbList","@id":"https:\/\/www.alabianca.it\/it\/notizie\/marina-rei-live-a-roma-per-festeggiare-25-anni-di-carriera\/#breadcrumb","itemListElement":[{"@type":"ListItem","position":1,"name":"Home","item":"https:\/\/www.alabianca.it\/it\/"},{"@type":"ListItem","position":2,"name":"Marina Rei &#8211; live a Roma per festeggiare 25 anni di carriera"}]},{"@type":"WebSite","@id":"https:\/\/www.alabianca.it\/it\/#website","url":"https:\/\/www.alabianca.it\/it\/","name":"Ala Bianca Group","description":"Editore e produttore discografico","publisher":{"@id":"https:\/\/www.alabianca.it\/it\/#organization"},"potentialAction":[{"@type":"SearchAction","target":{"@type":"EntryPoint","urlTemplate":"https:\/\/www.alabianca.it\/it\/?s={search_term_string}"},"query-input":{"@type":"PropertyValueSpecification","valueRequired":true,"valueName":"search_term_string"}}],"inLanguage":"it-IT"},{"@type":"Organization","@id":"https:\/\/www.alabianca.it\/it\/#organization","name":"Alabianca Group S.r.l.","url":"https:\/\/www.alabianca.it\/it\/","logo":{"@type":"ImageObject","inLanguage":"it-IT","@id":"https:\/\/www.alabianca.it\/it\/#\/schema\/logo\/image\/","url":"https:\/\/www.alabianca.it\/wp-content\/uploads\/2018\/01\/alabianca-records-logo-2018-h-3.png","contentUrl":"https:\/\/www.alabianca.it\/wp-content\/uploads\/2018\/01\/alabianca-records-logo-2018-h-3.png","width":345,"height":133,"caption":"Alabianca Group S.r.l."},"image":{"@id":"https:\/\/www.alabianca.it\/it\/#\/schema\/logo\/image\/"}},{"@type":"Person","@id":"https:\/\/www.alabianca.it\/it\/#\/schema\/person\/42a393c26bf819be62e5fe5967bb8de8","name":"Irene","url":"https:\/\/www.alabianca.it\/it\/author\/irene\/"}]}},"_links":{"self":[{"href":"https:\/\/www.alabianca.it\/it\/wp-json\/wp\/v2\/posts\/17640","targetHints":{"allow":["GET"]}}],"collection":[{"href":"https:\/\/www.alabianca.it\/it\/wp-json\/wp\/v2\/posts"}],"about":[{"href":"https:\/\/www.alabianca.it\/it\/wp-json\/wp\/v2\/types\/post"}],"author":[{"embeddable":true,"href":"https:\/\/www.alabianca.it\/it\/wp-json\/wp\/v2\/users\/65"}],"replies":[{"embeddable":true,"href":"https:\/\/www.alabianca.it\/it\/wp-json\/wp\/v2\/comments?post=17640"}],"version-history":[{"count":8,"href":"https:\/\/www.alabianca.it\/it\/wp-json\/wp\/v2\/posts\/17640\/revisions"}],"predecessor-version":[{"id":17708,"href":"https:\/\/www.alabianca.it\/it\/wp-json\/wp\/v2\/posts\/17640\/revisions\/17708"}],"wp:featuredmedia":[{"embeddable":true,"href":"https:\/\/www.alabianca.it\/it\/wp-json\/wp\/v2\/media\/17642"}],"wp:attachment":[{"href":"https:\/\/www.alabianca.it\/it\/wp-json\/wp\/v2\/media?parent=17640"}],"wp:term":[{"taxonomy":"category","embeddable":true,"href":"https:\/\/www.alabianca.it\/it\/wp-json\/wp\/v2\/categories?post=17640"},{"taxonomy":"post_tag","embeddable":true,"href":"https:\/\/www.alabianca.it\/it\/wp-json\/wp\/v2\/tags?post=17640"}],"curies":[{"name":"wp","href":"https:\/\/api.w.org\/{rel}","templated":true}]}}