{"id":17674,"date":"2020-08-31T07:37:21","date_gmt":"2020-08-31T07:37:21","guid":{"rendered":"https:\/\/www.alabianca.it\/?p=17674"},"modified":"2020-08-31T07:37:21","modified_gmt":"2020-08-31T07:37:21","slug":"last-words-di-jonathan-nossiter-in-anteprima-internazionale","status":"publish","type":"post","link":"https:\/\/www.alabianca.it\/it\/notizie\/last-words-di-jonathan-nossiter-in-anteprima-internazionale\/","title":{"rendered":"&#8220;LAST WORDS&#8221; di Jonathan Nossiter in Anteprima Internazionale"},"content":{"rendered":"<div class=\"wpb-content-wrapper\"><p>[vc_row][vc_column][vc_column_text]<\/p>\n<h2><strong>Anteprima internazionale il 31 agosto a Bologna di <i>\u201cLAST WORDS\u201d<\/i>, il film di Jonathan Nossiter in selezione a Cannes 2020.<\/strong><br \/>\n<strong>Musiche originali di Tom Smail, edite e prodotte da Ala Bianca.<\/strong><\/h2>\n<p>A chiudere questa edizione del <strong><i>Cinema Ritrovato <\/i><\/strong>di <strong>Bologna<\/strong> sar\u00e0 la proiezione dell\u2019ultimo film di <strong>Jonathan Nossiter, <i>\u201cLast Words\u201d<\/i>, in anteprima mondiale<\/strong>. Proiettato all\u2019aperto nella splendida cornice di <strong>Piazza Maggiore domenica 31 agosto<\/strong>, il film &#8211; in selezione ufficiale a <strong>Cannes 2020<\/strong> &#8211; racconta la riscoperta del cinema in un mondo futuro e distopico.<br \/>\nLe musiche originali sono opera di <strong>Tom Smail<\/strong>, edite e prodotte da <strong>Ala Bianca<\/strong>.[\/vc_column_text][\/vc_column][\/vc_row][vc_row][vc_column][vc_video link=&#8221;https:\/\/youtu.be\/kemq_7opuIw&#8221;][\/vc_column][\/vc_row][vc_row][vc_column][vc_column_text]<\/p>\n<h3><b>Il film<\/b><\/h3>\n<p><span style=\"font-weight: 400;\">Ispirata a <\/span><b><i>Mes derniers mots, <\/i><\/b><span style=\"font-weight: 400;\">romanzo di<\/span><b> Santiago Amigorena<\/b><span style=\"font-weight: 400;\">,<\/span><b><i> Last Words<\/i><\/b><span style=\"font-weight: 400;\"> \u00e8 l\u2019ultima opera di <\/span><b>Jonathan Nossiter, ufficialmente selezionata a Cannes 2020<\/b><span style=\"font-weight: 400;\">. <\/span><span style=\"font-weight: 400;\"><br \/>\n<\/span><span style=\"font-weight: 400;\">Siamo in un mondo futuro, il nostro, nel 2086. Un mondo depauperato, deserto, abitato dagli ultimi sopravvissuti. E\u2019 qui e in queste condizioni che un giovane africano riscopre la magia ed il potere del cinema, recuperando qualche frammento di pellicola sotto le macerie di Bologna. Un racconto distopico che denuncia la crisi ecologica mondiale in atto ritraendo uno spaventoso e verosimile futuro, ma senza mai dimenticare che sono i valori positivi ed imprescindibili come la cultura e l\u2019amicizia a mantenere viva la speranza.<\/span><\/p>\n<p><b>Jonathan Nossiter<\/b><span style=\"font-weight: 400;\"> \u00e8 un documentarista, cineasta indipendente e famoso sommelier. Tra i suoi film ricordiamo <\/span><b><i>Sunday<\/i><\/b><span style=\"font-weight: 400;\">, <\/span><b>Gran Premio al Sundance<\/b><span style=\"font-weight: 400;\"> nel 1997; <\/span><b><i>Mondovino<\/i><\/b><span style=\"font-weight: 400;\">, in lizza per la Palma d&#8217;Oro a Cannes e per il miglior film europeo ai C\u00e9sar del 2005; <\/span><b><i>Resistenza naturale<\/i><\/b><span style=\"font-weight: 400;\">, in concorso a Berlino nel 2014.<\/span><\/p>\n<h4><b><br \/>\n<\/b><b>La Colonna sonora<\/b><\/h4>\n<p><span style=\"font-weight: 400;\">Autore delle musiche originali di <\/span><b><i>Last Words<\/i><\/b><span style=\"font-weight: 400;\">, <\/span><b>Tom Smail<\/b><span style=\"font-weight: 400;\"> ha all\u2019attivo una carriera affermata come compositore di musica orchestrale, da camera, corale e vocale. Oltre alla musica per il mondo concertistico, Smail ha scritto molto per il cinema e la televisione ( <\/span><i><span style=\"font-weight: 400;\">Gauguin &#8211; A dangerous life, 2019; Hokusai, 2017<\/span><\/i><span style=\"font-weight: 400;\">; <\/span><i><span style=\"font-weight: 400;\">Messiah<\/span><\/i><span style=\"font-weight: 400;\">, 2012, e altri).<\/span><span style=\"font-weight: 400;\"><br \/>\n<\/span><span style=\"font-weight: 400;\">In<\/span> <b><i>Last Words<\/i><\/b><span style=\"font-weight: 400;\"> riesce con abilit\u00e0 e creativit\u00e0 ad enfatizzare, a dare tridimensionalit\u00e0 all\u2019atmosfera distopica di questo futuro arido e spaventoso, combinando con sapienza tecniche di composizione contemporanea a suoni elettronici.<\/span><\/p>\n<p>&nbsp;<\/p>\n<p><b><i>\u201cLAST WORDS\u201d<\/i><\/b><b> \u00e8 un film prodotto da Stemal Entertainment<\/b><b>, Paprika Films, Les Films d&#8217;Ici, Les Films du Rat, Rai Cinema<\/b><b><i>.<\/i><\/b>[\/vc_column_text][\/vc_column][\/vc_row]<\/p>\n<\/div>","protected":false},"excerpt":{"rendered":"<p>[vc_row][vc_column][vc_column_text] Anteprima internazionale il 31 agosto a Bologna di \u201cLAST WORDS\u201d, il film di Jonathan Nossiter in selezione a Cannes 2020. Musiche originali di Tom Smail, edite e prodotte da Ala Bianca. A chiudere questa edizione del Cinema Ritrovato di Bologna sar\u00e0 la proiezione dell\u2019ultimo film di Jonathan Nossiter, \u201cLast Words\u201d, in anteprima mondiale. Proiettato [&hellip;]<\/p>\n","protected":false},"author":65,"featured_media":17677,"comment_status":"open","ping_status":"closed","sticky":false,"template":"","format":"standard","meta":{"_acf_changed":false,"footnotes":""},"categories":[7],"tags":[1172,1789,1571,1567,1505,1788,1786,1787],"class_list":["post-17674","post","type-post","status-publish","format-standard","has-post-thumbnail","hentry","category-notizie","tag-bologna","tag-cannes-2020","tag-cinema","tag-colonna-sonora","tag-film","tag-jonathan-nossiter","tag-last-words","tag-tom-smail"],"acf":[],"yoast_head":"<!-- This site is optimized with the Yoast SEO plugin v27.4 - https:\/\/yoast.com\/product\/yoast-seo-wordpress\/ -->\n<title>&quot;LAST WORDS&quot; di Jonathan Nossiter in Anteprima Internazionale | Ala Bianca<\/title>\n<meta name=\"description\" content=\"Leggi &quot;LAST WORDS&quot; di Jonathan Nossiter in Anteprima Internazionale su Ala Bianca Group Editore e produttore discografico a Modena\" \/>\n<meta name=\"robots\" content=\"index, follow, max-snippet:-1, max-image-preview:large, max-video-preview:-1\" \/>\n<link rel=\"canonical\" href=\"https:\/\/www.alabianca.it\/it\/notizie\/last-words-di-jonathan-nossiter-in-anteprima-internazionale\/\" \/>\n<meta property=\"og:locale\" content=\"it_IT\" \/>\n<meta property=\"og:type\" content=\"article\" \/>\n<meta property=\"og:title\" content=\"&quot;LAST WORDS&quot; di Jonathan Nossiter in Anteprima Internazionale | Ala Bianca\" \/>\n<meta property=\"og:description\" content=\"Leggi &quot;LAST WORDS&quot; di Jonathan Nossiter in Anteprima Internazionale su Ala Bianca Group Editore e produttore discografico a Modena\" \/>\n<meta property=\"og:url\" content=\"https:\/\/www.alabianca.it\/it\/notizie\/last-words-di-jonathan-nossiter-in-anteprima-internazionale\/\" \/>\n<meta property=\"og:site_name\" content=\"Ala Bianca Group\" \/>\n<meta property=\"article:published_time\" content=\"2020-08-31T07:37:21+00:00\" \/>\n<meta property=\"og:image\" content=\"https:\/\/www.alabianca.it\/wp-content\/uploads\/2020\/08\/LW-affiche.jpeg\" \/>\n\t<meta property=\"og:image:width\" content=\"480\" \/>\n\t<meta property=\"og:image:height\" content=\"640\" \/>\n\t<meta property=\"og:image:type\" content=\"image\/jpeg\" \/>\n<meta name=\"author\" content=\"Irene\" \/>\n<meta name=\"twitter:card\" content=\"summary_large_image\" \/>\n<meta name=\"twitter:label1\" content=\"Scritto da\" \/>\n\t<meta name=\"twitter:data1\" content=\"Irene\" \/>\n\t<meta name=\"twitter:label2\" content=\"Tempo di lettura stimato\" \/>\n\t<meta name=\"twitter:data2\" content=\"2 minuti\" \/>\n<script type=\"application\/ld+json\" class=\"yoast-schema-graph\">{\"@context\":\"https:\\\/\\\/schema.org\",\"@graph\":[{\"@type\":\"Article\",\"@id\":\"https:\\\/\\\/www.alabianca.it\\\/it\\\/notizie\\\/last-words-di-jonathan-nossiter-in-anteprima-internazionale\\\/#article\",\"isPartOf\":{\"@id\":\"https:\\\/\\\/www.alabianca.it\\\/it\\\/notizie\\\/last-words-di-jonathan-nossiter-in-anteprima-internazionale\\\/\"},\"author\":{\"name\":\"Irene\",\"@id\":\"https:\\\/\\\/www.alabianca.it\\\/it\\\/#\\\/schema\\\/person\\\/42a393c26bf819be62e5fe5967bb8de8\"},\"headline\":\"&#8220;LAST WORDS&#8221; di Jonathan Nossiter in Anteprima Internazionale\",\"datePublished\":\"2020-08-31T07:37:21+00:00\",\"mainEntityOfPage\":{\"@id\":\"https:\\\/\\\/www.alabianca.it\\\/it\\\/notizie\\\/last-words-di-jonathan-nossiter-in-anteprima-internazionale\\\/\"},\"wordCount\":409,\"commentCount\":0,\"publisher\":{\"@id\":\"https:\\\/\\\/www.alabianca.it\\\/it\\\/#organization\"},\"image\":{\"@id\":\"https:\\\/\\\/www.alabianca.it\\\/it\\\/notizie\\\/last-words-di-jonathan-nossiter-in-anteprima-internazionale\\\/#primaryimage\"},\"thumbnailUrl\":\"https:\\\/\\\/www.alabianca.it\\\/wp-content\\\/uploads\\\/2020\\\/08\\\/LW-affiche.jpeg\",\"keywords\":[\"bologna\",\"Cannes 2020\",\"cinema\",\"colonna sonora\",\"Film\",\"Jonathan Nossiter\",\"last words\",\"Tom Smail\"],\"articleSection\":[\"Notizie\"],\"inLanguage\":\"it-IT\",\"potentialAction\":[{\"@type\":\"CommentAction\",\"name\":\"Comment\",\"target\":[\"https:\\\/\\\/www.alabianca.it\\\/it\\\/notizie\\\/last-words-di-jonathan-nossiter-in-anteprima-internazionale\\\/#respond\"]}]},{\"@type\":\"WebPage\",\"@id\":\"https:\\\/\\\/www.alabianca.it\\\/it\\\/notizie\\\/last-words-di-jonathan-nossiter-in-anteprima-internazionale\\\/\",\"url\":\"https:\\\/\\\/www.alabianca.it\\\/it\\\/notizie\\\/last-words-di-jonathan-nossiter-in-anteprima-internazionale\\\/\",\"name\":\"\\\"LAST WORDS\\\" di Jonathan Nossiter in Anteprima Internazionale | Ala Bianca\",\"isPartOf\":{\"@id\":\"https:\\\/\\\/www.alabianca.it\\\/it\\\/#website\"},\"primaryImageOfPage\":{\"@id\":\"https:\\\/\\\/www.alabianca.it\\\/it\\\/notizie\\\/last-words-di-jonathan-nossiter-in-anteprima-internazionale\\\/#primaryimage\"},\"image\":{\"@id\":\"https:\\\/\\\/www.alabianca.it\\\/it\\\/notizie\\\/last-words-di-jonathan-nossiter-in-anteprima-internazionale\\\/#primaryimage\"},\"thumbnailUrl\":\"https:\\\/\\\/www.alabianca.it\\\/wp-content\\\/uploads\\\/2020\\\/08\\\/LW-affiche.jpeg\",\"datePublished\":\"2020-08-31T07:37:21+00:00\",\"description\":\"Leggi \\\"LAST WORDS\\\" di Jonathan Nossiter in Anteprima Internazionale su Ala Bianca Group Editore e produttore discografico a Modena\",\"breadcrumb\":{\"@id\":\"https:\\\/\\\/www.alabianca.it\\\/it\\\/notizie\\\/last-words-di-jonathan-nossiter-in-anteprima-internazionale\\\/#breadcrumb\"},\"inLanguage\":\"it-IT\",\"potentialAction\":[{\"@type\":\"ReadAction\",\"target\":[\"https:\\\/\\\/www.alabianca.it\\\/it\\\/notizie\\\/last-words-di-jonathan-nossiter-in-anteprima-internazionale\\\/\"]}]},{\"@type\":\"ImageObject\",\"inLanguage\":\"it-IT\",\"@id\":\"https:\\\/\\\/www.alabianca.it\\\/it\\\/notizie\\\/last-words-di-jonathan-nossiter-in-anteprima-internazionale\\\/#primaryimage\",\"url\":\"https:\\\/\\\/www.alabianca.it\\\/wp-content\\\/uploads\\\/2020\\\/08\\\/LW-affiche.jpeg\",\"contentUrl\":\"https:\\\/\\\/www.alabianca.it\\\/wp-content\\\/uploads\\\/2020\\\/08\\\/LW-affiche.jpeg\",\"width\":480,\"height\":640},{\"@type\":\"BreadcrumbList\",\"@id\":\"https:\\\/\\\/www.alabianca.it\\\/it\\\/notizie\\\/last-words-di-jonathan-nossiter-in-anteprima-internazionale\\\/#breadcrumb\",\"itemListElement\":[{\"@type\":\"ListItem\",\"position\":1,\"name\":\"Home\",\"item\":\"https:\\\/\\\/www.alabianca.it\\\/it\\\/\"},{\"@type\":\"ListItem\",\"position\":2,\"name\":\"&#8220;LAST WORDS&#8221; di Jonathan Nossiter in Anteprima Internazionale\"}]},{\"@type\":\"WebSite\",\"@id\":\"https:\\\/\\\/www.alabianca.it\\\/it\\\/#website\",\"url\":\"https:\\\/\\\/www.alabianca.it\\\/it\\\/\",\"name\":\"Ala Bianca Group\",\"description\":\"Editore e produttore discografico\",\"publisher\":{\"@id\":\"https:\\\/\\\/www.alabianca.it\\\/it\\\/#organization\"},\"potentialAction\":[{\"@type\":\"SearchAction\",\"target\":{\"@type\":\"EntryPoint\",\"urlTemplate\":\"https:\\\/\\\/www.alabianca.it\\\/it\\\/?s={search_term_string}\"},\"query-input\":{\"@type\":\"PropertyValueSpecification\",\"valueRequired\":true,\"valueName\":\"search_term_string\"}}],\"inLanguage\":\"it-IT\"},{\"@type\":\"Organization\",\"@id\":\"https:\\\/\\\/www.alabianca.it\\\/it\\\/#organization\",\"name\":\"Alabianca Group S.r.l.\",\"url\":\"https:\\\/\\\/www.alabianca.it\\\/it\\\/\",\"logo\":{\"@type\":\"ImageObject\",\"inLanguage\":\"it-IT\",\"@id\":\"https:\\\/\\\/www.alabianca.it\\\/it\\\/#\\\/schema\\\/logo\\\/image\\\/\",\"url\":\"https:\\\/\\\/www.alabianca.it\\\/wp-content\\\/uploads\\\/2018\\\/01\\\/alabianca-records-logo-2018-h-3.png\",\"contentUrl\":\"https:\\\/\\\/www.alabianca.it\\\/wp-content\\\/uploads\\\/2018\\\/01\\\/alabianca-records-logo-2018-h-3.png\",\"width\":345,\"height\":133,\"caption\":\"Alabianca Group S.r.l.\"},\"image\":{\"@id\":\"https:\\\/\\\/www.alabianca.it\\\/it\\\/#\\\/schema\\\/logo\\\/image\\\/\"}},{\"@type\":\"Person\",\"@id\":\"https:\\\/\\\/www.alabianca.it\\\/it\\\/#\\\/schema\\\/person\\\/42a393c26bf819be62e5fe5967bb8de8\",\"name\":\"Irene\",\"url\":\"https:\\\/\\\/www.alabianca.it\\\/it\\\/author\\\/irene\\\/\"}]}<\/script>\n<!-- \/ Yoast SEO plugin. -->","yoast_head_json":{"title":"\"LAST WORDS\" di Jonathan Nossiter in Anteprima Internazionale | Ala Bianca","description":"Leggi \"LAST WORDS\" di Jonathan Nossiter in Anteprima Internazionale su Ala Bianca Group Editore e produttore discografico a Modena","robots":{"index":"index","follow":"follow","max-snippet":"max-snippet:-1","max-image-preview":"max-image-preview:large","max-video-preview":"max-video-preview:-1"},"canonical":"https:\/\/www.alabianca.it\/it\/notizie\/last-words-di-jonathan-nossiter-in-anteprima-internazionale\/","og_locale":"it_IT","og_type":"article","og_title":"\"LAST WORDS\" di Jonathan Nossiter in Anteprima Internazionale | Ala Bianca","og_description":"Leggi \"LAST WORDS\" di Jonathan Nossiter in Anteprima Internazionale su Ala Bianca Group Editore e produttore discografico a Modena","og_url":"https:\/\/www.alabianca.it\/it\/notizie\/last-words-di-jonathan-nossiter-in-anteprima-internazionale\/","og_site_name":"Ala Bianca Group","article_published_time":"2020-08-31T07:37:21+00:00","og_image":[{"width":480,"height":640,"url":"https:\/\/www.alabianca.it\/wp-content\/uploads\/2020\/08\/LW-affiche.jpeg","type":"image\/jpeg"}],"author":"Irene","twitter_card":"summary_large_image","twitter_misc":{"Scritto da":"Irene","Tempo di lettura stimato":"2 minuti"},"schema":{"@context":"https:\/\/schema.org","@graph":[{"@type":"Article","@id":"https:\/\/www.alabianca.it\/it\/notizie\/last-words-di-jonathan-nossiter-in-anteprima-internazionale\/#article","isPartOf":{"@id":"https:\/\/www.alabianca.it\/it\/notizie\/last-words-di-jonathan-nossiter-in-anteprima-internazionale\/"},"author":{"name":"Irene","@id":"https:\/\/www.alabianca.it\/it\/#\/schema\/person\/42a393c26bf819be62e5fe5967bb8de8"},"headline":"&#8220;LAST WORDS&#8221; di Jonathan Nossiter in Anteprima Internazionale","datePublished":"2020-08-31T07:37:21+00:00","mainEntityOfPage":{"@id":"https:\/\/www.alabianca.it\/it\/notizie\/last-words-di-jonathan-nossiter-in-anteprima-internazionale\/"},"wordCount":409,"commentCount":0,"publisher":{"@id":"https:\/\/www.alabianca.it\/it\/#organization"},"image":{"@id":"https:\/\/www.alabianca.it\/it\/notizie\/last-words-di-jonathan-nossiter-in-anteprima-internazionale\/#primaryimage"},"thumbnailUrl":"https:\/\/www.alabianca.it\/wp-content\/uploads\/2020\/08\/LW-affiche.jpeg","keywords":["bologna","Cannes 2020","cinema","colonna sonora","Film","Jonathan Nossiter","last words","Tom Smail"],"articleSection":["Notizie"],"inLanguage":"it-IT","potentialAction":[{"@type":"CommentAction","name":"Comment","target":["https:\/\/www.alabianca.it\/it\/notizie\/last-words-di-jonathan-nossiter-in-anteprima-internazionale\/#respond"]}]},{"@type":"WebPage","@id":"https:\/\/www.alabianca.it\/it\/notizie\/last-words-di-jonathan-nossiter-in-anteprima-internazionale\/","url":"https:\/\/www.alabianca.it\/it\/notizie\/last-words-di-jonathan-nossiter-in-anteprima-internazionale\/","name":"\"LAST WORDS\" di Jonathan Nossiter in Anteprima Internazionale | Ala Bianca","isPartOf":{"@id":"https:\/\/www.alabianca.it\/it\/#website"},"primaryImageOfPage":{"@id":"https:\/\/www.alabianca.it\/it\/notizie\/last-words-di-jonathan-nossiter-in-anteprima-internazionale\/#primaryimage"},"image":{"@id":"https:\/\/www.alabianca.it\/it\/notizie\/last-words-di-jonathan-nossiter-in-anteprima-internazionale\/#primaryimage"},"thumbnailUrl":"https:\/\/www.alabianca.it\/wp-content\/uploads\/2020\/08\/LW-affiche.jpeg","datePublished":"2020-08-31T07:37:21+00:00","description":"Leggi \"LAST WORDS\" di Jonathan Nossiter in Anteprima Internazionale su Ala Bianca Group Editore e produttore discografico a Modena","breadcrumb":{"@id":"https:\/\/www.alabianca.it\/it\/notizie\/last-words-di-jonathan-nossiter-in-anteprima-internazionale\/#breadcrumb"},"inLanguage":"it-IT","potentialAction":[{"@type":"ReadAction","target":["https:\/\/www.alabianca.it\/it\/notizie\/last-words-di-jonathan-nossiter-in-anteprima-internazionale\/"]}]},{"@type":"ImageObject","inLanguage":"it-IT","@id":"https:\/\/www.alabianca.it\/it\/notizie\/last-words-di-jonathan-nossiter-in-anteprima-internazionale\/#primaryimage","url":"https:\/\/www.alabianca.it\/wp-content\/uploads\/2020\/08\/LW-affiche.jpeg","contentUrl":"https:\/\/www.alabianca.it\/wp-content\/uploads\/2020\/08\/LW-affiche.jpeg","width":480,"height":640},{"@type":"BreadcrumbList","@id":"https:\/\/www.alabianca.it\/it\/notizie\/last-words-di-jonathan-nossiter-in-anteprima-internazionale\/#breadcrumb","itemListElement":[{"@type":"ListItem","position":1,"name":"Home","item":"https:\/\/www.alabianca.it\/it\/"},{"@type":"ListItem","position":2,"name":"&#8220;LAST WORDS&#8221; di Jonathan Nossiter in Anteprima Internazionale"}]},{"@type":"WebSite","@id":"https:\/\/www.alabianca.it\/it\/#website","url":"https:\/\/www.alabianca.it\/it\/","name":"Ala Bianca Group","description":"Editore e produttore discografico","publisher":{"@id":"https:\/\/www.alabianca.it\/it\/#organization"},"potentialAction":[{"@type":"SearchAction","target":{"@type":"EntryPoint","urlTemplate":"https:\/\/www.alabianca.it\/it\/?s={search_term_string}"},"query-input":{"@type":"PropertyValueSpecification","valueRequired":true,"valueName":"search_term_string"}}],"inLanguage":"it-IT"},{"@type":"Organization","@id":"https:\/\/www.alabianca.it\/it\/#organization","name":"Alabianca Group S.r.l.","url":"https:\/\/www.alabianca.it\/it\/","logo":{"@type":"ImageObject","inLanguage":"it-IT","@id":"https:\/\/www.alabianca.it\/it\/#\/schema\/logo\/image\/","url":"https:\/\/www.alabianca.it\/wp-content\/uploads\/2018\/01\/alabianca-records-logo-2018-h-3.png","contentUrl":"https:\/\/www.alabianca.it\/wp-content\/uploads\/2018\/01\/alabianca-records-logo-2018-h-3.png","width":345,"height":133,"caption":"Alabianca Group S.r.l."},"image":{"@id":"https:\/\/www.alabianca.it\/it\/#\/schema\/logo\/image\/"}},{"@type":"Person","@id":"https:\/\/www.alabianca.it\/it\/#\/schema\/person\/42a393c26bf819be62e5fe5967bb8de8","name":"Irene","url":"https:\/\/www.alabianca.it\/it\/author\/irene\/"}]}},"_links":{"self":[{"href":"https:\/\/www.alabianca.it\/it\/wp-json\/wp\/v2\/posts\/17674","targetHints":{"allow":["GET"]}}],"collection":[{"href":"https:\/\/www.alabianca.it\/it\/wp-json\/wp\/v2\/posts"}],"about":[{"href":"https:\/\/www.alabianca.it\/it\/wp-json\/wp\/v2\/types\/post"}],"author":[{"embeddable":true,"href":"https:\/\/www.alabianca.it\/it\/wp-json\/wp\/v2\/users\/65"}],"replies":[{"embeddable":true,"href":"https:\/\/www.alabianca.it\/it\/wp-json\/wp\/v2\/comments?post=17674"}],"version-history":[{"count":4,"href":"https:\/\/www.alabianca.it\/it\/wp-json\/wp\/v2\/posts\/17674\/revisions"}],"predecessor-version":[{"id":17680,"href":"https:\/\/www.alabianca.it\/it\/wp-json\/wp\/v2\/posts\/17674\/revisions\/17680"}],"wp:featuredmedia":[{"embeddable":true,"href":"https:\/\/www.alabianca.it\/it\/wp-json\/wp\/v2\/media\/17677"}],"wp:attachment":[{"href":"https:\/\/www.alabianca.it\/it\/wp-json\/wp\/v2\/media?parent=17674"}],"wp:term":[{"taxonomy":"category","embeddable":true,"href":"https:\/\/www.alabianca.it\/it\/wp-json\/wp\/v2\/categories?post=17674"},{"taxonomy":"post_tag","embeddable":true,"href":"https:\/\/www.alabianca.it\/it\/wp-json\/wp\/v2\/tags?post=17674"}],"curies":[{"name":"wp","href":"https:\/\/api.w.org\/{rel}","templated":true}]}}