{"id":17686,"date":"2020-09-04T08:32:08","date_gmt":"2020-09-04T08:32:08","guid":{"rendered":"https:\/\/www.alabianca.it\/?p=17686"},"modified":"2020-09-04T10:17:05","modified_gmt":"2020-09-04T10:17:05","slug":"james-docufilm-su-james-senese-a-venezia","status":"publish","type":"post","link":"https:\/\/www.alabianca.it\/it\/notizie\/james-docufilm-su-james-senese-a-venezia\/","title":{"rendered":"&#8220;James&#8221; &#8211; docufilm su James Senese a Venezia"},"content":{"rendered":"<div class=\"wpb-content-wrapper\"><p>[vc_row][vc_column][vc_column_text]<\/p>\n<h2><span style=\"font-weight: 400;\">Sar\u00e0 presentato in anteprima assoluta al Festival del cinema di Venezia \u201cJames\u201d, il docu-film di Andrea della Monica sulla vita di James Senese. <\/span><\/h2>\n<p><span style=\"font-weight: 400;\">La proiezione avverr\u00e0 il 5 settembre alle 21,30 all\u2019interno delle Giornate Degli Autori, per il programma Notti Veneziane all\u2019Isola degli Autori.<\/span>[\/vc_column_text][\/vc_column][\/vc_row][vc_row][vc_column][vc_single_image image=&#8221;17690&#8243; img_size=&#8221;large&#8221;][\/vc_column][\/vc_row][vc_row][vc_column][vc_column_text]<span style=\"font-weight: 400;\"><strong>Andrea della Monica<\/strong>, giovane regista di Napoli diplomato alla London Film School, con questo lavoro cerca di tracciare la storia e l&#8217;essenza di <strong>James Senese<\/strong>, famoso sassofonista e cantante italiano.<\/span><\/p>\n<p><span style=\"font-weight: 400;\">Si parte dalle origini: nato da una ragazza napoletana e un soldato afroamericano, James cresce nel dopoguerra ai confini della citt\u00e0 di Napoli. Il documentario procede ripercorrendo le tappe del suo percorso artistico, come la formazione della band Napoli Centrale nei primi anni Settanta, e tendendo un ponte ideale con il presente.<\/span><\/p>\n<p>&nbsp;<\/p>\n<blockquote><p><i><span style=\"font-weight: 400;\">\u201cQuesto documentario \u00e8 arrivato nella mia vita al momento giusto. Avevo voglia di raccontarmi, spogliandomi dei miei sentimenti e riunendo attorno a me una parte di quelle persone che sono state importanti per il mio percorso artistico, sostenendomi nelle scelte e aiutandomi a superare gli ostacoli che ho incontrato durante la mia esistenza.\u00a0 Un ringraziamento particolare poi lo devo a mia moglie che ha sempre creduto in me rimanendo al mio fianco anche nei momenti pi\u00f9 difficili. Io, dal mio canto, ho sempre cercato di riempire di verit\u00e0 e sincerit\u00e0 le mie azioni, guardando sempre avanti.<\/span><\/i><\/p>\n<p><i><span style=\"font-weight: 400;\">Sarei voluto partire dai luoghi della mia infanzia ma\u00a0 non \u00e8 stato possibile\u00a0 perch\u00e9 \u00e8 cambiato tutto. Tuttavia le parole e le immagini del documentario credo che rendano bene quel senso di amore, lo stesso per il quale combatto la mia battaglia da oltre cinquant\u2019anni.\u201d<\/span><\/i><\/p>\n<p style=\"text-align: right;\"><i><span style=\"font-weight: 400;\">James Senese<\/span><\/i><\/p>\n<\/blockquote>\n<p><span style=\"font-weight: 400;\">\u00a0<\/span><\/p>\n<h3>James Senese e Ala Bianca<\/h3>\n<p>Da qualche anno, James fa parte del roster artisti di Ala Bianca, con cui ha pubblicato due album (<em><strong>&#8220;O sanghe JNC &#8211; Napoli Centrale&#8221;<\/strong><\/em>, 2016; <em><strong>&#8220;Aspettanno &#8216;o tiempo&#8221;<\/strong><\/em>, 2018) e si prepara a pubblicarne un terzo, previsto per il 2021.<\/p>\n<p><a href=\"https:\/\/open.spotify.com\/album\/5PZ74B4qCsSGn4UmryWShn?si=MvB1MfzXQGeZIbKWldT3CQ\">Ascolta <strong><em>Aspettanno &#8216;o tiempo<\/em><\/strong><\/a><\/p>\n<p><a href=\"https:\/\/open.spotify.com\/album\/0v25j3SBXW8evYbbIZeLNq?si=lQM96ibPTWaW5M9qe7ojqQ\">Ascolta <strong><em>O sanghe JNC &#8211; Napoli Centrale<\/em><\/strong><\/a><\/p>\n<p>&nbsp;<\/p>\n<p style=\"text-align: center;\"><b>\u201c<em>JAMES<\/em>\u201d \u00e8 stato realizzato con il contributo della Regione Campania e della Fondazione Film Commission Regione Campania.<\/b><\/p>\n<p>[\/vc_column_text][\/vc_column][\/vc_row]<\/p>\n<\/div>","protected":false},"excerpt":{"rendered":"<p>[vc_row][vc_column][vc_column_text] Sar\u00e0 presentato in anteprima assoluta al Festival del cinema di Venezia \u201cJames\u201d, il docu-film di Andrea della Monica sulla vita di James Senese. La proiezione avverr\u00e0 il 5 settembre alle 21,30 all\u2019interno delle Giornate Degli Autori, per il programma Notti Veneziane all\u2019Isola degli Autori.[\/vc_column_text][\/vc_column][\/vc_row][vc_row][vc_column][vc_single_image image=&#8221;17690&#8243; img_size=&#8221;large&#8221;][\/vc_column][\/vc_row][vc_row][vc_column][vc_column_text]Andrea della Monica, giovane regista di Napoli diplomato alla [&hellip;]<\/p>\n","protected":false},"author":65,"featured_media":17687,"comment_status":"open","ping_status":"closed","sticky":false,"template":"","format":"standard","meta":{"_acf_changed":false,"footnotes":""},"categories":[7],"tags":[1793,1794,1576,1792,1227,1791],"class_list":["post-17686","post","type-post","status-publish","format-standard","has-post-thumbnail","hentry","category-notizie","tag-andrea-della-monica","tag-docufilm","tag-documentario","tag-festival-del-cinema-di-venezia","tag-james-senese","tag-venezia"],"acf":[],"yoast_head":"<!-- This site is optimized with the Yoast SEO plugin v27.4 - https:\/\/yoast.com\/product\/yoast-seo-wordpress\/ -->\n<title>&quot;James&quot; - docufilm su James Senese a Venezia | Ala Bianca Group<\/title>\n<meta name=\"description\" content=\"Leggi &quot;James&quot;, il docu-film su James Senese in anteprima assoluta al Festival di Venezia su Ala Bianca Group Editore e produttore discografico\" \/>\n<meta name=\"robots\" content=\"index, follow, max-snippet:-1, max-image-preview:large, max-video-preview:-1\" \/>\n<link rel=\"canonical\" href=\"https:\/\/www.alabianca.it\/it\/notizie\/james-docufilm-su-james-senese-a-venezia\/\" \/>\n<meta property=\"og:locale\" content=\"it_IT\" \/>\n<meta property=\"og:type\" content=\"article\" \/>\n<meta property=\"og:title\" content=\"&quot;James&quot; - docufilm su James Senese a Venezia | Ala Bianca Group\" \/>\n<meta property=\"og:description\" content=\"Leggi &quot;James&quot;, il docu-film su James Senese in anteprima assoluta al Festival di Venezia su Ala Bianca Group Editore e produttore discografico\" \/>\n<meta property=\"og:url\" content=\"https:\/\/www.alabianca.it\/it\/notizie\/james-docufilm-su-james-senese-a-venezia\/\" \/>\n<meta property=\"og:site_name\" content=\"Ala Bianca Group\" \/>\n<meta property=\"article:published_time\" content=\"2020-09-04T08:32:08+00:00\" \/>\n<meta property=\"article:modified_time\" content=\"2020-09-04T10:17:05+00:00\" \/>\n<meta property=\"og:image\" content=\"https:\/\/www.alabianca.it\/wp-content\/uploads\/2020\/09\/James_poster_ita_web.jpg\" \/>\n\t<meta property=\"og:image:width\" content=\"400\" \/>\n\t<meta property=\"og:image:height\" content=\"572\" \/>\n\t<meta property=\"og:image:type\" content=\"image\/jpeg\" \/>\n<meta name=\"author\" content=\"Irene\" \/>\n<meta name=\"twitter:card\" content=\"summary_large_image\" \/>\n<meta name=\"twitter:label1\" content=\"Scritto da\" \/>\n\t<meta name=\"twitter:data1\" content=\"Irene\" \/>\n\t<meta name=\"twitter:label2\" content=\"Tempo di lettura stimato\" \/>\n\t<meta name=\"twitter:data2\" content=\"2 minuti\" \/>\n<script type=\"application\/ld+json\" class=\"yoast-schema-graph\">{\"@context\":\"https:\\\/\\\/schema.org\",\"@graph\":[{\"@type\":\"Article\",\"@id\":\"https:\\\/\\\/www.alabianca.it\\\/it\\\/notizie\\\/james-docufilm-su-james-senese-a-venezia\\\/#article\",\"isPartOf\":{\"@id\":\"https:\\\/\\\/www.alabianca.it\\\/it\\\/notizie\\\/james-docufilm-su-james-senese-a-venezia\\\/\"},\"author\":{\"name\":\"Irene\",\"@id\":\"https:\\\/\\\/www.alabianca.it\\\/it\\\/#\\\/schema\\\/person\\\/42a393c26bf819be62e5fe5967bb8de8\"},\"headline\":\"&#8220;James&#8221; &#8211; docufilm su James Senese a Venezia\",\"datePublished\":\"2020-09-04T08:32:08+00:00\",\"dateModified\":\"2020-09-04T10:17:05+00:00\",\"mainEntityOfPage\":{\"@id\":\"https:\\\/\\\/www.alabianca.it\\\/it\\\/notizie\\\/james-docufilm-su-james-senese-a-venezia\\\/\"},\"wordCount\":390,\"commentCount\":0,\"publisher\":{\"@id\":\"https:\\\/\\\/www.alabianca.it\\\/it\\\/#organization\"},\"image\":{\"@id\":\"https:\\\/\\\/www.alabianca.it\\\/it\\\/notizie\\\/james-docufilm-su-james-senese-a-venezia\\\/#primaryimage\"},\"thumbnailUrl\":\"https:\\\/\\\/www.alabianca.it\\\/wp-content\\\/uploads\\\/2020\\\/09\\\/James_poster_ita_web.jpg\",\"keywords\":[\"andrea della monica\",\"docufilm\",\"documentario\",\"festival del cinema di venezia\",\"James Senese\",\"venezia\"],\"articleSection\":[\"Notizie\"],\"inLanguage\":\"it-IT\",\"potentialAction\":[{\"@type\":\"CommentAction\",\"name\":\"Comment\",\"target\":[\"https:\\\/\\\/www.alabianca.it\\\/it\\\/notizie\\\/james-docufilm-su-james-senese-a-venezia\\\/#respond\"]}]},{\"@type\":\"WebPage\",\"@id\":\"https:\\\/\\\/www.alabianca.it\\\/it\\\/notizie\\\/james-docufilm-su-james-senese-a-venezia\\\/\",\"url\":\"https:\\\/\\\/www.alabianca.it\\\/it\\\/notizie\\\/james-docufilm-su-james-senese-a-venezia\\\/\",\"name\":\"\\\"James\\\" - docufilm su James Senese a Venezia | Ala Bianca Group\",\"isPartOf\":{\"@id\":\"https:\\\/\\\/www.alabianca.it\\\/it\\\/#website\"},\"primaryImageOfPage\":{\"@id\":\"https:\\\/\\\/www.alabianca.it\\\/it\\\/notizie\\\/james-docufilm-su-james-senese-a-venezia\\\/#primaryimage\"},\"image\":{\"@id\":\"https:\\\/\\\/www.alabianca.it\\\/it\\\/notizie\\\/james-docufilm-su-james-senese-a-venezia\\\/#primaryimage\"},\"thumbnailUrl\":\"https:\\\/\\\/www.alabianca.it\\\/wp-content\\\/uploads\\\/2020\\\/09\\\/James_poster_ita_web.jpg\",\"datePublished\":\"2020-09-04T08:32:08+00:00\",\"dateModified\":\"2020-09-04T10:17:05+00:00\",\"description\":\"Leggi \\\"James\\\", il docu-film su James Senese in anteprima assoluta al Festival di Venezia su Ala Bianca Group Editore e produttore discografico\",\"breadcrumb\":{\"@id\":\"https:\\\/\\\/www.alabianca.it\\\/it\\\/notizie\\\/james-docufilm-su-james-senese-a-venezia\\\/#breadcrumb\"},\"inLanguage\":\"it-IT\",\"potentialAction\":[{\"@type\":\"ReadAction\",\"target\":[\"https:\\\/\\\/www.alabianca.it\\\/it\\\/notizie\\\/james-docufilm-su-james-senese-a-venezia\\\/\"]}]},{\"@type\":\"ImageObject\",\"inLanguage\":\"it-IT\",\"@id\":\"https:\\\/\\\/www.alabianca.it\\\/it\\\/notizie\\\/james-docufilm-su-james-senese-a-venezia\\\/#primaryimage\",\"url\":\"https:\\\/\\\/www.alabianca.it\\\/wp-content\\\/uploads\\\/2020\\\/09\\\/James_poster_ita_web.jpg\",\"contentUrl\":\"https:\\\/\\\/www.alabianca.it\\\/wp-content\\\/uploads\\\/2020\\\/09\\\/James_poster_ita_web.jpg\",\"width\":400,\"height\":572},{\"@type\":\"BreadcrumbList\",\"@id\":\"https:\\\/\\\/www.alabianca.it\\\/it\\\/notizie\\\/james-docufilm-su-james-senese-a-venezia\\\/#breadcrumb\",\"itemListElement\":[{\"@type\":\"ListItem\",\"position\":1,\"name\":\"Home\",\"item\":\"https:\\\/\\\/www.alabianca.it\\\/it\\\/\"},{\"@type\":\"ListItem\",\"position\":2,\"name\":\"&#8220;James&#8221; &#8211; docufilm su James Senese a Venezia\"}]},{\"@type\":\"WebSite\",\"@id\":\"https:\\\/\\\/www.alabianca.it\\\/it\\\/#website\",\"url\":\"https:\\\/\\\/www.alabianca.it\\\/it\\\/\",\"name\":\"Ala Bianca Group\",\"description\":\"Editore e produttore discografico\",\"publisher\":{\"@id\":\"https:\\\/\\\/www.alabianca.it\\\/it\\\/#organization\"},\"potentialAction\":[{\"@type\":\"SearchAction\",\"target\":{\"@type\":\"EntryPoint\",\"urlTemplate\":\"https:\\\/\\\/www.alabianca.it\\\/it\\\/?s={search_term_string}\"},\"query-input\":{\"@type\":\"PropertyValueSpecification\",\"valueRequired\":true,\"valueName\":\"search_term_string\"}}],\"inLanguage\":\"it-IT\"},{\"@type\":\"Organization\",\"@id\":\"https:\\\/\\\/www.alabianca.it\\\/it\\\/#organization\",\"name\":\"Alabianca Group S.r.l.\",\"url\":\"https:\\\/\\\/www.alabianca.it\\\/it\\\/\",\"logo\":{\"@type\":\"ImageObject\",\"inLanguage\":\"it-IT\",\"@id\":\"https:\\\/\\\/www.alabianca.it\\\/it\\\/#\\\/schema\\\/logo\\\/image\\\/\",\"url\":\"https:\\\/\\\/www.alabianca.it\\\/wp-content\\\/uploads\\\/2018\\\/01\\\/alabianca-records-logo-2018-h-3.png\",\"contentUrl\":\"https:\\\/\\\/www.alabianca.it\\\/wp-content\\\/uploads\\\/2018\\\/01\\\/alabianca-records-logo-2018-h-3.png\",\"width\":345,\"height\":133,\"caption\":\"Alabianca Group S.r.l.\"},\"image\":{\"@id\":\"https:\\\/\\\/www.alabianca.it\\\/it\\\/#\\\/schema\\\/logo\\\/image\\\/\"}},{\"@type\":\"Person\",\"@id\":\"https:\\\/\\\/www.alabianca.it\\\/it\\\/#\\\/schema\\\/person\\\/42a393c26bf819be62e5fe5967bb8de8\",\"name\":\"Irene\",\"url\":\"https:\\\/\\\/www.alabianca.it\\\/it\\\/author\\\/irene\\\/\"}]}<\/script>\n<!-- \/ Yoast SEO plugin. -->","yoast_head_json":{"title":"\"James\" - docufilm su James Senese a Venezia | Ala Bianca Group","description":"Leggi \"James\", il docu-film su James Senese in anteprima assoluta al Festival di Venezia su Ala Bianca Group Editore e produttore discografico","robots":{"index":"index","follow":"follow","max-snippet":"max-snippet:-1","max-image-preview":"max-image-preview:large","max-video-preview":"max-video-preview:-1"},"canonical":"https:\/\/www.alabianca.it\/it\/notizie\/james-docufilm-su-james-senese-a-venezia\/","og_locale":"it_IT","og_type":"article","og_title":"\"James\" - docufilm su James Senese a Venezia | Ala Bianca Group","og_description":"Leggi \"James\", il docu-film su James Senese in anteprima assoluta al Festival di Venezia su Ala Bianca Group Editore e produttore discografico","og_url":"https:\/\/www.alabianca.it\/it\/notizie\/james-docufilm-su-james-senese-a-venezia\/","og_site_name":"Ala Bianca Group","article_published_time":"2020-09-04T08:32:08+00:00","article_modified_time":"2020-09-04T10:17:05+00:00","og_image":[{"width":400,"height":572,"url":"https:\/\/www.alabianca.it\/wp-content\/uploads\/2020\/09\/James_poster_ita_web.jpg","type":"image\/jpeg"}],"author":"Irene","twitter_card":"summary_large_image","twitter_misc":{"Scritto da":"Irene","Tempo di lettura stimato":"2 minuti"},"schema":{"@context":"https:\/\/schema.org","@graph":[{"@type":"Article","@id":"https:\/\/www.alabianca.it\/it\/notizie\/james-docufilm-su-james-senese-a-venezia\/#article","isPartOf":{"@id":"https:\/\/www.alabianca.it\/it\/notizie\/james-docufilm-su-james-senese-a-venezia\/"},"author":{"name":"Irene","@id":"https:\/\/www.alabianca.it\/it\/#\/schema\/person\/42a393c26bf819be62e5fe5967bb8de8"},"headline":"&#8220;James&#8221; &#8211; docufilm su James Senese a Venezia","datePublished":"2020-09-04T08:32:08+00:00","dateModified":"2020-09-04T10:17:05+00:00","mainEntityOfPage":{"@id":"https:\/\/www.alabianca.it\/it\/notizie\/james-docufilm-su-james-senese-a-venezia\/"},"wordCount":390,"commentCount":0,"publisher":{"@id":"https:\/\/www.alabianca.it\/it\/#organization"},"image":{"@id":"https:\/\/www.alabianca.it\/it\/notizie\/james-docufilm-su-james-senese-a-venezia\/#primaryimage"},"thumbnailUrl":"https:\/\/www.alabianca.it\/wp-content\/uploads\/2020\/09\/James_poster_ita_web.jpg","keywords":["andrea della monica","docufilm","documentario","festival del cinema di venezia","James Senese","venezia"],"articleSection":["Notizie"],"inLanguage":"it-IT","potentialAction":[{"@type":"CommentAction","name":"Comment","target":["https:\/\/www.alabianca.it\/it\/notizie\/james-docufilm-su-james-senese-a-venezia\/#respond"]}]},{"@type":"WebPage","@id":"https:\/\/www.alabianca.it\/it\/notizie\/james-docufilm-su-james-senese-a-venezia\/","url":"https:\/\/www.alabianca.it\/it\/notizie\/james-docufilm-su-james-senese-a-venezia\/","name":"\"James\" - docufilm su James Senese a Venezia | Ala Bianca Group","isPartOf":{"@id":"https:\/\/www.alabianca.it\/it\/#website"},"primaryImageOfPage":{"@id":"https:\/\/www.alabianca.it\/it\/notizie\/james-docufilm-su-james-senese-a-venezia\/#primaryimage"},"image":{"@id":"https:\/\/www.alabianca.it\/it\/notizie\/james-docufilm-su-james-senese-a-venezia\/#primaryimage"},"thumbnailUrl":"https:\/\/www.alabianca.it\/wp-content\/uploads\/2020\/09\/James_poster_ita_web.jpg","datePublished":"2020-09-04T08:32:08+00:00","dateModified":"2020-09-04T10:17:05+00:00","description":"Leggi \"James\", il docu-film su James Senese in anteprima assoluta al Festival di Venezia su Ala Bianca Group Editore e produttore discografico","breadcrumb":{"@id":"https:\/\/www.alabianca.it\/it\/notizie\/james-docufilm-su-james-senese-a-venezia\/#breadcrumb"},"inLanguage":"it-IT","potentialAction":[{"@type":"ReadAction","target":["https:\/\/www.alabianca.it\/it\/notizie\/james-docufilm-su-james-senese-a-venezia\/"]}]},{"@type":"ImageObject","inLanguage":"it-IT","@id":"https:\/\/www.alabianca.it\/it\/notizie\/james-docufilm-su-james-senese-a-venezia\/#primaryimage","url":"https:\/\/www.alabianca.it\/wp-content\/uploads\/2020\/09\/James_poster_ita_web.jpg","contentUrl":"https:\/\/www.alabianca.it\/wp-content\/uploads\/2020\/09\/James_poster_ita_web.jpg","width":400,"height":572},{"@type":"BreadcrumbList","@id":"https:\/\/www.alabianca.it\/it\/notizie\/james-docufilm-su-james-senese-a-venezia\/#breadcrumb","itemListElement":[{"@type":"ListItem","position":1,"name":"Home","item":"https:\/\/www.alabianca.it\/it\/"},{"@type":"ListItem","position":2,"name":"&#8220;James&#8221; &#8211; docufilm su James Senese a Venezia"}]},{"@type":"WebSite","@id":"https:\/\/www.alabianca.it\/it\/#website","url":"https:\/\/www.alabianca.it\/it\/","name":"Ala Bianca Group","description":"Editore e produttore discografico","publisher":{"@id":"https:\/\/www.alabianca.it\/it\/#organization"},"potentialAction":[{"@type":"SearchAction","target":{"@type":"EntryPoint","urlTemplate":"https:\/\/www.alabianca.it\/it\/?s={search_term_string}"},"query-input":{"@type":"PropertyValueSpecification","valueRequired":true,"valueName":"search_term_string"}}],"inLanguage":"it-IT"},{"@type":"Organization","@id":"https:\/\/www.alabianca.it\/it\/#organization","name":"Alabianca Group S.r.l.","url":"https:\/\/www.alabianca.it\/it\/","logo":{"@type":"ImageObject","inLanguage":"it-IT","@id":"https:\/\/www.alabianca.it\/it\/#\/schema\/logo\/image\/","url":"https:\/\/www.alabianca.it\/wp-content\/uploads\/2018\/01\/alabianca-records-logo-2018-h-3.png","contentUrl":"https:\/\/www.alabianca.it\/wp-content\/uploads\/2018\/01\/alabianca-records-logo-2018-h-3.png","width":345,"height":133,"caption":"Alabianca Group S.r.l."},"image":{"@id":"https:\/\/www.alabianca.it\/it\/#\/schema\/logo\/image\/"}},{"@type":"Person","@id":"https:\/\/www.alabianca.it\/it\/#\/schema\/person\/42a393c26bf819be62e5fe5967bb8de8","name":"Irene","url":"https:\/\/www.alabianca.it\/it\/author\/irene\/"}]}},"_links":{"self":[{"href":"https:\/\/www.alabianca.it\/it\/wp-json\/wp\/v2\/posts\/17686","targetHints":{"allow":["GET"]}}],"collection":[{"href":"https:\/\/www.alabianca.it\/it\/wp-json\/wp\/v2\/posts"}],"about":[{"href":"https:\/\/www.alabianca.it\/it\/wp-json\/wp\/v2\/types\/post"}],"author":[{"embeddable":true,"href":"https:\/\/www.alabianca.it\/it\/wp-json\/wp\/v2\/users\/65"}],"replies":[{"embeddable":true,"href":"https:\/\/www.alabianca.it\/it\/wp-json\/wp\/v2\/comments?post=17686"}],"version-history":[{"count":13,"href":"https:\/\/www.alabianca.it\/it\/wp-json\/wp\/v2\/posts\/17686\/revisions"}],"predecessor-version":[{"id":17703,"href":"https:\/\/www.alabianca.it\/it\/wp-json\/wp\/v2\/posts\/17686\/revisions\/17703"}],"wp:featuredmedia":[{"embeddable":true,"href":"https:\/\/www.alabianca.it\/it\/wp-json\/wp\/v2\/media\/17687"}],"wp:attachment":[{"href":"https:\/\/www.alabianca.it\/it\/wp-json\/wp\/v2\/media?parent=17686"}],"wp:term":[{"taxonomy":"category","embeddable":true,"href":"https:\/\/www.alabianca.it\/it\/wp-json\/wp\/v2\/categories?post=17686"},{"taxonomy":"post_tag","embeddable":true,"href":"https:\/\/www.alabianca.it\/it\/wp-json\/wp\/v2\/tags?post=17686"}],"curies":[{"name":"wp","href":"https:\/\/api.w.org\/{rel}","templated":true}]}}