{"id":17762,"date":"2020-10-01T10:37:02","date_gmt":"2020-10-01T10:37:02","guid":{"rendered":"https:\/\/www.alabianca.it\/?p=17762"},"modified":"2020-10-01T10:37:02","modified_gmt":"2020-10-01T10:37:02","slug":"anja-in-anteprima-al-lucca-film-festival-e-in-streaming-su-cg-digital","status":"publish","type":"post","link":"https:\/\/www.alabianca.it\/it\/notizie\/anja-in-anteprima-al-lucca-film-festival-e-in-streaming-su-cg-digital\/","title":{"rendered":"\u201cANJA\u201d in anteprima al Lucca Film Festival e in streaming su CG Digital"},"content":{"rendered":"<div class=\"wpb-content-wrapper\"><p>[vc_row][vc_column][vc_column_text]<\/p>\n<h2 dir=\"ltr\"><em>&#8220;Anja &#8211; Real_Love_Girl&#8221;<\/em>, di Paolo Martini e Pablo Benedetti con musiche originali di Silvia Nair, in anteprima il 1 ottobre al Lucca Film Festival.<\/h2>\n<p dir=\"ltr\"><strong>Dal 2 ottobre al 29 ottobre il film \u00e8 disponibile in esclusiva on demand per l\u2019Italia sulla piattaforma CG Digital (link: <a href=\"https:\/\/tinyurl.com\/yycxd2cw\" target=\"_blank\" rel=\"noopener noreferrer\" data-saferedirecturl=\"https:\/\/www.google.com\/url?q=https:\/\/tinyurl.com\/yycxd2cw&amp;source=gmail&amp;ust=1601629197973000&amp;usg=AFQjCNHtZQ3zIChN3FOp3MC7JHnk5shK4w\">https:\/\/tinyurl.com\/yycxd2cw)<\/a><\/strong><\/p>\n<p dir=\"ltr\"><strong>Il 2 OTTOBRE alle 20.30 i registi presentano in diretta online il film sulle pagine <a href=\"https:\/\/www.facebook.com\/cg.homevideo.5\" target=\"_blank\" rel=\"noopener noreferrer\" data-saferedirecturl=\"https:\/\/www.google.com\/url?q=https:\/\/www.facebook.com\/cg.homevideo.5&amp;source=gmail&amp;ust=1601629197973000&amp;usg=AFQjCNGgDMRy1ET5SF4YLvpHyKsV560W7g\">Facebook<\/a>, <a href=\"https:\/\/www.instagram.com\/cg_entertainment\/\" target=\"_blank\" rel=\"noopener noreferrer\" data-saferedirecturl=\"https:\/\/www.google.com\/url?q=https:\/\/www.instagram.com\/cg_entertainment\/&amp;source=gmail&amp;ust=1601629197973000&amp;usg=AFQjCNHbzrbcExEWlsFLj5sKDuvJQ2JTTw\">Instagram<\/a> e <a href=\"https:\/\/www.youtube.com\/user\/cghomevideo\" target=\"_blank\" rel=\"noopener noreferrer\" data-saferedirecturl=\"https:\/\/www.google.com\/url?q=https:\/\/www.youtube.com\/user\/cghomevideo&amp;source=gmail&amp;ust=1601629197973000&amp;usg=AFQjCNE96k0v6Ou4CenMaynHqd1Ibf7AyA\">Youtube<\/a> di CG Entertainment. <\/strong><\/p>\n<p dir=\"ltr\"><strong>La colonna sonora originale \u00e8 edita e prodotta da Ala Bianca.<\/strong><\/p>\n<p>[\/vc_column_text][vc_video link=&#8221;https:\/\/youtu.be\/vcCwGXLyEPQ&#8221;][\/vc_column][\/vc_row][vc_row][vc_column][vc_column_text]<\/p>\n<h3 dir=\"ltr\"><b>Il film<\/b><\/h3>\n<p dir=\"ltr\">Un racconto thriller di <strong>Paolo Martini e Pablo Benedetti<\/strong> che narra la storia di Andr\u00e9 Golubev (Roberto Caccavo), operaio di un\u2019azienda di imbottigliamento acque la cui vita galleggia metodicamente in una quotidianit\u00e0 soffocante, finch\u00e9 tutto non gli sfugge di mano. Perde il lavoro e si imbatte in Anja L\u00f9kina (Larthia Galli Nannini), una giovane ragazza dai modi ambigui e attrice di film soft porn. Rapita da un gruppo di malviventi russi, la donna porter\u00e0 il protagonista ad affrontare un mondo sotterraneo e notturno, fatto di doppi giochi e incontri pericolosi.<\/p>\n<h4 dir=\"ltr\">La Colonna Sonora<\/h4>\n<p dir=\"ltr\">Le musiche originali di <strong><em>\u201cAnja &#8211; Real_Love_Girl\u201d<\/em><\/strong> sono di <strong>Silvia Nair<\/strong>, artista meglio conosciuta per la sua carriera artistica da cantautrice. Una vera e propria prova di composizione per immagini che ha portato la compositrice a cimentarsi in tinte fosche e ben pi\u00f9 scure rispetto alle sue abituali composizioni.<br \/>\nOltre ad aver composto varie colonne sonore (<em>\u201cOne more day\u201d-2015, \u201cLa direzione del tempo\u201d-2018, \u201cQuesto \u00e8 mio fratello-2018<\/em>), <strong>Silvia Nair ha all\u2019attivo un\u2019importante carriera artistica internazionale. <\/strong><br \/>\n<strong>\u201cLuci e ombre\u201d \u00e8 il suo\u00a0 terzo album di inediti in uscita il 9 ottobre 2020; un disco che vanta la prestigiosa produzione olandese di Franck Van Der Heijden (arrangiatore tra gli altri di Michael Jackson, Justin Timberlake, John Legend, David Guetta, David Garrett, Celine Dion, ecc.) e Michael La Grouw.<\/strong><br \/>\nHanno collaborato alla sua realizzazione musicisti, orchestre d\u2019archi e sound engineers pluri-premiati.<\/p>\n<p>&nbsp;<\/p>\n<p dir=\"ltr\" style=\"text-align: center;\"><strong><em>\u201cANJA-REAL_LOVE_GIRL\u201d<\/em> \u00e8 un film\u00a0 prodotto da con Encom 21 srl 011 Films \/ LaL\u00f9z Films<\/strong><\/p>\n<p>[\/vc_column_text][\/vc_column][\/vc_row]<\/p>\n<\/div>","protected":false},"excerpt":{"rendered":"<p>[vc_row][vc_column][vc_column_text] &#8220;Anja &#8211; Real_Love_Girl&#8221;, di Paolo Martini e Pablo Benedetti con musiche originali di Silvia Nair, in anteprima il 1 ottobre al Lucca Film Festival. Dal 2 ottobre al 29 ottobre il film \u00e8 disponibile in esclusiva on demand per l\u2019Italia sulla piattaforma CG Digital (link: https:\/\/tinyurl.com\/yycxd2cw) Il 2 OTTOBRE alle 20.30 i registi presentano [&hellip;]<\/p>\n","protected":false},"author":65,"featured_media":17765,"comment_status":"open","ping_status":"closed","sticky":false,"template":"","format":"standard","meta":{"_acf_changed":false,"footnotes":""},"categories":[7],"tags":[1502,1808,1813,1567,1179,1812,1570,1811,1809,1810,1566],"class_list":["post-17762","post","type-post","status-publish","format-standard","has-post-thumbnail","hentry","category-notizie","tag-alabianca-per-il-cinema","tag-anja","tag-cecchi-gori","tag-colonna-sonora","tag-colonne-sonore","tag-lucca-film-festival-cg-digital","tag-pablo-benedetti","tag-paolo-martini","tag-real-love-girl","tag-real_love_girl","tag-silvia-nair"],"acf":[],"yoast_head":"<!-- This site is optimized with the Yoast SEO plugin v27.4 - https:\/\/yoast.com\/product\/yoast-seo-wordpress\/ -->\n<title>\u201cANJA\u201d in anteprima al Lucca Film Festival e su CG Digital | Ala Bianca<\/title>\n<meta name=\"description\" content=\"Leggi \u201cANJA\u201d in anteprima al Lucca Film Festival e in streaming su CG Digital su Ala Bianca Group Editore e produttore discografico a Modena\" \/>\n<meta name=\"robots\" content=\"index, follow, max-snippet:-1, max-image-preview:large, max-video-preview:-1\" \/>\n<link rel=\"canonical\" href=\"https:\/\/www.alabianca.it\/it\/notizie\/anja-in-anteprima-al-lucca-film-festival-e-in-streaming-su-cg-digital\/\" \/>\n<meta property=\"og:locale\" content=\"it_IT\" \/>\n<meta property=\"og:type\" content=\"article\" \/>\n<meta property=\"og:title\" content=\"\u201cANJA\u201d in anteprima al Lucca Film Festival e su CG Digital | Ala Bianca\" \/>\n<meta property=\"og:description\" content=\"Leggi \u201cANJA\u201d in anteprima al Lucca Film Festival e in streaming su CG Digital su Ala Bianca Group Editore e produttore discografico a Modena\" \/>\n<meta property=\"og:url\" content=\"https:\/\/www.alabianca.it\/it\/notizie\/anja-in-anteprima-al-lucca-film-festival-e-in-streaming-su-cg-digital\/\" \/>\n<meta property=\"og:site_name\" content=\"Ala Bianca Group\" \/>\n<meta property=\"article:published_time\" content=\"2020-10-01T10:37:02+00:00\" \/>\n<meta property=\"og:image\" content=\"https:\/\/www.alabianca.it\/wp-content\/uploads\/2020\/10\/anja_locandina.jpg\" \/>\n\t<meta property=\"og:image:width\" content=\"1120\" \/>\n\t<meta property=\"og:image:height\" content=\"1600\" \/>\n\t<meta property=\"og:image:type\" content=\"image\/jpeg\" \/>\n<meta name=\"author\" content=\"Irene\" \/>\n<meta name=\"twitter:card\" content=\"summary_large_image\" \/>\n<meta name=\"twitter:label1\" content=\"Scritto da\" \/>\n\t<meta name=\"twitter:data1\" content=\"Irene\" \/>\n\t<meta name=\"twitter:label2\" content=\"Tempo di lettura stimato\" \/>\n\t<meta name=\"twitter:data2\" content=\"2 minuti\" \/>\n<script type=\"application\/ld+json\" class=\"yoast-schema-graph\">{\"@context\":\"https:\\\/\\\/schema.org\",\"@graph\":[{\"@type\":\"Article\",\"@id\":\"https:\\\/\\\/www.alabianca.it\\\/it\\\/notizie\\\/anja-in-anteprima-al-lucca-film-festival-e-in-streaming-su-cg-digital\\\/#article\",\"isPartOf\":{\"@id\":\"https:\\\/\\\/www.alabianca.it\\\/it\\\/notizie\\\/anja-in-anteprima-al-lucca-film-festival-e-in-streaming-su-cg-digital\\\/\"},\"author\":{\"name\":\"Irene\",\"@id\":\"https:\\\/\\\/www.alabianca.it\\\/it\\\/#\\\/schema\\\/person\\\/42a393c26bf819be62e5fe5967bb8de8\"},\"headline\":\"\u201cANJA\u201d in anteprima al Lucca Film Festival e in streaming su CG Digital\",\"datePublished\":\"2020-10-01T10:37:02+00:00\",\"mainEntityOfPage\":{\"@id\":\"https:\\\/\\\/www.alabianca.it\\\/it\\\/notizie\\\/anja-in-anteprima-al-lucca-film-festival-e-in-streaming-su-cg-digital\\\/\"},\"wordCount\":380,\"commentCount\":0,\"publisher\":{\"@id\":\"https:\\\/\\\/www.alabianca.it\\\/it\\\/#organization\"},\"image\":{\"@id\":\"https:\\\/\\\/www.alabianca.it\\\/it\\\/notizie\\\/anja-in-anteprima-al-lucca-film-festival-e-in-streaming-su-cg-digital\\\/#primaryimage\"},\"thumbnailUrl\":\"https:\\\/\\\/www.alabianca.it\\\/wp-content\\\/uploads\\\/2020\\\/10\\\/anja_locandina.jpg\",\"keywords\":[\"Alabianca per il cinema\",\"anja\",\"cecchi gori\",\"colonna sonora\",\"colonne sonore\",\"lucca film festival. CG digital\",\"pablo benedetti\",\"paolo martini\",\"real love girl\",\"real_love_girl\",\"silvia nair\"],\"articleSection\":[\"Notizie\"],\"inLanguage\":\"it-IT\",\"potentialAction\":[{\"@type\":\"CommentAction\",\"name\":\"Comment\",\"target\":[\"https:\\\/\\\/www.alabianca.it\\\/it\\\/notizie\\\/anja-in-anteprima-al-lucca-film-festival-e-in-streaming-su-cg-digital\\\/#respond\"]}]},{\"@type\":\"WebPage\",\"@id\":\"https:\\\/\\\/www.alabianca.it\\\/it\\\/notizie\\\/anja-in-anteprima-al-lucca-film-festival-e-in-streaming-su-cg-digital\\\/\",\"url\":\"https:\\\/\\\/www.alabianca.it\\\/it\\\/notizie\\\/anja-in-anteprima-al-lucca-film-festival-e-in-streaming-su-cg-digital\\\/\",\"name\":\"\u201cANJA\u201d in anteprima al Lucca Film Festival e su CG Digital | Ala Bianca\",\"isPartOf\":{\"@id\":\"https:\\\/\\\/www.alabianca.it\\\/it\\\/#website\"},\"primaryImageOfPage\":{\"@id\":\"https:\\\/\\\/www.alabianca.it\\\/it\\\/notizie\\\/anja-in-anteprima-al-lucca-film-festival-e-in-streaming-su-cg-digital\\\/#primaryimage\"},\"image\":{\"@id\":\"https:\\\/\\\/www.alabianca.it\\\/it\\\/notizie\\\/anja-in-anteprima-al-lucca-film-festival-e-in-streaming-su-cg-digital\\\/#primaryimage\"},\"thumbnailUrl\":\"https:\\\/\\\/www.alabianca.it\\\/wp-content\\\/uploads\\\/2020\\\/10\\\/anja_locandina.jpg\",\"datePublished\":\"2020-10-01T10:37:02+00:00\",\"description\":\"Leggi \u201cANJA\u201d in anteprima al Lucca Film Festival e in streaming su CG Digital su Ala Bianca Group Editore e produttore discografico a Modena\",\"breadcrumb\":{\"@id\":\"https:\\\/\\\/www.alabianca.it\\\/it\\\/notizie\\\/anja-in-anteprima-al-lucca-film-festival-e-in-streaming-su-cg-digital\\\/#breadcrumb\"},\"inLanguage\":\"it-IT\",\"potentialAction\":[{\"@type\":\"ReadAction\",\"target\":[\"https:\\\/\\\/www.alabianca.it\\\/it\\\/notizie\\\/anja-in-anteprima-al-lucca-film-festival-e-in-streaming-su-cg-digital\\\/\"]}]},{\"@type\":\"ImageObject\",\"inLanguage\":\"it-IT\",\"@id\":\"https:\\\/\\\/www.alabianca.it\\\/it\\\/notizie\\\/anja-in-anteprima-al-lucca-film-festival-e-in-streaming-su-cg-digital\\\/#primaryimage\",\"url\":\"https:\\\/\\\/www.alabianca.it\\\/wp-content\\\/uploads\\\/2020\\\/10\\\/anja_locandina.jpg\",\"contentUrl\":\"https:\\\/\\\/www.alabianca.it\\\/wp-content\\\/uploads\\\/2020\\\/10\\\/anja_locandina.jpg\",\"width\":1120,\"height\":1600},{\"@type\":\"BreadcrumbList\",\"@id\":\"https:\\\/\\\/www.alabianca.it\\\/it\\\/notizie\\\/anja-in-anteprima-al-lucca-film-festival-e-in-streaming-su-cg-digital\\\/#breadcrumb\",\"itemListElement\":[{\"@type\":\"ListItem\",\"position\":1,\"name\":\"Home\",\"item\":\"https:\\\/\\\/www.alabianca.it\\\/it\\\/\"},{\"@type\":\"ListItem\",\"position\":2,\"name\":\"\u201cANJA\u201d in anteprima al Lucca Film Festival e in streaming su CG Digital\"}]},{\"@type\":\"WebSite\",\"@id\":\"https:\\\/\\\/www.alabianca.it\\\/it\\\/#website\",\"url\":\"https:\\\/\\\/www.alabianca.it\\\/it\\\/\",\"name\":\"Ala Bianca Group\",\"description\":\"Editore e produttore discografico\",\"publisher\":{\"@id\":\"https:\\\/\\\/www.alabianca.it\\\/it\\\/#organization\"},\"potentialAction\":[{\"@type\":\"SearchAction\",\"target\":{\"@type\":\"EntryPoint\",\"urlTemplate\":\"https:\\\/\\\/www.alabianca.it\\\/it\\\/?s={search_term_string}\"},\"query-input\":{\"@type\":\"PropertyValueSpecification\",\"valueRequired\":true,\"valueName\":\"search_term_string\"}}],\"inLanguage\":\"it-IT\"},{\"@type\":\"Organization\",\"@id\":\"https:\\\/\\\/www.alabianca.it\\\/it\\\/#organization\",\"name\":\"Alabianca Group S.r.l.\",\"url\":\"https:\\\/\\\/www.alabianca.it\\\/it\\\/\",\"logo\":{\"@type\":\"ImageObject\",\"inLanguage\":\"it-IT\",\"@id\":\"https:\\\/\\\/www.alabianca.it\\\/it\\\/#\\\/schema\\\/logo\\\/image\\\/\",\"url\":\"https:\\\/\\\/www.alabianca.it\\\/wp-content\\\/uploads\\\/2018\\\/01\\\/alabianca-records-logo-2018-h-3.png\",\"contentUrl\":\"https:\\\/\\\/www.alabianca.it\\\/wp-content\\\/uploads\\\/2018\\\/01\\\/alabianca-records-logo-2018-h-3.png\",\"width\":345,\"height\":133,\"caption\":\"Alabianca Group S.r.l.\"},\"image\":{\"@id\":\"https:\\\/\\\/www.alabianca.it\\\/it\\\/#\\\/schema\\\/logo\\\/image\\\/\"}},{\"@type\":\"Person\",\"@id\":\"https:\\\/\\\/www.alabianca.it\\\/it\\\/#\\\/schema\\\/person\\\/42a393c26bf819be62e5fe5967bb8de8\",\"name\":\"Irene\",\"url\":\"https:\\\/\\\/www.alabianca.it\\\/it\\\/author\\\/irene\\\/\"}]}<\/script>\n<!-- \/ Yoast SEO plugin. -->","yoast_head_json":{"title":"\u201cANJA\u201d in anteprima al Lucca Film Festival e su CG Digital | Ala Bianca","description":"Leggi \u201cANJA\u201d in anteprima al Lucca Film Festival e in streaming su CG Digital su Ala Bianca Group Editore e produttore discografico a Modena","robots":{"index":"index","follow":"follow","max-snippet":"max-snippet:-1","max-image-preview":"max-image-preview:large","max-video-preview":"max-video-preview:-1"},"canonical":"https:\/\/www.alabianca.it\/it\/notizie\/anja-in-anteprima-al-lucca-film-festival-e-in-streaming-su-cg-digital\/","og_locale":"it_IT","og_type":"article","og_title":"\u201cANJA\u201d in anteprima al Lucca Film Festival e su CG Digital | Ala Bianca","og_description":"Leggi \u201cANJA\u201d in anteprima al Lucca Film Festival e in streaming su CG Digital su Ala Bianca Group Editore e produttore discografico a Modena","og_url":"https:\/\/www.alabianca.it\/it\/notizie\/anja-in-anteprima-al-lucca-film-festival-e-in-streaming-su-cg-digital\/","og_site_name":"Ala Bianca Group","article_published_time":"2020-10-01T10:37:02+00:00","og_image":[{"width":1120,"height":1600,"url":"https:\/\/www.alabianca.it\/wp-content\/uploads\/2020\/10\/anja_locandina.jpg","type":"image\/jpeg"}],"author":"Irene","twitter_card":"summary_large_image","twitter_misc":{"Scritto da":"Irene","Tempo di lettura stimato":"2 minuti"},"schema":{"@context":"https:\/\/schema.org","@graph":[{"@type":"Article","@id":"https:\/\/www.alabianca.it\/it\/notizie\/anja-in-anteprima-al-lucca-film-festival-e-in-streaming-su-cg-digital\/#article","isPartOf":{"@id":"https:\/\/www.alabianca.it\/it\/notizie\/anja-in-anteprima-al-lucca-film-festival-e-in-streaming-su-cg-digital\/"},"author":{"name":"Irene","@id":"https:\/\/www.alabianca.it\/it\/#\/schema\/person\/42a393c26bf819be62e5fe5967bb8de8"},"headline":"\u201cANJA\u201d in anteprima al Lucca Film Festival e in streaming su CG Digital","datePublished":"2020-10-01T10:37:02+00:00","mainEntityOfPage":{"@id":"https:\/\/www.alabianca.it\/it\/notizie\/anja-in-anteprima-al-lucca-film-festival-e-in-streaming-su-cg-digital\/"},"wordCount":380,"commentCount":0,"publisher":{"@id":"https:\/\/www.alabianca.it\/it\/#organization"},"image":{"@id":"https:\/\/www.alabianca.it\/it\/notizie\/anja-in-anteprima-al-lucca-film-festival-e-in-streaming-su-cg-digital\/#primaryimage"},"thumbnailUrl":"https:\/\/www.alabianca.it\/wp-content\/uploads\/2020\/10\/anja_locandina.jpg","keywords":["Alabianca per il cinema","anja","cecchi gori","colonna sonora","colonne sonore","lucca film festival. CG digital","pablo benedetti","paolo martini","real love girl","real_love_girl","silvia nair"],"articleSection":["Notizie"],"inLanguage":"it-IT","potentialAction":[{"@type":"CommentAction","name":"Comment","target":["https:\/\/www.alabianca.it\/it\/notizie\/anja-in-anteprima-al-lucca-film-festival-e-in-streaming-su-cg-digital\/#respond"]}]},{"@type":"WebPage","@id":"https:\/\/www.alabianca.it\/it\/notizie\/anja-in-anteprima-al-lucca-film-festival-e-in-streaming-su-cg-digital\/","url":"https:\/\/www.alabianca.it\/it\/notizie\/anja-in-anteprima-al-lucca-film-festival-e-in-streaming-su-cg-digital\/","name":"\u201cANJA\u201d in anteprima al Lucca Film Festival e su CG Digital | Ala Bianca","isPartOf":{"@id":"https:\/\/www.alabianca.it\/it\/#website"},"primaryImageOfPage":{"@id":"https:\/\/www.alabianca.it\/it\/notizie\/anja-in-anteprima-al-lucca-film-festival-e-in-streaming-su-cg-digital\/#primaryimage"},"image":{"@id":"https:\/\/www.alabianca.it\/it\/notizie\/anja-in-anteprima-al-lucca-film-festival-e-in-streaming-su-cg-digital\/#primaryimage"},"thumbnailUrl":"https:\/\/www.alabianca.it\/wp-content\/uploads\/2020\/10\/anja_locandina.jpg","datePublished":"2020-10-01T10:37:02+00:00","description":"Leggi \u201cANJA\u201d in anteprima al Lucca Film Festival e in streaming su CG Digital su Ala Bianca Group Editore e produttore discografico a Modena","breadcrumb":{"@id":"https:\/\/www.alabianca.it\/it\/notizie\/anja-in-anteprima-al-lucca-film-festival-e-in-streaming-su-cg-digital\/#breadcrumb"},"inLanguage":"it-IT","potentialAction":[{"@type":"ReadAction","target":["https:\/\/www.alabianca.it\/it\/notizie\/anja-in-anteprima-al-lucca-film-festival-e-in-streaming-su-cg-digital\/"]}]},{"@type":"ImageObject","inLanguage":"it-IT","@id":"https:\/\/www.alabianca.it\/it\/notizie\/anja-in-anteprima-al-lucca-film-festival-e-in-streaming-su-cg-digital\/#primaryimage","url":"https:\/\/www.alabianca.it\/wp-content\/uploads\/2020\/10\/anja_locandina.jpg","contentUrl":"https:\/\/www.alabianca.it\/wp-content\/uploads\/2020\/10\/anja_locandina.jpg","width":1120,"height":1600},{"@type":"BreadcrumbList","@id":"https:\/\/www.alabianca.it\/it\/notizie\/anja-in-anteprima-al-lucca-film-festival-e-in-streaming-su-cg-digital\/#breadcrumb","itemListElement":[{"@type":"ListItem","position":1,"name":"Home","item":"https:\/\/www.alabianca.it\/it\/"},{"@type":"ListItem","position":2,"name":"\u201cANJA\u201d in anteprima al Lucca Film Festival e in streaming su CG Digital"}]},{"@type":"WebSite","@id":"https:\/\/www.alabianca.it\/it\/#website","url":"https:\/\/www.alabianca.it\/it\/","name":"Ala Bianca Group","description":"Editore e produttore discografico","publisher":{"@id":"https:\/\/www.alabianca.it\/it\/#organization"},"potentialAction":[{"@type":"SearchAction","target":{"@type":"EntryPoint","urlTemplate":"https:\/\/www.alabianca.it\/it\/?s={search_term_string}"},"query-input":{"@type":"PropertyValueSpecification","valueRequired":true,"valueName":"search_term_string"}}],"inLanguage":"it-IT"},{"@type":"Organization","@id":"https:\/\/www.alabianca.it\/it\/#organization","name":"Alabianca Group S.r.l.","url":"https:\/\/www.alabianca.it\/it\/","logo":{"@type":"ImageObject","inLanguage":"it-IT","@id":"https:\/\/www.alabianca.it\/it\/#\/schema\/logo\/image\/","url":"https:\/\/www.alabianca.it\/wp-content\/uploads\/2018\/01\/alabianca-records-logo-2018-h-3.png","contentUrl":"https:\/\/www.alabianca.it\/wp-content\/uploads\/2018\/01\/alabianca-records-logo-2018-h-3.png","width":345,"height":133,"caption":"Alabianca Group S.r.l."},"image":{"@id":"https:\/\/www.alabianca.it\/it\/#\/schema\/logo\/image\/"}},{"@type":"Person","@id":"https:\/\/www.alabianca.it\/it\/#\/schema\/person\/42a393c26bf819be62e5fe5967bb8de8","name":"Irene","url":"https:\/\/www.alabianca.it\/it\/author\/irene\/"}]}},"_links":{"self":[{"href":"https:\/\/www.alabianca.it\/it\/wp-json\/wp\/v2\/posts\/17762","targetHints":{"allow":["GET"]}}],"collection":[{"href":"https:\/\/www.alabianca.it\/it\/wp-json\/wp\/v2\/posts"}],"about":[{"href":"https:\/\/www.alabianca.it\/it\/wp-json\/wp\/v2\/types\/post"}],"author":[{"embeddable":true,"href":"https:\/\/www.alabianca.it\/it\/wp-json\/wp\/v2\/users\/65"}],"replies":[{"embeddable":true,"href":"https:\/\/www.alabianca.it\/it\/wp-json\/wp\/v2\/comments?post=17762"}],"version-history":[{"count":2,"href":"https:\/\/www.alabianca.it\/it\/wp-json\/wp\/v2\/posts\/17762\/revisions"}],"predecessor-version":[{"id":17764,"href":"https:\/\/www.alabianca.it\/it\/wp-json\/wp\/v2\/posts\/17762\/revisions\/17764"}],"wp:featuredmedia":[{"embeddable":true,"href":"https:\/\/www.alabianca.it\/it\/wp-json\/wp\/v2\/media\/17765"}],"wp:attachment":[{"href":"https:\/\/www.alabianca.it\/it\/wp-json\/wp\/v2\/media?parent=17762"}],"wp:term":[{"taxonomy":"category","embeddable":true,"href":"https:\/\/www.alabianca.it\/it\/wp-json\/wp\/v2\/categories?post=17762"},{"taxonomy":"post_tag","embeddable":true,"href":"https:\/\/www.alabianca.it\/it\/wp-json\/wp\/v2\/tags?post=17762"}],"curies":[{"name":"wp","href":"https:\/\/api.w.org\/{rel}","templated":true}]}}