{"id":17842,"date":"2020-10-22T14:58:05","date_gmt":"2020-10-22T14:58:05","guid":{"rendered":"https:\/\/www.alabianca.it\/?p=17842"},"modified":"2020-10-23T07:16:56","modified_gmt":"2020-10-23T07:16:56","slug":"maroccolo-e-rocchi-vdb23-ristampa-speciale-in-vinile","status":"publish","type":"post","link":"https:\/\/www.alabianca.it\/it\/notizie\/maroccolo-e-rocchi-vdb23-ristampa-speciale-in-vinile\/","title":{"rendered":"Maroccolo e Rocchi &#8211; vdb23, ristampa speciale in vinile"},"content":{"rendered":"<div class=\"wpb-content-wrapper\"><p>[vc_row][vc_column][vc_column_text]<\/p>\n<h2><b>Nuova ristampa<\/b><b> di <em>&#8220;<\/em><\/b><b><i>vdb23\/Nulla \u00e8 andato perso&#8221;, <\/i><\/b><b>l\u2019album evento di<\/b> <b>Gianni Maroccolo e Claudio Rocchi<\/b><\/h2>\n<p>\u201cvdb23 \/ nulla \u00e8 andato perso\u201d di Gianni Maroccolo e Claudio Rocchi: pietra miliare della carriera di Maroccolo e ultimo album di Claudio. Per la prima volta in doppio vinile in edizione limitata in occasione del Record Store Day 2020.[\/vc_column_text][\/vc_column][vc_column][vc_single_image image=&#8221;17843&#8243; img_size=&#8221;medium&#8221; alignment=&#8221;center&#8221; css_animation=&#8221;fadeIn&#8221;][\/vc_column][\/vc_row][vc_row][vc_column][vc_column_text]<span style=\"font-weight: 400;\"><strong>Torna<\/strong><\/span> <span style=\"font-weight: 400;\">&#8220;<\/span><b><i>vdb23\/Nulla \u00e8 andato perso&#8221;<\/i><\/b><span style=\"font-weight: 400;\">, album di culto del 2014 di <strong>Gianni Maroccolo <\/strong>e testamento musicale di <\/span><b>Claudio Rocchi<\/b><span style=\"font-weight: 400;\">. <\/span><span style=\"font-weight: 400;\">A 5 anni di distanza dalla prima edizione su CD, <strong>Ala Bianca <\/strong>lo ripropone nella nuova veste di <b>doppio vinile da collezione. <\/b>L&#8217;album sar\u00e0 pubblicato\u00a0<\/span><span style=\"font-weight: 400;\">in occasione del <\/span><b>Record Store Day 2020 sabato<span style=\"font-weight: 400;\">\u00a0<\/span>24 ottobre<\/b>.<\/p>\n<p><span style=\"font-weight: 400;\">Quasi ottanta minuti di musica d\u2019autore. Un connubio di psichedelia, elettronica e rock, affiancato a testi di rara profondit\u00e0 e collaborazioni prestigiose (<\/span><b>Franco Battiato, Piero Pel\u00f9 &amp; Ghigo Renzulli, Cristina Don\u00e0, Cristiano Godano dei Marlene Kuntz, Massimo Zamboni, Emidio Clementi dei Massimo Volume<\/b>)<span style=\"font-weight: 400;\">. A rendere ancora pi\u00f9 preziosa questa pubblicazione, sulla terza di copertina del vinile sar\u00e0 presente <b>un QRcode per visualizzare alcuni contenuti video che omaggiano la figura di Rocchi<\/b>, fra cui un pensiero di <b>Franco Battiato<\/b>.<\/span><\/p>\n<p>&nbsp;<\/p>\n<h3><strong><i>vdb23\/Nulla \u00e8 andato perso &#8211; l&#8217;album<\/i><\/strong><\/h3>\n<p><span style=\"font-weight: 400;\">Un album-evento che celebra l&#8217;incontro irripetibile tra Gianni Maroccolo e Claudio Rocchi. Un vero e proprio progetto artistico a quattro mani, prodotto da Marok e ultimo lavoro di Claudio Rocchi prima della sua prematura scomparsa. In origine annunciato come \u201cvdb32\u201d, come riferimento allo storico numero civico di Via de&#8217; Bardi dove nacquero i Litfiba, sub\u00ec il ribaltamento del titolo nel suo significato numerologico in \u201cvdb23\u201d, un numero di movimento e mutamento.\u00a0<\/span><\/p>\n<p><span style=\"font-weight: 400;\">I due artisti-amici, provenienti da universi solo in apparenza distanti, producono ologrammi sonori psichedelici ed elettronici con inserti elettroacustici e parole che sono vere e proprie poesie cantate. I brani sono spesso dilatati nei tempi e nello sviluppo armonico e musicale; i testi attraversano con consapevole ottimismo il tempo presente. L&#8217;idea di fondo \u00e8 quella di tracciare gli scenari che il potenziale umano deve configurare in una societ\u00e0 fortemente segnata da molteplici povert\u00e0 e mancanza di prospettive, dove forte \u00e8 la necessit\u00e0 di ideali.<\/span>[\/vc_column_text][\/vc_column][\/vc_row]<\/p>\n<\/div>","protected":false},"excerpt":{"rendered":"<p>[vc_row][vc_column][vc_column_text] Nuova ristampa di &#8220;vdb23\/Nulla \u00e8 andato perso&#8221;, l\u2019album evento di Gianni Maroccolo e Claudio Rocchi \u201cvdb23 \/ nulla \u00e8 andato perso\u201d di Gianni Maroccolo e Claudio Rocchi: pietra miliare della carriera di Maroccolo e ultimo album di Claudio. Per la prima volta in doppio vinile in edizione limitata in occasione del Record Store Day [&hellip;]<\/p>\n","protected":false},"author":65,"featured_media":17843,"comment_status":"open","ping_status":"closed","sticky":false,"template":"","format":"standard","meta":{"_acf_changed":false,"footnotes":""},"categories":[15,7],"tags":[1713,1841,1846,1847,1275,1843,1844,1845,1842,1415],"class_list":["post-17842","post","type-post","status-publish","format-standard","has-post-thumbnail","hentry","category-nuovo-disco","category-notizie","tag-al-kemi-records","tag-claudio-rocchi","tag-doppio-vinile","tag-edizione-limitata","tag-gianni-maroccolo","tag-nulla-e-andato-perso","tag-qr","tag-record-store-day","tag-vdb23","tag-vinile"],"acf":[],"yoast_head":"<!-- This site is optimized with the Yoast SEO plugin v27.4 - https:\/\/yoast.com\/product\/yoast-seo-wordpress\/ -->\n<title>Maroccolo e Rocchi - vdb23, ristampa speciale in vinile | Ala Bianca<\/title>\n<meta name=\"description\" content=\"Leggi Maroccolo e Rocchi - vdb23, ristampa speciale in vinile su Ala Bianca Group Editore e produttore discografico a Modena\" \/>\n<meta name=\"robots\" content=\"index, follow, max-snippet:-1, max-image-preview:large, max-video-preview:-1\" \/>\n<link rel=\"canonical\" href=\"https:\/\/www.alabianca.it\/it\/notizie\/maroccolo-e-rocchi-vdb23-ristampa-speciale-in-vinile\/\" \/>\n<meta property=\"og:locale\" content=\"it_IT\" \/>\n<meta property=\"og:type\" content=\"article\" \/>\n<meta property=\"og:title\" content=\"Maroccolo e Rocchi - vdb23, ristampa speciale in vinile | Ala Bianca\" \/>\n<meta property=\"og:description\" content=\"Leggi Maroccolo e Rocchi - vdb23, ristampa speciale in vinile su Ala Bianca Group Editore e produttore discografico a Modena\" \/>\n<meta property=\"og:url\" content=\"https:\/\/www.alabianca.it\/it\/notizie\/maroccolo-e-rocchi-vdb23-ristampa-speciale-in-vinile\/\" \/>\n<meta property=\"og:site_name\" content=\"Ala Bianca Group\" \/>\n<meta property=\"article:published_time\" content=\"2020-10-22T14:58:05+00:00\" \/>\n<meta property=\"article:modified_time\" content=\"2020-10-23T07:16:56+00:00\" \/>\n<meta property=\"og:image\" content=\"https:\/\/www.alabianca.it\/wp-content\/uploads\/2020\/10\/Gatefold_v1-1-1024x1024.jpg\" \/>\n\t<meta property=\"og:image:width\" content=\"1024\" \/>\n\t<meta property=\"og:image:height\" content=\"1024\" \/>\n\t<meta property=\"og:image:type\" content=\"image\/jpeg\" \/>\n<meta name=\"author\" content=\"Irene\" \/>\n<meta name=\"twitter:card\" content=\"summary_large_image\" \/>\n<meta name=\"twitter:label1\" content=\"Scritto da\" \/>\n\t<meta name=\"twitter:data1\" content=\"Irene\" \/>\n\t<meta name=\"twitter:label2\" content=\"Tempo di lettura stimato\" \/>\n\t<meta name=\"twitter:data2\" content=\"2 minuti\" \/>\n<script type=\"application\/ld+json\" class=\"yoast-schema-graph\">{\"@context\":\"https:\\\/\\\/schema.org\",\"@graph\":[{\"@type\":\"Article\",\"@id\":\"https:\\\/\\\/www.alabianca.it\\\/it\\\/notizie\\\/maroccolo-e-rocchi-vdb23-ristampa-speciale-in-vinile\\\/#article\",\"isPartOf\":{\"@id\":\"https:\\\/\\\/www.alabianca.it\\\/it\\\/notizie\\\/maroccolo-e-rocchi-vdb23-ristampa-speciale-in-vinile\\\/\"},\"author\":{\"name\":\"Irene\",\"@id\":\"https:\\\/\\\/www.alabianca.it\\\/it\\\/#\\\/schema\\\/person\\\/42a393c26bf819be62e5fe5967bb8de8\"},\"headline\":\"Maroccolo e Rocchi &#8211; vdb23, ristampa speciale in vinile\",\"datePublished\":\"2020-10-22T14:58:05+00:00\",\"dateModified\":\"2020-10-23T07:16:56+00:00\",\"mainEntityOfPage\":{\"@id\":\"https:\\\/\\\/www.alabianca.it\\\/it\\\/notizie\\\/maroccolo-e-rocchi-vdb23-ristampa-speciale-in-vinile\\\/\"},\"wordCount\":399,\"commentCount\":0,\"publisher\":{\"@id\":\"https:\\\/\\\/www.alabianca.it\\\/it\\\/#organization\"},\"image\":{\"@id\":\"https:\\\/\\\/www.alabianca.it\\\/it\\\/notizie\\\/maroccolo-e-rocchi-vdb23-ristampa-speciale-in-vinile\\\/#primaryimage\"},\"thumbnailUrl\":\"https:\\\/\\\/www.alabianca.it\\\/wp-content\\\/uploads\\\/2020\\\/10\\\/Gatefold_v1-1.jpg\",\"keywords\":[\"al-kemi records\",\"claudio rocchi\",\"doppio vinile\",\"edizione limitata\",\"Gianni Maroccolo\",\"nulla \u00e8 andato perso\",\"qr\",\"record store day\",\"vdb23\",\"Vinile\"],\"articleSection\":[\"Il Nuovo disco\",\"Notizie\"],\"inLanguage\":\"it-IT\",\"potentialAction\":[{\"@type\":\"CommentAction\",\"name\":\"Comment\",\"target\":[\"https:\\\/\\\/www.alabianca.it\\\/it\\\/notizie\\\/maroccolo-e-rocchi-vdb23-ristampa-speciale-in-vinile\\\/#respond\"]}]},{\"@type\":\"WebPage\",\"@id\":\"https:\\\/\\\/www.alabianca.it\\\/it\\\/notizie\\\/maroccolo-e-rocchi-vdb23-ristampa-speciale-in-vinile\\\/\",\"url\":\"https:\\\/\\\/www.alabianca.it\\\/it\\\/notizie\\\/maroccolo-e-rocchi-vdb23-ristampa-speciale-in-vinile\\\/\",\"name\":\"Maroccolo e Rocchi - vdb23, ristampa speciale in vinile | Ala Bianca\",\"isPartOf\":{\"@id\":\"https:\\\/\\\/www.alabianca.it\\\/it\\\/#website\"},\"primaryImageOfPage\":{\"@id\":\"https:\\\/\\\/www.alabianca.it\\\/it\\\/notizie\\\/maroccolo-e-rocchi-vdb23-ristampa-speciale-in-vinile\\\/#primaryimage\"},\"image\":{\"@id\":\"https:\\\/\\\/www.alabianca.it\\\/it\\\/notizie\\\/maroccolo-e-rocchi-vdb23-ristampa-speciale-in-vinile\\\/#primaryimage\"},\"thumbnailUrl\":\"https:\\\/\\\/www.alabianca.it\\\/wp-content\\\/uploads\\\/2020\\\/10\\\/Gatefold_v1-1.jpg\",\"datePublished\":\"2020-10-22T14:58:05+00:00\",\"dateModified\":\"2020-10-23T07:16:56+00:00\",\"description\":\"Leggi Maroccolo e Rocchi - vdb23, ristampa speciale in vinile su Ala Bianca Group Editore e produttore discografico a Modena\",\"breadcrumb\":{\"@id\":\"https:\\\/\\\/www.alabianca.it\\\/it\\\/notizie\\\/maroccolo-e-rocchi-vdb23-ristampa-speciale-in-vinile\\\/#breadcrumb\"},\"inLanguage\":\"it-IT\",\"potentialAction\":[{\"@type\":\"ReadAction\",\"target\":[\"https:\\\/\\\/www.alabianca.it\\\/it\\\/notizie\\\/maroccolo-e-rocchi-vdb23-ristampa-speciale-in-vinile\\\/\"]}]},{\"@type\":\"ImageObject\",\"inLanguage\":\"it-IT\",\"@id\":\"https:\\\/\\\/www.alabianca.it\\\/it\\\/notizie\\\/maroccolo-e-rocchi-vdb23-ristampa-speciale-in-vinile\\\/#primaryimage\",\"url\":\"https:\\\/\\\/www.alabianca.it\\\/wp-content\\\/uploads\\\/2020\\\/10\\\/Gatefold_v1-1.jpg\",\"contentUrl\":\"https:\\\/\\\/www.alabianca.it\\\/wp-content\\\/uploads\\\/2020\\\/10\\\/Gatefold_v1-1.jpg\",\"width\":1600,\"height\":1600},{\"@type\":\"BreadcrumbList\",\"@id\":\"https:\\\/\\\/www.alabianca.it\\\/it\\\/notizie\\\/maroccolo-e-rocchi-vdb23-ristampa-speciale-in-vinile\\\/#breadcrumb\",\"itemListElement\":[{\"@type\":\"ListItem\",\"position\":1,\"name\":\"Home\",\"item\":\"https:\\\/\\\/www.alabianca.it\\\/it\\\/\"},{\"@type\":\"ListItem\",\"position\":2,\"name\":\"Maroccolo e Rocchi &#8211; vdb23, ristampa speciale in vinile\"}]},{\"@type\":\"WebSite\",\"@id\":\"https:\\\/\\\/www.alabianca.it\\\/it\\\/#website\",\"url\":\"https:\\\/\\\/www.alabianca.it\\\/it\\\/\",\"name\":\"Ala Bianca Group\",\"description\":\"Editore e produttore discografico\",\"publisher\":{\"@id\":\"https:\\\/\\\/www.alabianca.it\\\/it\\\/#organization\"},\"potentialAction\":[{\"@type\":\"SearchAction\",\"target\":{\"@type\":\"EntryPoint\",\"urlTemplate\":\"https:\\\/\\\/www.alabianca.it\\\/it\\\/?s={search_term_string}\"},\"query-input\":{\"@type\":\"PropertyValueSpecification\",\"valueRequired\":true,\"valueName\":\"search_term_string\"}}],\"inLanguage\":\"it-IT\"},{\"@type\":\"Organization\",\"@id\":\"https:\\\/\\\/www.alabianca.it\\\/it\\\/#organization\",\"name\":\"Alabianca Group S.r.l.\",\"url\":\"https:\\\/\\\/www.alabianca.it\\\/it\\\/\",\"logo\":{\"@type\":\"ImageObject\",\"inLanguage\":\"it-IT\",\"@id\":\"https:\\\/\\\/www.alabianca.it\\\/it\\\/#\\\/schema\\\/logo\\\/image\\\/\",\"url\":\"https:\\\/\\\/www.alabianca.it\\\/wp-content\\\/uploads\\\/2018\\\/01\\\/alabianca-records-logo-2018-h-3.png\",\"contentUrl\":\"https:\\\/\\\/www.alabianca.it\\\/wp-content\\\/uploads\\\/2018\\\/01\\\/alabianca-records-logo-2018-h-3.png\",\"width\":345,\"height\":133,\"caption\":\"Alabianca Group S.r.l.\"},\"image\":{\"@id\":\"https:\\\/\\\/www.alabianca.it\\\/it\\\/#\\\/schema\\\/logo\\\/image\\\/\"}},{\"@type\":\"Person\",\"@id\":\"https:\\\/\\\/www.alabianca.it\\\/it\\\/#\\\/schema\\\/person\\\/42a393c26bf819be62e5fe5967bb8de8\",\"name\":\"Irene\",\"url\":\"https:\\\/\\\/www.alabianca.it\\\/it\\\/author\\\/irene\\\/\"}]}<\/script>\n<!-- \/ Yoast SEO plugin. -->","yoast_head_json":{"title":"Maroccolo e Rocchi - vdb23, ristampa speciale in vinile | Ala Bianca","description":"Leggi Maroccolo e Rocchi - vdb23, ristampa speciale in vinile su Ala Bianca Group Editore e produttore discografico a Modena","robots":{"index":"index","follow":"follow","max-snippet":"max-snippet:-1","max-image-preview":"max-image-preview:large","max-video-preview":"max-video-preview:-1"},"canonical":"https:\/\/www.alabianca.it\/it\/notizie\/maroccolo-e-rocchi-vdb23-ristampa-speciale-in-vinile\/","og_locale":"it_IT","og_type":"article","og_title":"Maroccolo e Rocchi - vdb23, ristampa speciale in vinile | Ala Bianca","og_description":"Leggi Maroccolo e Rocchi - vdb23, ristampa speciale in vinile su Ala Bianca Group Editore e produttore discografico a Modena","og_url":"https:\/\/www.alabianca.it\/it\/notizie\/maroccolo-e-rocchi-vdb23-ristampa-speciale-in-vinile\/","og_site_name":"Ala Bianca Group","article_published_time":"2020-10-22T14:58:05+00:00","article_modified_time":"2020-10-23T07:16:56+00:00","og_image":[{"width":1024,"height":1024,"url":"https:\/\/www.alabianca.it\/wp-content\/uploads\/2020\/10\/Gatefold_v1-1-1024x1024.jpg","type":"image\/jpeg"}],"author":"Irene","twitter_card":"summary_large_image","twitter_misc":{"Scritto da":"Irene","Tempo di lettura stimato":"2 minuti"},"schema":{"@context":"https:\/\/schema.org","@graph":[{"@type":"Article","@id":"https:\/\/www.alabianca.it\/it\/notizie\/maroccolo-e-rocchi-vdb23-ristampa-speciale-in-vinile\/#article","isPartOf":{"@id":"https:\/\/www.alabianca.it\/it\/notizie\/maroccolo-e-rocchi-vdb23-ristampa-speciale-in-vinile\/"},"author":{"name":"Irene","@id":"https:\/\/www.alabianca.it\/it\/#\/schema\/person\/42a393c26bf819be62e5fe5967bb8de8"},"headline":"Maroccolo e Rocchi &#8211; vdb23, ristampa speciale in vinile","datePublished":"2020-10-22T14:58:05+00:00","dateModified":"2020-10-23T07:16:56+00:00","mainEntityOfPage":{"@id":"https:\/\/www.alabianca.it\/it\/notizie\/maroccolo-e-rocchi-vdb23-ristampa-speciale-in-vinile\/"},"wordCount":399,"commentCount":0,"publisher":{"@id":"https:\/\/www.alabianca.it\/it\/#organization"},"image":{"@id":"https:\/\/www.alabianca.it\/it\/notizie\/maroccolo-e-rocchi-vdb23-ristampa-speciale-in-vinile\/#primaryimage"},"thumbnailUrl":"https:\/\/www.alabianca.it\/wp-content\/uploads\/2020\/10\/Gatefold_v1-1.jpg","keywords":["al-kemi records","claudio rocchi","doppio vinile","edizione limitata","Gianni Maroccolo","nulla \u00e8 andato perso","qr","record store day","vdb23","Vinile"],"articleSection":["Il Nuovo disco","Notizie"],"inLanguage":"it-IT","potentialAction":[{"@type":"CommentAction","name":"Comment","target":["https:\/\/www.alabianca.it\/it\/notizie\/maroccolo-e-rocchi-vdb23-ristampa-speciale-in-vinile\/#respond"]}]},{"@type":"WebPage","@id":"https:\/\/www.alabianca.it\/it\/notizie\/maroccolo-e-rocchi-vdb23-ristampa-speciale-in-vinile\/","url":"https:\/\/www.alabianca.it\/it\/notizie\/maroccolo-e-rocchi-vdb23-ristampa-speciale-in-vinile\/","name":"Maroccolo e Rocchi - vdb23, ristampa speciale in vinile | Ala Bianca","isPartOf":{"@id":"https:\/\/www.alabianca.it\/it\/#website"},"primaryImageOfPage":{"@id":"https:\/\/www.alabianca.it\/it\/notizie\/maroccolo-e-rocchi-vdb23-ristampa-speciale-in-vinile\/#primaryimage"},"image":{"@id":"https:\/\/www.alabianca.it\/it\/notizie\/maroccolo-e-rocchi-vdb23-ristampa-speciale-in-vinile\/#primaryimage"},"thumbnailUrl":"https:\/\/www.alabianca.it\/wp-content\/uploads\/2020\/10\/Gatefold_v1-1.jpg","datePublished":"2020-10-22T14:58:05+00:00","dateModified":"2020-10-23T07:16:56+00:00","description":"Leggi Maroccolo e Rocchi - vdb23, ristampa speciale in vinile su Ala Bianca Group Editore e produttore discografico a Modena","breadcrumb":{"@id":"https:\/\/www.alabianca.it\/it\/notizie\/maroccolo-e-rocchi-vdb23-ristampa-speciale-in-vinile\/#breadcrumb"},"inLanguage":"it-IT","potentialAction":[{"@type":"ReadAction","target":["https:\/\/www.alabianca.it\/it\/notizie\/maroccolo-e-rocchi-vdb23-ristampa-speciale-in-vinile\/"]}]},{"@type":"ImageObject","inLanguage":"it-IT","@id":"https:\/\/www.alabianca.it\/it\/notizie\/maroccolo-e-rocchi-vdb23-ristampa-speciale-in-vinile\/#primaryimage","url":"https:\/\/www.alabianca.it\/wp-content\/uploads\/2020\/10\/Gatefold_v1-1.jpg","contentUrl":"https:\/\/www.alabianca.it\/wp-content\/uploads\/2020\/10\/Gatefold_v1-1.jpg","width":1600,"height":1600},{"@type":"BreadcrumbList","@id":"https:\/\/www.alabianca.it\/it\/notizie\/maroccolo-e-rocchi-vdb23-ristampa-speciale-in-vinile\/#breadcrumb","itemListElement":[{"@type":"ListItem","position":1,"name":"Home","item":"https:\/\/www.alabianca.it\/it\/"},{"@type":"ListItem","position":2,"name":"Maroccolo e Rocchi &#8211; vdb23, ristampa speciale in vinile"}]},{"@type":"WebSite","@id":"https:\/\/www.alabianca.it\/it\/#website","url":"https:\/\/www.alabianca.it\/it\/","name":"Ala Bianca Group","description":"Editore e produttore discografico","publisher":{"@id":"https:\/\/www.alabianca.it\/it\/#organization"},"potentialAction":[{"@type":"SearchAction","target":{"@type":"EntryPoint","urlTemplate":"https:\/\/www.alabianca.it\/it\/?s={search_term_string}"},"query-input":{"@type":"PropertyValueSpecification","valueRequired":true,"valueName":"search_term_string"}}],"inLanguage":"it-IT"},{"@type":"Organization","@id":"https:\/\/www.alabianca.it\/it\/#organization","name":"Alabianca Group S.r.l.","url":"https:\/\/www.alabianca.it\/it\/","logo":{"@type":"ImageObject","inLanguage":"it-IT","@id":"https:\/\/www.alabianca.it\/it\/#\/schema\/logo\/image\/","url":"https:\/\/www.alabianca.it\/wp-content\/uploads\/2018\/01\/alabianca-records-logo-2018-h-3.png","contentUrl":"https:\/\/www.alabianca.it\/wp-content\/uploads\/2018\/01\/alabianca-records-logo-2018-h-3.png","width":345,"height":133,"caption":"Alabianca Group S.r.l."},"image":{"@id":"https:\/\/www.alabianca.it\/it\/#\/schema\/logo\/image\/"}},{"@type":"Person","@id":"https:\/\/www.alabianca.it\/it\/#\/schema\/person\/42a393c26bf819be62e5fe5967bb8de8","name":"Irene","url":"https:\/\/www.alabianca.it\/it\/author\/irene\/"}]}},"_links":{"self":[{"href":"https:\/\/www.alabianca.it\/it\/wp-json\/wp\/v2\/posts\/17842","targetHints":{"allow":["GET"]}}],"collection":[{"href":"https:\/\/www.alabianca.it\/it\/wp-json\/wp\/v2\/posts"}],"about":[{"href":"https:\/\/www.alabianca.it\/it\/wp-json\/wp\/v2\/types\/post"}],"author":[{"embeddable":true,"href":"https:\/\/www.alabianca.it\/it\/wp-json\/wp\/v2\/users\/65"}],"replies":[{"embeddable":true,"href":"https:\/\/www.alabianca.it\/it\/wp-json\/wp\/v2\/comments?post=17842"}],"version-history":[{"count":13,"href":"https:\/\/www.alabianca.it\/it\/wp-json\/wp\/v2\/posts\/17842\/revisions"}],"predecessor-version":[{"id":17857,"href":"https:\/\/www.alabianca.it\/it\/wp-json\/wp\/v2\/posts\/17842\/revisions\/17857"}],"wp:featuredmedia":[{"embeddable":true,"href":"https:\/\/www.alabianca.it\/it\/wp-json\/wp\/v2\/media\/17843"}],"wp:attachment":[{"href":"https:\/\/www.alabianca.it\/it\/wp-json\/wp\/v2\/media?parent=17842"}],"wp:term":[{"taxonomy":"category","embeddable":true,"href":"https:\/\/www.alabianca.it\/it\/wp-json\/wp\/v2\/categories?post=17842"},{"taxonomy":"post_tag","embeddable":true,"href":"https:\/\/www.alabianca.it\/it\/wp-json\/wp\/v2\/tags?post=17842"}],"curies":[{"name":"wp","href":"https:\/\/api.w.org\/{rel}","templated":true}]}}