{"id":17984,"date":"2020-12-10T08:48:52","date_gmt":"2020-12-10T08:48:52","guid":{"rendered":"https:\/\/www.alabianca.it\/?p=17984"},"modified":"2020-12-10T09:12:13","modified_gmt":"2020-12-10T09:12:13","slug":"fuori-voci-x-la-liberta-una-canzone-per-amnesty","status":"publish","type":"post","link":"https:\/\/www.alabianca.it\/it\/notizie\/fuori-voci-x-la-liberta-una-canzone-per-amnesty\/","title":{"rendered":"Fuori Voci x la Libert\u00e0 &#8211; una canzone per Amnesty"},"content":{"rendered":"<div class=\"wpb-content-wrapper\"><p>[vc_row][vc_column][vc_column_text]<\/p>\n<h2><b>\u201cVoci x la libert\u00e0 \u2013 una canzone per Amnesty 23a edizione&#8221; <\/b><\/h2>\n<p><strong>FUORI OGGI, 10 DICEMBRE 2020, L\u2019ALBUM CON FABI, REI, VICARIO, HER E MOLTI ALTRI PER L\u2019ANNIVERSARIO DELLA DICHIARAZIONE DEI DIRITTI UMANI<\/strong><\/p>\n<p><span style=\"font-weight: 400;\"><strong>Il 10 dicembre 1948 veniva firmata a Parigi la Dichiarazione universale dei diritti umani<\/strong>. Per ribadire l\u2019importanza dell\u2019anniversario,<strong> \u201cVoci per la libert\u00e0 \u2013 Una canzone per Amnesty\u201d<\/strong>, lo storico festival della provincia di Rovigo, esce con l\u2019album della 23<\/span><span style=\"font-weight: 400;\">a<\/span><span style=\"font-weight: 400;\"> edizione, raccogliendo i brani dei protagonisti, dai nomi pi\u00f9 affermati, come <strong>Niccol\u00f2 Fabi<\/strong>, <strong>Marina Rei<\/strong> e <strong>Margherita Vicario<\/strong>, ai finalisti del contest per emergenti.\u00a0<\/span><\/p>\n<p><span style=\"font-weight: 400;\">La raccolta esce prima nella versione digitale, proprio oggi 10 dicembre, e poi, a fine gennaio, in una versione in vinile (180 gr. edizione limitata e numerata).<\/span>[\/vc_column_text][vc_single_image image=&#8221;17985&#8243; img_size=&#8221;medium&#8221; alignment=&#8221;center&#8221;][vc_btn title=&#8221;ASCOLTA ORA&#8221; color=&#8221;orange&#8221; align=&#8221;center&#8221; link=&#8221;url:http%3A%2F%2Fvocixlaliberta.lnk.to%2F2020&#8243;][\/vc_column][\/vc_row][vc_row][vc_column][vc_column_text]<span style=\"font-weight: 400;\">Esce per Ala Bianca la nuova compilation \u201cVoci per la Libert\u00e0\u201d 2020. Contiene brani dei vincitori della 23a edizione del festival, <strong>Niccol\u00f2 Fabi<\/strong> con il brano <em>\u201cIo sono l\u2019altro\u201d<\/em> (Premio Amnesty International Italia nella sezione Big), e <strong>H.E.R.<\/strong> con <em>\u201cIl mondo non cambia mai\u201d<\/em>, vincitrice nella sezione emergenti. Ma l\u2019eclettica cantautrice-musicista ha offerto anche un\u2019altra canzone, nata proprio per festeggiare la vittoria e dedicata ad Amnesty e a Voci per la libert\u00e0: <em>\u201cIl nostro mondo\u201d<\/em>. Il brano ha anticipato la raccolta accompagnato da un video prodotto da Voci per la libert\u00e0 e disponibile all\u2019indirizzo: <\/span><a href=\"https:\/\/l.facebook.com\/l.php?u=https%3A%2F%2Fyoutu.be%2FcNa1v8CLEXc%3Ffbclid%3DIwAR0pUHYp463fBjWo5_z0OaSNgBlayoFG2xQS0jopyoEwVPi_tgVWd1jCGqs&amp;h=AT1ludCf9gDx-0gknmz7cj_tGP4P9mJ06XA3cIrxZvqLMXTyiFX-HgFXFQoqQDZyxPkjkNmn4n1VoIN8q19VWy7vh--gheJa9jX7nCZ_QaRsG638SZplT6d5udhS-FssQJnaD2wL4-ItHQBUj3E3jODCOprEf0hc1A97DFZ0CD8cYZRA0MVdnUoZhQOyX72RXYTyLtixQYFgMCc1NfNXQ095yNvr2WexhgFON7yIWDPN5XM58kEe2Rs3IJHxf-M5xzoscnA_0tqNzap_nq-kqTyZ1MklQMafKsR2DwtJudANAo-pFkEx9YT02r6LOVi8F1nSnwFvLWsqLXOz58cZxOrlPXQ5jU5oLioRlFM6CJeKSaB5j_1E57NGWHNHA9AaBRfwj569xo73hEmfzy8VxfmFei_aWS4sivS6pPzrf20u5Y_R3dqdbdiFkwxiWuR47hM88szb3ub6z80l8FdplaJASi06AN531XvMSXCI3aNdCzOrQfoqq1VQhOZ8b1RvitxVu4a4gCF2tuQakQjJB6YobA2mjLcMMOO88Ykmv6qn7kSmX5Qg-vetqfMQGBT2B8IzWqxdkyHjsVgDglspTVeNA9mUnB6YSiUUubLJZaymiAyFZECPkqt03zzmbm-3CCk\"><span style=\"font-weight: 400;\">https:\/\/youtu.be\/cNa1v8CLEXc<\/span><\/a><span style=\"font-weight: 400;\">\u00a0<\/span><\/p>\n<p><span style=\"font-weight: 400;\">\u00a0Le altre finaliste: <strong>Agnese Valle<\/strong> (con <em>\u201cLa terra sbatte\u201d<\/em>), che ha vinto il Premio della critica; <strong>Adriana<\/strong> (con <em>\u201cBumaye\u201d<\/em>), premio del pubblico; <strong>Assia Fiorillo<\/strong> (con <em>\u201cIo sono te\u201d<\/em>), premio \u201cIl migliore per noi\u201d; e <strong>Micaela Tempesta<\/strong> (che ha presentato <em>\u201c4M3N\u201d<\/em>).<\/span><\/p>\n<p><span style=\"font-weight: 400;\">E poi gli ospiti: <strong>Marina Rei<\/strong> con <em>\u201cDonna che parla in fretta\u201d<\/em>, <strong>Margherita Vicario<\/strong> con <em>\u201cMandela\u201d<\/em>, i <strong>Meganoidi<\/strong> con <em>\u201cPersone nuove\u201d<\/em>, <strong>The Boylers<\/strong> con <em>\u201cThis Is My Place\u201d<\/em>, i <strong>Grace N Kaos<\/strong>, con <em>\u201cBlu cobalto\u201d<\/em>.\u00a0\u00a0<\/span><\/p>\n<p><span style=\"font-weight: 400;\">Sulla copertina campeggia lo slogan \u201cSui diritti non si torna indietro\u201d, per ribadire l\u2019importanza dell&#8217;impegno in favore dei diritti di tutte e di tutti. <em>\u201cUna raccolta\u201d<\/em>, come dichiara <strong>Michele Lionello<\/strong>, direttore artistico di Voci per la libert\u00e0, <em>\u201cche lascia che siano bellezza ed emozione a lavorare perch\u00e9 le violazioni dei diritti umani cessino una volta per tutte. A questo proposito vorrei ringraziare per la sensibilit\u00e0 tutti i protagonisti, artisti e discografici, che si sono resi disponibili per questa operazione\u201d<\/em>.<\/span><\/p>\n<p>&nbsp;<\/p>\n<p><span style=\"font-weight: 400;\">Dal 10 dicembre \u00e8 online anche il bando di concorso per la nuova edizione del contest per emergenti, mentre da gennaio partiranno le selezioni per le nomination per il premio ai Big. Il tutto in vista della prossima edizione, prevista dal 23 al 25 luglio a Rosolina Mare.<\/span><\/p>\n<p><span style=\"font-weight: 400;\">Per maggiori informazioni: <\/span><a href=\"http:\/\/www.vociperlaliberta.it\/\"><span style=\"font-weight: 400;\">www.vociperlaliberta.it<\/span><\/a><\/p>\n<p>&nbsp;<\/p>\n<h3><b>\u201cVoci x la Libert\u00e0 \u2013 Una canzone per Amnesty 23<\/b><b>a<\/b><b> edizione\u201d <\/b><b><br \/>\n<\/b><b>LA TRACKLIST COMPLETA:<\/b><\/h3>\n<ol>\n<li><span style=\"font-weight: 400;\">Niccol\u00f2 Fabi &#8211; IO SONO L\u2019ALTRO<\/span><\/li>\n<li><span style=\"font-weight: 400;\">H.E.R. &#8211; IL MONDO NON CAMBIA MAI<\/span><\/li>\n<li><span style=\"font-weight: 400;\">Marina Rei &#8211; DONNA CHE PARLA IN FRETTA\u00a0<\/span><\/li>\n<li><span style=\"font-weight: 400;\">Agnese Valle (ft. Orchestra di Torpignattara)\u00a0 &#8211; LA TERRA SBATTE<\/span><\/li>\n<li><span style=\"font-weight: 400;\">Margherita Vicario &#8211; MANDELA<\/span><\/li>\n<li><span style=\"font-weight: 400;\">Adriana &#8211; BUMAYE<\/span><\/li>\n<li><span style=\"font-weight: 400;\">Assia Fiorillo &#8211; IO SONO TE<\/span><\/li>\n<li><span style=\"font-weight: 400;\">Micaela Tempesta &#8211; 4M3N<\/span><\/li>\n<li><span style=\"font-weight: 400;\">Meganoidi &#8211; PERSONE NUOVE<\/span><\/li>\n<li><span style=\"font-weight: 400;\">The Boylers &#8211; THIS IS MY PLACE<\/span><\/li>\n<li><span style=\"font-weight: 400;\">Grace N Kaos &#8211; BLU COBALTO<\/span><\/li>\n<li><span style=\"font-weight: 400;\">H.E.R. &#8211; IL NOSTRO MONDO<\/span><\/li>\n<\/ol>\n<p>[\/vc_column_text][\/vc_column][\/vc_row]<\/p>\n<\/div>","protected":false},"excerpt":{"rendered":"<p>[vc_row][vc_column][vc_column_text] \u201cVoci x la libert\u00e0 \u2013 una canzone per Amnesty 23a edizione&#8221; FUORI OGGI, 10 DICEMBRE 2020, L\u2019ALBUM CON FABI, REI, VICARIO, HER E MOLTI ALTRI PER L\u2019ANNIVERSARIO DELLA DICHIARAZIONE DEI DIRITTI UMANI Il 10 dicembre 1948 veniva firmata a Parigi la Dichiarazione universale dei diritti umani. Per ribadire l\u2019importanza dell\u2019anniversario, \u201cVoci per la libert\u00e0 [&hellip;]<\/p>\n","protected":false},"author":65,"featured_media":17985,"comment_status":"open","ping_status":"closed","sticky":false,"template":"","format":"standard","meta":{"_acf_changed":false,"footnotes":""},"categories":[7],"tags":[1730,1872,1883,1886,1870,1875,1882,1837,1885,1880,1881,1877,1733,1878,1884,1876,1879,1871,1873,1874],"class_list":["post-17984","post","type-post","status-publish","format-standard","has-post-thumbnail","hentry","category-notizie","tag-1730","tag-23a-edizione","tag-adriana","tag-agnese-valle","tag-ala-bianca","tag-amnesty-international","tag-assia-fiorillo","tag-bravo-records","tag-grace-n-kaos","tag-h-e-r","tag-her","tag-margherita-vicario","tag-marina-rei","tag-meganoidi","tag-micaela-tempesta","tag-niccolo-fabi","tag-the-boylers","tag-voci-per-la-liberta","tag-voci-x-la-liberta","tag-vxl"],"acf":[],"yoast_head":"<!-- This site is optimized with the Yoast SEO plugin v27.5 - https:\/\/yoast.com\/product\/yoast-seo-wordpress\/ -->\n<title>Fuori Voci x la Libert\u00e0 - una canzone per Amnesty | Ala Bianca<\/title>\n<meta name=\"description\" content=\"Leggi Fuori Voci x la Libert\u00e0 - una canzone per Amnesty su Ala Bianca Group Editore e produttore discografico a Modena\" \/>\n<meta name=\"robots\" content=\"index, follow, max-snippet:-1, max-image-preview:large, max-video-preview:-1\" \/>\n<link rel=\"canonical\" href=\"https:\/\/www.alabianca.it\/it\/notizie\/fuori-voci-x-la-liberta-una-canzone-per-amnesty\/\" \/>\n<meta property=\"og:locale\" content=\"it_IT\" \/>\n<meta property=\"og:type\" content=\"article\" \/>\n<meta property=\"og:title\" content=\"Fuori Voci x la Libert\u00e0 - una canzone per Amnesty | Ala Bianca\" \/>\n<meta property=\"og:description\" content=\"Leggi Fuori Voci x la Libert\u00e0 - una canzone per Amnesty su Ala Bianca Group Editore e produttore discografico a Modena\" \/>\n<meta property=\"og:url\" content=\"https:\/\/www.alabianca.it\/it\/notizie\/fuori-voci-x-la-liberta-una-canzone-per-amnesty\/\" \/>\n<meta property=\"og:site_name\" content=\"Ala Bianca Group\" \/>\n<meta property=\"article:published_time\" content=\"2020-12-10T08:48:52+00:00\" \/>\n<meta property=\"article:modified_time\" content=\"2020-12-10T09:12:13+00:00\" \/>\n<meta property=\"og:image\" content=\"https:\/\/www.alabianca.it\/wp-content\/uploads\/2020\/12\/vocixlaliberta2020_cover-1024x1024.png\" \/>\n\t<meta property=\"og:image:width\" content=\"1024\" \/>\n\t<meta property=\"og:image:height\" content=\"1024\" \/>\n\t<meta property=\"og:image:type\" content=\"image\/png\" \/>\n<meta name=\"author\" content=\"Irene\" \/>\n<meta name=\"twitter:card\" content=\"summary_large_image\" \/>\n<meta name=\"twitter:label1\" content=\"Scritto da\" \/>\n\t<meta name=\"twitter:data1\" content=\"Irene\" \/>\n\t<meta name=\"twitter:label2\" content=\"Tempo di lettura stimato\" \/>\n\t<meta name=\"twitter:data2\" content=\"3 minuti\" \/>\n<script type=\"application\/ld+json\" class=\"yoast-schema-graph\">{\"@context\":\"https:\\\/\\\/schema.org\",\"@graph\":[{\"@type\":\"Article\",\"@id\":\"https:\\\/\\\/www.alabianca.it\\\/it\\\/notizie\\\/fuori-voci-x-la-liberta-una-canzone-per-amnesty\\\/#article\",\"isPartOf\":{\"@id\":\"https:\\\/\\\/www.alabianca.it\\\/it\\\/notizie\\\/fuori-voci-x-la-liberta-una-canzone-per-amnesty\\\/\"},\"author\":{\"name\":\"Irene\",\"@id\":\"https:\\\/\\\/www.alabianca.it\\\/it\\\/#\\\/schema\\\/person\\\/42a393c26bf819be62e5fe5967bb8de8\"},\"headline\":\"Fuori Voci x la Libert\u00e0 &#8211; una canzone per Amnesty\",\"datePublished\":\"2020-12-10T08:48:52+00:00\",\"dateModified\":\"2020-12-10T09:12:13+00:00\",\"mainEntityOfPage\":{\"@id\":\"https:\\\/\\\/www.alabianca.it\\\/it\\\/notizie\\\/fuori-voci-x-la-liberta-una-canzone-per-amnesty\\\/\"},\"wordCount\":587,\"commentCount\":0,\"publisher\":{\"@id\":\"https:\\\/\\\/www.alabianca.it\\\/it\\\/#organization\"},\"image\":{\"@id\":\"https:\\\/\\\/www.alabianca.it\\\/it\\\/notizie\\\/fuori-voci-x-la-liberta-una-canzone-per-amnesty\\\/#primaryimage\"},\"thumbnailUrl\":\"https:\\\/\\\/www.alabianca.it\\\/wp-content\\\/uploads\\\/2020\\\/12\\\/vocixlaliberta2020_cover.png\",\"keywords\":[\"2020\",\"23a edizione\",\"adriana\",\"agnese valle\",\"ala bianca\",\"amnesty international\",\"assia fiorillo\",\"bravo records\",\"grace n kaos\",\"h.e.r.\",\"her\",\"margherita vicario\",\"marina rei\",\"meganoidi\",\"micaela tempesta\",\"niccol\u00f2 fabi\",\"the boylers\",\"voci per la libert\u00e0\",\"voci x la libert\u00e0\",\"vxl\"],\"articleSection\":[\"Notizie\"],\"inLanguage\":\"it-IT\",\"potentialAction\":[{\"@type\":\"CommentAction\",\"name\":\"Comment\",\"target\":[\"https:\\\/\\\/www.alabianca.it\\\/it\\\/notizie\\\/fuori-voci-x-la-liberta-una-canzone-per-amnesty\\\/#respond\"]}]},{\"@type\":\"WebPage\",\"@id\":\"https:\\\/\\\/www.alabianca.it\\\/it\\\/notizie\\\/fuori-voci-x-la-liberta-una-canzone-per-amnesty\\\/\",\"url\":\"https:\\\/\\\/www.alabianca.it\\\/it\\\/notizie\\\/fuori-voci-x-la-liberta-una-canzone-per-amnesty\\\/\",\"name\":\"Fuori Voci x la Libert\u00e0 - una canzone per Amnesty | Ala Bianca\",\"isPartOf\":{\"@id\":\"https:\\\/\\\/www.alabianca.it\\\/it\\\/#website\"},\"primaryImageOfPage\":{\"@id\":\"https:\\\/\\\/www.alabianca.it\\\/it\\\/notizie\\\/fuori-voci-x-la-liberta-una-canzone-per-amnesty\\\/#primaryimage\"},\"image\":{\"@id\":\"https:\\\/\\\/www.alabianca.it\\\/it\\\/notizie\\\/fuori-voci-x-la-liberta-una-canzone-per-amnesty\\\/#primaryimage\"},\"thumbnailUrl\":\"https:\\\/\\\/www.alabianca.it\\\/wp-content\\\/uploads\\\/2020\\\/12\\\/vocixlaliberta2020_cover.png\",\"datePublished\":\"2020-12-10T08:48:52+00:00\",\"dateModified\":\"2020-12-10T09:12:13+00:00\",\"description\":\"Leggi Fuori Voci x la Libert\u00e0 - una canzone per Amnesty su Ala Bianca Group Editore e produttore discografico a Modena\",\"breadcrumb\":{\"@id\":\"https:\\\/\\\/www.alabianca.it\\\/it\\\/notizie\\\/fuori-voci-x-la-liberta-una-canzone-per-amnesty\\\/#breadcrumb\"},\"inLanguage\":\"it-IT\",\"potentialAction\":[{\"@type\":\"ReadAction\",\"target\":[\"https:\\\/\\\/www.alabianca.it\\\/it\\\/notizie\\\/fuori-voci-x-la-liberta-una-canzone-per-amnesty\\\/\"]}]},{\"@type\":\"ImageObject\",\"inLanguage\":\"it-IT\",\"@id\":\"https:\\\/\\\/www.alabianca.it\\\/it\\\/notizie\\\/fuori-voci-x-la-liberta-una-canzone-per-amnesty\\\/#primaryimage\",\"url\":\"https:\\\/\\\/www.alabianca.it\\\/wp-content\\\/uploads\\\/2020\\\/12\\\/vocixlaliberta2020_cover.png\",\"contentUrl\":\"https:\\\/\\\/www.alabianca.it\\\/wp-content\\\/uploads\\\/2020\\\/12\\\/vocixlaliberta2020_cover.png\",\"width\":2400,\"height\":2400,\"caption\":\"cover voci per la libert\u00e0 una canzone per amnesty\"},{\"@type\":\"BreadcrumbList\",\"@id\":\"https:\\\/\\\/www.alabianca.it\\\/it\\\/notizie\\\/fuori-voci-x-la-liberta-una-canzone-per-amnesty\\\/#breadcrumb\",\"itemListElement\":[{\"@type\":\"ListItem\",\"position\":1,\"name\":\"Home\",\"item\":\"https:\\\/\\\/www.alabianca.it\\\/it\\\/\"},{\"@type\":\"ListItem\",\"position\":2,\"name\":\"Fuori Voci x la Libert\u00e0 &#8211; una canzone per Amnesty\"}]},{\"@type\":\"WebSite\",\"@id\":\"https:\\\/\\\/www.alabianca.it\\\/it\\\/#website\",\"url\":\"https:\\\/\\\/www.alabianca.it\\\/it\\\/\",\"name\":\"Ala Bianca Group\",\"description\":\"Editore e produttore discografico\",\"publisher\":{\"@id\":\"https:\\\/\\\/www.alabianca.it\\\/it\\\/#organization\"},\"potentialAction\":[{\"@type\":\"SearchAction\",\"target\":{\"@type\":\"EntryPoint\",\"urlTemplate\":\"https:\\\/\\\/www.alabianca.it\\\/it\\\/?s={search_term_string}\"},\"query-input\":{\"@type\":\"PropertyValueSpecification\",\"valueRequired\":true,\"valueName\":\"search_term_string\"}}],\"inLanguage\":\"it-IT\"},{\"@type\":\"Organization\",\"@id\":\"https:\\\/\\\/www.alabianca.it\\\/it\\\/#organization\",\"name\":\"Alabianca Group S.r.l.\",\"url\":\"https:\\\/\\\/www.alabianca.it\\\/it\\\/\",\"logo\":{\"@type\":\"ImageObject\",\"inLanguage\":\"it-IT\",\"@id\":\"https:\\\/\\\/www.alabianca.it\\\/it\\\/#\\\/schema\\\/logo\\\/image\\\/\",\"url\":\"https:\\\/\\\/www.alabianca.it\\\/wp-content\\\/uploads\\\/2018\\\/01\\\/alabianca-records-logo-2018-h-3.png\",\"contentUrl\":\"https:\\\/\\\/www.alabianca.it\\\/wp-content\\\/uploads\\\/2018\\\/01\\\/alabianca-records-logo-2018-h-3.png\",\"width\":345,\"height\":133,\"caption\":\"Alabianca Group S.r.l.\"},\"image\":{\"@id\":\"https:\\\/\\\/www.alabianca.it\\\/it\\\/#\\\/schema\\\/logo\\\/image\\\/\"}},{\"@type\":\"Person\",\"@id\":\"https:\\\/\\\/www.alabianca.it\\\/it\\\/#\\\/schema\\\/person\\\/42a393c26bf819be62e5fe5967bb8de8\",\"name\":\"Irene\",\"url\":\"https:\\\/\\\/www.alabianca.it\\\/it\\\/author\\\/irene\\\/\"}]}<\/script>\n<!-- \/ Yoast SEO plugin. -->","yoast_head_json":{"title":"Fuori Voci x la Libert\u00e0 - una canzone per Amnesty | Ala Bianca","description":"Leggi Fuori Voci x la Libert\u00e0 - una canzone per Amnesty su Ala Bianca Group Editore e produttore discografico a Modena","robots":{"index":"index","follow":"follow","max-snippet":"max-snippet:-1","max-image-preview":"max-image-preview:large","max-video-preview":"max-video-preview:-1"},"canonical":"https:\/\/www.alabianca.it\/it\/notizie\/fuori-voci-x-la-liberta-una-canzone-per-amnesty\/","og_locale":"it_IT","og_type":"article","og_title":"Fuori Voci x la Libert\u00e0 - una canzone per Amnesty | Ala Bianca","og_description":"Leggi Fuori Voci x la Libert\u00e0 - una canzone per Amnesty su Ala Bianca Group Editore e produttore discografico a Modena","og_url":"https:\/\/www.alabianca.it\/it\/notizie\/fuori-voci-x-la-liberta-una-canzone-per-amnesty\/","og_site_name":"Ala Bianca Group","article_published_time":"2020-12-10T08:48:52+00:00","article_modified_time":"2020-12-10T09:12:13+00:00","og_image":[{"width":1024,"height":1024,"url":"https:\/\/www.alabianca.it\/wp-content\/uploads\/2020\/12\/vocixlaliberta2020_cover-1024x1024.png","type":"image\/png"}],"author":"Irene","twitter_card":"summary_large_image","twitter_misc":{"Scritto da":"Irene","Tempo di lettura stimato":"3 minuti"},"schema":{"@context":"https:\/\/schema.org","@graph":[{"@type":"Article","@id":"https:\/\/www.alabianca.it\/it\/notizie\/fuori-voci-x-la-liberta-una-canzone-per-amnesty\/#article","isPartOf":{"@id":"https:\/\/www.alabianca.it\/it\/notizie\/fuori-voci-x-la-liberta-una-canzone-per-amnesty\/"},"author":{"name":"Irene","@id":"https:\/\/www.alabianca.it\/it\/#\/schema\/person\/42a393c26bf819be62e5fe5967bb8de8"},"headline":"Fuori Voci x la Libert\u00e0 &#8211; una canzone per Amnesty","datePublished":"2020-12-10T08:48:52+00:00","dateModified":"2020-12-10T09:12:13+00:00","mainEntityOfPage":{"@id":"https:\/\/www.alabianca.it\/it\/notizie\/fuori-voci-x-la-liberta-una-canzone-per-amnesty\/"},"wordCount":587,"commentCount":0,"publisher":{"@id":"https:\/\/www.alabianca.it\/it\/#organization"},"image":{"@id":"https:\/\/www.alabianca.it\/it\/notizie\/fuori-voci-x-la-liberta-una-canzone-per-amnesty\/#primaryimage"},"thumbnailUrl":"https:\/\/www.alabianca.it\/wp-content\/uploads\/2020\/12\/vocixlaliberta2020_cover.png","keywords":["2020","23a edizione","adriana","agnese valle","ala bianca","amnesty international","assia fiorillo","bravo records","grace n kaos","h.e.r.","her","margherita vicario","marina rei","meganoidi","micaela tempesta","niccol\u00f2 fabi","the boylers","voci per la libert\u00e0","voci x la libert\u00e0","vxl"],"articleSection":["Notizie"],"inLanguage":"it-IT","potentialAction":[{"@type":"CommentAction","name":"Comment","target":["https:\/\/www.alabianca.it\/it\/notizie\/fuori-voci-x-la-liberta-una-canzone-per-amnesty\/#respond"]}]},{"@type":"WebPage","@id":"https:\/\/www.alabianca.it\/it\/notizie\/fuori-voci-x-la-liberta-una-canzone-per-amnesty\/","url":"https:\/\/www.alabianca.it\/it\/notizie\/fuori-voci-x-la-liberta-una-canzone-per-amnesty\/","name":"Fuori Voci x la Libert\u00e0 - una canzone per Amnesty | Ala Bianca","isPartOf":{"@id":"https:\/\/www.alabianca.it\/it\/#website"},"primaryImageOfPage":{"@id":"https:\/\/www.alabianca.it\/it\/notizie\/fuori-voci-x-la-liberta-una-canzone-per-amnesty\/#primaryimage"},"image":{"@id":"https:\/\/www.alabianca.it\/it\/notizie\/fuori-voci-x-la-liberta-una-canzone-per-amnesty\/#primaryimage"},"thumbnailUrl":"https:\/\/www.alabianca.it\/wp-content\/uploads\/2020\/12\/vocixlaliberta2020_cover.png","datePublished":"2020-12-10T08:48:52+00:00","dateModified":"2020-12-10T09:12:13+00:00","description":"Leggi Fuori Voci x la Libert\u00e0 - una canzone per Amnesty su Ala Bianca Group Editore e produttore discografico a Modena","breadcrumb":{"@id":"https:\/\/www.alabianca.it\/it\/notizie\/fuori-voci-x-la-liberta-una-canzone-per-amnesty\/#breadcrumb"},"inLanguage":"it-IT","potentialAction":[{"@type":"ReadAction","target":["https:\/\/www.alabianca.it\/it\/notizie\/fuori-voci-x-la-liberta-una-canzone-per-amnesty\/"]}]},{"@type":"ImageObject","inLanguage":"it-IT","@id":"https:\/\/www.alabianca.it\/it\/notizie\/fuori-voci-x-la-liberta-una-canzone-per-amnesty\/#primaryimage","url":"https:\/\/www.alabianca.it\/wp-content\/uploads\/2020\/12\/vocixlaliberta2020_cover.png","contentUrl":"https:\/\/www.alabianca.it\/wp-content\/uploads\/2020\/12\/vocixlaliberta2020_cover.png","width":2400,"height":2400,"caption":"cover voci per la libert\u00e0 una canzone per amnesty"},{"@type":"BreadcrumbList","@id":"https:\/\/www.alabianca.it\/it\/notizie\/fuori-voci-x-la-liberta-una-canzone-per-amnesty\/#breadcrumb","itemListElement":[{"@type":"ListItem","position":1,"name":"Home","item":"https:\/\/www.alabianca.it\/it\/"},{"@type":"ListItem","position":2,"name":"Fuori Voci x la Libert\u00e0 &#8211; una canzone per Amnesty"}]},{"@type":"WebSite","@id":"https:\/\/www.alabianca.it\/it\/#website","url":"https:\/\/www.alabianca.it\/it\/","name":"Ala Bianca Group","description":"Editore e produttore discografico","publisher":{"@id":"https:\/\/www.alabianca.it\/it\/#organization"},"potentialAction":[{"@type":"SearchAction","target":{"@type":"EntryPoint","urlTemplate":"https:\/\/www.alabianca.it\/it\/?s={search_term_string}"},"query-input":{"@type":"PropertyValueSpecification","valueRequired":true,"valueName":"search_term_string"}}],"inLanguage":"it-IT"},{"@type":"Organization","@id":"https:\/\/www.alabianca.it\/it\/#organization","name":"Alabianca Group S.r.l.","url":"https:\/\/www.alabianca.it\/it\/","logo":{"@type":"ImageObject","inLanguage":"it-IT","@id":"https:\/\/www.alabianca.it\/it\/#\/schema\/logo\/image\/","url":"https:\/\/www.alabianca.it\/wp-content\/uploads\/2018\/01\/alabianca-records-logo-2018-h-3.png","contentUrl":"https:\/\/www.alabianca.it\/wp-content\/uploads\/2018\/01\/alabianca-records-logo-2018-h-3.png","width":345,"height":133,"caption":"Alabianca Group S.r.l."},"image":{"@id":"https:\/\/www.alabianca.it\/it\/#\/schema\/logo\/image\/"}},{"@type":"Person","@id":"https:\/\/www.alabianca.it\/it\/#\/schema\/person\/42a393c26bf819be62e5fe5967bb8de8","name":"Irene","url":"https:\/\/www.alabianca.it\/it\/author\/irene\/"}]}},"_links":{"self":[{"href":"https:\/\/www.alabianca.it\/it\/wp-json\/wp\/v2\/posts\/17984","targetHints":{"allow":["GET"]}}],"collection":[{"href":"https:\/\/www.alabianca.it\/it\/wp-json\/wp\/v2\/posts"}],"about":[{"href":"https:\/\/www.alabianca.it\/it\/wp-json\/wp\/v2\/types\/post"}],"author":[{"embeddable":true,"href":"https:\/\/www.alabianca.it\/it\/wp-json\/wp\/v2\/users\/65"}],"replies":[{"embeddable":true,"href":"https:\/\/www.alabianca.it\/it\/wp-json\/wp\/v2\/comments?post=17984"}],"version-history":[{"count":7,"href":"https:\/\/www.alabianca.it\/it\/wp-json\/wp\/v2\/posts\/17984\/revisions"}],"predecessor-version":[{"id":17993,"href":"https:\/\/www.alabianca.it\/it\/wp-json\/wp\/v2\/posts\/17984\/revisions\/17993"}],"wp:featuredmedia":[{"embeddable":true,"href":"https:\/\/www.alabianca.it\/it\/wp-json\/wp\/v2\/media\/17985"}],"wp:attachment":[{"href":"https:\/\/www.alabianca.it\/it\/wp-json\/wp\/v2\/media?parent=17984"}],"wp:term":[{"taxonomy":"category","embeddable":true,"href":"https:\/\/www.alabianca.it\/it\/wp-json\/wp\/v2\/categories?post=17984"},{"taxonomy":"post_tag","embeddable":true,"href":"https:\/\/www.alabianca.it\/it\/wp-json\/wp\/v2\/tags?post=17984"}],"curies":[{"name":"wp","href":"https:\/\/api.w.org\/{rel}","templated":true}]}}