{"id":18003,"date":"2020-12-17T09:32:44","date_gmt":"2020-12-17T09:32:44","guid":{"rendered":"https:\/\/www.alabianca.it\/?p=18003"},"modified":"2020-12-17T09:32:44","modified_gmt":"2020-12-17T09:32:44","slug":"deproducers-fuori-la-colonna-sonora-italy-in-a-day","status":"publish","type":"post","link":"https:\/\/www.alabianca.it\/it\/notizie\/deproducers-fuori-la-colonna-sonora-italy-in-a-day\/","title":{"rendered":"Deproducers: fuori la colonna sonora &#8220;Italy in a Day&#8221;"},"content":{"rendered":"<div class=\"wpb-content-wrapper\"><p>[vc_row][vc_column][vc_column_text]<\/p>\n<h2><b>A distanza di 6 anni dal docufilm-evento di <\/b><b>GABRIELE SALVATORES, <\/b><b><i>\u201cITALY IN A DAY\u201d<\/i><\/b><b>, esce la colonna sonora originale dei DEPRODUCERS.<\/b><\/h2>\n<p><b>Un tributo agli Italiani, un messaggio di speranza, un regalo di Natale.<\/b>[\/vc_column_text][vc_single_image image=&#8221;18004&#8243; img_size=&#8221;medium&#8221; alignment=&#8221;center&#8221;][vc_btn title=&#8221;ASCOLTA LA COLONNA SONORA&#8221; color=&#8221;orange&#8221; align=&#8221;center&#8221; link=&#8221;url:http%3A%2F%2Fdeproducers.lnk.to%2Fitalyinaday&#8221;][\/vc_column][\/vc_row][vc_row][vc_column][vc_column_text]<\/p>\n<h3><b>Il Film<\/b><\/h3>\n<p><span style=\"font-weight: 400;\">Nel 2013,<\/span> <span style=\"font-weight: 400;\">la casa cinematografica <\/span><b>Indiana Production<\/b><span style=\"font-weight: 400;\"> ed il regista <\/span><b>Gabriele Salvatores<\/b><span style=\"font-weight: 400;\"> lanciarono una <\/span><span style=\"font-weight: 400;\">campagna online di invito agli italiani a riprendere momenti della loro giornata del 26 ottobre 2013. I video raccolti vennero poi montati a formare un documentario, un collage d\u2019autore analogo a quello pionieristico di <\/span><b>Ridley Scott<\/b> <b>\u201c<\/b><b><i>Life in a Day\u201d <\/i><\/b><span style=\"font-weight: 400;\">(2010)<\/span><b><i>, <\/i><\/b><span style=\"font-weight: 400;\">rivolto agli utenti di <\/span><b>YouTube<\/b><span style=\"font-weight: 400;\">.<br \/>\n<\/span><b><i>\u201cItaly in a day &#8211; un giorno da italiani\u201d<\/i><\/b> <span style=\"font-weight: 400;\">\u00e8 un documentario del 2014 diretto da <\/span><b>Gabriele Salvatores<\/b><span style=\"font-weight: 400;\"> (<\/span><b>premio Oscar<\/b><span style=\"font-weight: 400;\"> per <\/span><i><span style=\"font-weight: 400;\">\u201cMediterraneo\u201d<\/span><\/i><span style=\"font-weight: 400;\">, miglior film straniero nel 1992), in anteprima assoluta fuori concorso alla <\/span><span style=\"font-weight: 400;\">71\u00aa Mostra internazionale d&#8217;arte cinematografica di Venezia, successivamente nelle sale e ripetutamente in tv fino ad augurare il buon anno agli italiani il 1\u00b0 gennaio 2015.<\/span><\/p>\n<p>&nbsp;<\/p>\n<h4><strong>Le musiche<\/strong><\/h4>\n<p><span style=\"font-weight: 400;\">I <\/span><b>Deproducers (Vittorio Cosma, Gianni Maroccolo, Riccardo Sinigallia, Max Casacci)<\/b><span style=\"font-weight: 400;\">, conosciuti per la loro missione principale: la divulgazione scientifica attraverso musica e racconto con una narrazione spettacolare, cristallizzano in questa colonna sonora l\u2019esperienza maturata nelle singole carriere individuali e quella nata dal lavoro collettivo, ormai pluriennale. <\/span><span style=\"font-weight: 400;\"><br \/>\n<\/span><span style=\"font-weight: 400;\">Ha cos\u00ec vita una tracklist d\u2019eccellenza e dolce all\u2019ascolto che stimola ed aiuta ad entrare nelle storie ed emozioni di un giorno da italiani &#8211; di <\/span><i><span style=\"font-weight: 400;\">Italy in a day<\/span><\/i><span style=\"font-weight: 400;\">.<\/span><\/p>\n<p><span style=\"font-weight: 400;\">Solo ora, nel difficile 2020, a un mese dall\u2019uscita di<\/span> <b><i>\u201cFuori era primavera\u201d<\/i><\/b><span style=\"font-weight: 400;\"> (l\u2019ultimo documentario di <\/span><b>Salvatores<\/b><span style=\"font-weight: 400;\"> che racconta <\/span><b>l\u2019Italia del Lockdown) i Deproducers escono con questo \u2018regalo di Natale per gli italiani\u2019.<\/b><span style=\"font-weight: 400;\">\u00a0<\/span>[\/vc_column_text][\/vc_column][\/vc_row][vc_row][vc_column][vc_single_image image=&#8221;5199&#8243; img_size=&#8221;large&#8221; alignment=&#8221;center&#8221;][\/vc_column][\/vc_row][vc_row][vc_column][vc_column_text]<\/p>\n<h5><b>Riccardo Sinigallia<\/b><span style=\"font-weight: 400;\"> scrive:<\/span><\/h5>\n<blockquote><p><i><span style=\"font-weight: 400;\">\u201cSuccede sempre cos\u00ec.\u00a0<\/span><\/i><\/p>\n<p><i><span style=\"font-weight: 400;\">Quando usciamo dallo studio, dopo l\u2019ultima difficile scelta, dopo i mix, dopo il mastering, dopo avere editato, tagliato, sacrificato ore di sessioni, di musiche, di parole scelte fino all\u2019esaurimento, succede sempre che nessuno, tra quelli che hanno partecipato a questa vendemmia, ha voglia di rimetterci la testa e le mani.<\/span><\/i><\/p>\n<p><i><span style=\"font-weight: 400;\">Succede che dopo il concepimento si ha un rifiuto delle dinamiche del parto, subito pronti se mai a renderci disponibili ad un nuovo concepimento, ma non a ripercorrere quello precedente.<\/span><\/i><\/p>\n<p><i><span style=\"font-weight: 400;\">Succede che invece un bravo discografico, un grande editore, un buon ufficio stampa chiedano legittimamente di tornare a ripercorrere quei passi per consentire la diffusione del prodotto.<\/span><\/i><\/p>\n<p><i><span style=\"font-weight: 400;\">Succede, ed effettivamente questa volta avevamo esagerato nel prendere tempo.<\/span><\/i><\/p>\n<p><i><span style=\"font-weight: 400;\">Sono trascorsi 6 anni dall\u2019uscita di \u201cItaly in a day\u201d, eravamo entusiasti di partecipare al film con la colonna sonora, poi ognuno di noi \u00e8 tornato a fare le proprie cose, siamo un collettivo difficile da riunire.<\/span><\/i><\/p>\n<p><i><span style=\"font-weight: 400;\">Ora di tempo libero ce n\u2019\u00e8 stato, non ci sono concerti, \u00e8 tutto fermo, la musica e i suoi impiegati pi\u00f9 che in ogni altra attivit\u00e0 sono in attesa di una ripartenza.<\/span><\/i><\/p>\n<p><i><span style=\"font-weight: 400;\">Cos\u00ec abbiamo avuto ore, giorni interi per riaprire le sessioni dai nostri hard disk.<\/span><\/i><\/p>\n<p><i><span style=\"font-weight: 400;\">Gianni si \u00e8 preziosamente offerto di rimettere insieme i pezzi.<\/span><\/i><\/p>\n<p><i><span style=\"font-weight: 400;\">Grazie Gianni da parte di tutti \ud83d\ude42<\/span><\/i><\/p>\n<p><i><span style=\"font-weight: 400;\">Eccoci qui a presentarvi la colonna sonora di \u201cItaly in a day\u201d, una raccolta di documenti filmati dagli italiani in un giorno qualunque e selezionati da Gabriele Salvatores per comporre un piccolo grande racconto, prima del Covid.<\/span><\/i><\/p>\n<p><i><span style=\"font-weight: 400;\">Ci scusiamo per il ritardo&#8230; ma forse non \u00e8 stato del tutto casuale tutto questo.<\/span><\/i><\/p>\n<p><i><span style=\"font-weight: 400;\">Forse adesso possiamo tutti &#8211; noi compresi &#8211; ascoltarla con altre orecchie, rivederla con altri occhi.\u201d<\/span><\/i><\/p><\/blockquote>\n<p>&nbsp;<\/p>\n<p style=\"text-align: center;\"><b><br \/>\n<\/b><b>La colonna sonora <\/b><b><i>\u201cItaly in a Day &#8211; un giorno da italiani\u201d<\/i><\/b><b> \u00e8 prodotta ed edita da Ala Bianca e Indiana Production.<\/b><\/p>\n<p>[\/vc_column_text][\/vc_column][\/vc_row]<\/p>\n<\/div>","protected":false},"excerpt":{"rendered":"<p>[vc_row][vc_column][vc_column_text] A distanza di 6 anni dal docufilm-evento di GABRIELE SALVATORES, \u201cITALY IN A DAY\u201d, esce la colonna sonora originale dei DEPRODUCERS. Un tributo agli Italiani, un messaggio di speranza, un regalo di Natale.[\/vc_column_text][vc_single_image image=&#8221;18004&#8243; img_size=&#8221;medium&#8221; alignment=&#8221;center&#8221;][vc_btn title=&#8221;ASCOLTA LA COLONNA SONORA&#8221; color=&#8221;orange&#8221; align=&#8221;center&#8221; link=&#8221;url:http%3A%2F%2Fdeproducers.lnk.to%2Fitalyinaday&#8221;][\/vc_column][\/vc_row][vc_row][vc_column][vc_column_text] Il Film Nel 2013, la casa cinematografica Indiana Production ed il [&hellip;]<\/p>\n","protected":false},"author":65,"featured_media":18004,"comment_status":"open","ping_status":"closed","sticky":false,"template":"","format":"standard","meta":{"_acf_changed":false,"footnotes":""},"categories":[7],"tags":[1617,1567,1179,1174,1892,1275,1708,1894,1891,1893,1173,1276,1575,1247],"class_list":["post-18003","post","type-post","status-publish","format-standard","has-post-thumbnail","hentry","category-notizie","tag-ala-bianca-records","tag-colonna-sonora","tag-colonne-sonore","tag-deproducers","tag-gabriele-salvatores","tag-gianni-maroccolo","tag-italia","tag-italiani","tag-italy-in-a-day","tag-just-one-day","tag-max-casacci","tag-riccardo-sinigallia","tag-soundtrack","tag-vittorio-cosma"],"acf":[],"yoast_head":"<!-- This site is optimized with the Yoast SEO plugin v27.4 - https:\/\/yoast.com\/product\/yoast-seo-wordpress\/ -->\n<title>Deproducers: fuori la colonna sonora &quot;Italy in a Day&quot; | Ala Bianca<\/title>\n<meta name=\"description\" content=\"Leggi Deproducers: fuori la colonna sonora &quot;Italy in a Day&quot; su Ala Bianca Group Editore e produttore discografico a Modena\" \/>\n<meta name=\"robots\" content=\"index, follow, max-snippet:-1, max-image-preview:large, max-video-preview:-1\" \/>\n<link rel=\"canonical\" href=\"https:\/\/www.alabianca.it\/it\/notizie\/deproducers-fuori-la-colonna-sonora-italy-in-a-day\/\" \/>\n<meta property=\"og:locale\" content=\"it_IT\" \/>\n<meta property=\"og:type\" content=\"article\" \/>\n<meta property=\"og:title\" content=\"Deproducers: fuori la colonna sonora &quot;Italy in a Day&quot; | Ala Bianca\" \/>\n<meta property=\"og:description\" content=\"Leggi Deproducers: fuori la colonna sonora &quot;Italy in a Day&quot; su Ala Bianca Group Editore e produttore discografico a Modena\" \/>\n<meta property=\"og:url\" content=\"https:\/\/www.alabianca.it\/it\/notizie\/deproducers-fuori-la-colonna-sonora-italy-in-a-day\/\" \/>\n<meta property=\"og:site_name\" content=\"Ala Bianca Group\" \/>\n<meta property=\"article:published_time\" content=\"2020-12-17T09:32:44+00:00\" \/>\n<meta property=\"og:image\" content=\"https:\/\/www.alabianca.it\/wp-content\/uploads\/2020\/12\/italyinaday_cover.png\" \/>\n\t<meta property=\"og:image:width\" content=\"1400\" \/>\n\t<meta property=\"og:image:height\" content=\"1400\" \/>\n\t<meta property=\"og:image:type\" content=\"image\/png\" \/>\n<meta name=\"author\" content=\"Irene\" \/>\n<meta name=\"twitter:card\" content=\"summary_large_image\" \/>\n<meta name=\"twitter:label1\" content=\"Scritto da\" \/>\n\t<meta name=\"twitter:data1\" content=\"Irene\" \/>\n\t<meta name=\"twitter:label2\" content=\"Tempo di lettura stimato\" \/>\n\t<meta name=\"twitter:data2\" content=\"3 minuti\" \/>\n<script type=\"application\/ld+json\" class=\"yoast-schema-graph\">{\"@context\":\"https:\\\/\\\/schema.org\",\"@graph\":[{\"@type\":\"Article\",\"@id\":\"https:\\\/\\\/www.alabianca.it\\\/it\\\/notizie\\\/deproducers-fuori-la-colonna-sonora-italy-in-a-day\\\/#article\",\"isPartOf\":{\"@id\":\"https:\\\/\\\/www.alabianca.it\\\/it\\\/notizie\\\/deproducers-fuori-la-colonna-sonora-italy-in-a-day\\\/\"},\"author\":{\"name\":\"Irene\",\"@id\":\"https:\\\/\\\/www.alabianca.it\\\/it\\\/#\\\/schema\\\/person\\\/42a393c26bf819be62e5fe5967bb8de8\"},\"headline\":\"Deproducers: fuori la colonna sonora &#8220;Italy in a Day&#8221;\",\"datePublished\":\"2020-12-17T09:32:44+00:00\",\"mainEntityOfPage\":{\"@id\":\"https:\\\/\\\/www.alabianca.it\\\/it\\\/notizie\\\/deproducers-fuori-la-colonna-sonora-italy-in-a-day\\\/\"},\"wordCount\":669,\"commentCount\":0,\"publisher\":{\"@id\":\"https:\\\/\\\/www.alabianca.it\\\/it\\\/#organization\"},\"image\":{\"@id\":\"https:\\\/\\\/www.alabianca.it\\\/it\\\/notizie\\\/deproducers-fuori-la-colonna-sonora-italy-in-a-day\\\/#primaryimage\"},\"thumbnailUrl\":\"https:\\\/\\\/www.alabianca.it\\\/wp-content\\\/uploads\\\/2020\\\/12\\\/italyinaday_cover.png\",\"keywords\":[\"ala bianca records\",\"colonna sonora\",\"colonne sonore\",\"deproducers\",\"gabriele salvatores\",\"Gianni Maroccolo\",\"italia\",\"italiani\",\"italy in a day\",\"just one day\",\"max casacci\",\"Riccardo Sinigallia\",\"soundtrack\",\"Vittorio Cosma\"],\"articleSection\":[\"Notizie\"],\"inLanguage\":\"it-IT\",\"potentialAction\":[{\"@type\":\"CommentAction\",\"name\":\"Comment\",\"target\":[\"https:\\\/\\\/www.alabianca.it\\\/it\\\/notizie\\\/deproducers-fuori-la-colonna-sonora-italy-in-a-day\\\/#respond\"]}]},{\"@type\":\"WebPage\",\"@id\":\"https:\\\/\\\/www.alabianca.it\\\/it\\\/notizie\\\/deproducers-fuori-la-colonna-sonora-italy-in-a-day\\\/\",\"url\":\"https:\\\/\\\/www.alabianca.it\\\/it\\\/notizie\\\/deproducers-fuori-la-colonna-sonora-italy-in-a-day\\\/\",\"name\":\"Deproducers: fuori la colonna sonora \\\"Italy in a Day\\\" | Ala Bianca\",\"isPartOf\":{\"@id\":\"https:\\\/\\\/www.alabianca.it\\\/it\\\/#website\"},\"primaryImageOfPage\":{\"@id\":\"https:\\\/\\\/www.alabianca.it\\\/it\\\/notizie\\\/deproducers-fuori-la-colonna-sonora-italy-in-a-day\\\/#primaryimage\"},\"image\":{\"@id\":\"https:\\\/\\\/www.alabianca.it\\\/it\\\/notizie\\\/deproducers-fuori-la-colonna-sonora-italy-in-a-day\\\/#primaryimage\"},\"thumbnailUrl\":\"https:\\\/\\\/www.alabianca.it\\\/wp-content\\\/uploads\\\/2020\\\/12\\\/italyinaday_cover.png\",\"datePublished\":\"2020-12-17T09:32:44+00:00\",\"description\":\"Leggi Deproducers: fuori la colonna sonora \\\"Italy in a Day\\\" su Ala Bianca Group Editore e produttore discografico a Modena\",\"breadcrumb\":{\"@id\":\"https:\\\/\\\/www.alabianca.it\\\/it\\\/notizie\\\/deproducers-fuori-la-colonna-sonora-italy-in-a-day\\\/#breadcrumb\"},\"inLanguage\":\"it-IT\",\"potentialAction\":[{\"@type\":\"ReadAction\",\"target\":[\"https:\\\/\\\/www.alabianca.it\\\/it\\\/notizie\\\/deproducers-fuori-la-colonna-sonora-italy-in-a-day\\\/\"]}]},{\"@type\":\"ImageObject\",\"inLanguage\":\"it-IT\",\"@id\":\"https:\\\/\\\/www.alabianca.it\\\/it\\\/notizie\\\/deproducers-fuori-la-colonna-sonora-italy-in-a-day\\\/#primaryimage\",\"url\":\"https:\\\/\\\/www.alabianca.it\\\/wp-content\\\/uploads\\\/2020\\\/12\\\/italyinaday_cover.png\",\"contentUrl\":\"https:\\\/\\\/www.alabianca.it\\\/wp-content\\\/uploads\\\/2020\\\/12\\\/italyinaday_cover.png\",\"width\":1400,\"height\":1400,\"caption\":\"Cover della colonna sonora del film italy in a day dei Deproducers\"},{\"@type\":\"BreadcrumbList\",\"@id\":\"https:\\\/\\\/www.alabianca.it\\\/it\\\/notizie\\\/deproducers-fuori-la-colonna-sonora-italy-in-a-day\\\/#breadcrumb\",\"itemListElement\":[{\"@type\":\"ListItem\",\"position\":1,\"name\":\"Home\",\"item\":\"https:\\\/\\\/www.alabianca.it\\\/it\\\/\"},{\"@type\":\"ListItem\",\"position\":2,\"name\":\"Deproducers: fuori la colonna sonora &#8220;Italy in a Day&#8221;\"}]},{\"@type\":\"WebSite\",\"@id\":\"https:\\\/\\\/www.alabianca.it\\\/it\\\/#website\",\"url\":\"https:\\\/\\\/www.alabianca.it\\\/it\\\/\",\"name\":\"Ala Bianca Group\",\"description\":\"Editore e produttore discografico\",\"publisher\":{\"@id\":\"https:\\\/\\\/www.alabianca.it\\\/it\\\/#organization\"},\"potentialAction\":[{\"@type\":\"SearchAction\",\"target\":{\"@type\":\"EntryPoint\",\"urlTemplate\":\"https:\\\/\\\/www.alabianca.it\\\/it\\\/?s={search_term_string}\"},\"query-input\":{\"@type\":\"PropertyValueSpecification\",\"valueRequired\":true,\"valueName\":\"search_term_string\"}}],\"inLanguage\":\"it-IT\"},{\"@type\":\"Organization\",\"@id\":\"https:\\\/\\\/www.alabianca.it\\\/it\\\/#organization\",\"name\":\"Alabianca Group S.r.l.\",\"url\":\"https:\\\/\\\/www.alabianca.it\\\/it\\\/\",\"logo\":{\"@type\":\"ImageObject\",\"inLanguage\":\"it-IT\",\"@id\":\"https:\\\/\\\/www.alabianca.it\\\/it\\\/#\\\/schema\\\/logo\\\/image\\\/\",\"url\":\"https:\\\/\\\/www.alabianca.it\\\/wp-content\\\/uploads\\\/2018\\\/01\\\/alabianca-records-logo-2018-h-3.png\",\"contentUrl\":\"https:\\\/\\\/www.alabianca.it\\\/wp-content\\\/uploads\\\/2018\\\/01\\\/alabianca-records-logo-2018-h-3.png\",\"width\":345,\"height\":133,\"caption\":\"Alabianca Group S.r.l.\"},\"image\":{\"@id\":\"https:\\\/\\\/www.alabianca.it\\\/it\\\/#\\\/schema\\\/logo\\\/image\\\/\"}},{\"@type\":\"Person\",\"@id\":\"https:\\\/\\\/www.alabianca.it\\\/it\\\/#\\\/schema\\\/person\\\/42a393c26bf819be62e5fe5967bb8de8\",\"name\":\"Irene\",\"url\":\"https:\\\/\\\/www.alabianca.it\\\/it\\\/author\\\/irene\\\/\"}]}<\/script>\n<!-- \/ Yoast SEO plugin. -->","yoast_head_json":{"title":"Deproducers: fuori la colonna sonora \"Italy in a Day\" | Ala Bianca","description":"Leggi Deproducers: fuori la colonna sonora \"Italy in a Day\" su Ala Bianca Group Editore e produttore discografico a Modena","robots":{"index":"index","follow":"follow","max-snippet":"max-snippet:-1","max-image-preview":"max-image-preview:large","max-video-preview":"max-video-preview:-1"},"canonical":"https:\/\/www.alabianca.it\/it\/notizie\/deproducers-fuori-la-colonna-sonora-italy-in-a-day\/","og_locale":"it_IT","og_type":"article","og_title":"Deproducers: fuori la colonna sonora \"Italy in a Day\" | Ala Bianca","og_description":"Leggi Deproducers: fuori la colonna sonora \"Italy in a Day\" su Ala Bianca Group Editore e produttore discografico a Modena","og_url":"https:\/\/www.alabianca.it\/it\/notizie\/deproducers-fuori-la-colonna-sonora-italy-in-a-day\/","og_site_name":"Ala Bianca Group","article_published_time":"2020-12-17T09:32:44+00:00","og_image":[{"width":1400,"height":1400,"url":"https:\/\/www.alabianca.it\/wp-content\/uploads\/2020\/12\/italyinaday_cover.png","type":"image\/png"}],"author":"Irene","twitter_card":"summary_large_image","twitter_misc":{"Scritto da":"Irene","Tempo di lettura stimato":"3 minuti"},"schema":{"@context":"https:\/\/schema.org","@graph":[{"@type":"Article","@id":"https:\/\/www.alabianca.it\/it\/notizie\/deproducers-fuori-la-colonna-sonora-italy-in-a-day\/#article","isPartOf":{"@id":"https:\/\/www.alabianca.it\/it\/notizie\/deproducers-fuori-la-colonna-sonora-italy-in-a-day\/"},"author":{"name":"Irene","@id":"https:\/\/www.alabianca.it\/it\/#\/schema\/person\/42a393c26bf819be62e5fe5967bb8de8"},"headline":"Deproducers: fuori la colonna sonora &#8220;Italy in a Day&#8221;","datePublished":"2020-12-17T09:32:44+00:00","mainEntityOfPage":{"@id":"https:\/\/www.alabianca.it\/it\/notizie\/deproducers-fuori-la-colonna-sonora-italy-in-a-day\/"},"wordCount":669,"commentCount":0,"publisher":{"@id":"https:\/\/www.alabianca.it\/it\/#organization"},"image":{"@id":"https:\/\/www.alabianca.it\/it\/notizie\/deproducers-fuori-la-colonna-sonora-italy-in-a-day\/#primaryimage"},"thumbnailUrl":"https:\/\/www.alabianca.it\/wp-content\/uploads\/2020\/12\/italyinaday_cover.png","keywords":["ala bianca records","colonna sonora","colonne sonore","deproducers","gabriele salvatores","Gianni Maroccolo","italia","italiani","italy in a day","just one day","max casacci","Riccardo Sinigallia","soundtrack","Vittorio Cosma"],"articleSection":["Notizie"],"inLanguage":"it-IT","potentialAction":[{"@type":"CommentAction","name":"Comment","target":["https:\/\/www.alabianca.it\/it\/notizie\/deproducers-fuori-la-colonna-sonora-italy-in-a-day\/#respond"]}]},{"@type":"WebPage","@id":"https:\/\/www.alabianca.it\/it\/notizie\/deproducers-fuori-la-colonna-sonora-italy-in-a-day\/","url":"https:\/\/www.alabianca.it\/it\/notizie\/deproducers-fuori-la-colonna-sonora-italy-in-a-day\/","name":"Deproducers: fuori la colonna sonora \"Italy in a Day\" | Ala Bianca","isPartOf":{"@id":"https:\/\/www.alabianca.it\/it\/#website"},"primaryImageOfPage":{"@id":"https:\/\/www.alabianca.it\/it\/notizie\/deproducers-fuori-la-colonna-sonora-italy-in-a-day\/#primaryimage"},"image":{"@id":"https:\/\/www.alabianca.it\/it\/notizie\/deproducers-fuori-la-colonna-sonora-italy-in-a-day\/#primaryimage"},"thumbnailUrl":"https:\/\/www.alabianca.it\/wp-content\/uploads\/2020\/12\/italyinaday_cover.png","datePublished":"2020-12-17T09:32:44+00:00","description":"Leggi Deproducers: fuori la colonna sonora \"Italy in a Day\" su Ala Bianca Group Editore e produttore discografico a Modena","breadcrumb":{"@id":"https:\/\/www.alabianca.it\/it\/notizie\/deproducers-fuori-la-colonna-sonora-italy-in-a-day\/#breadcrumb"},"inLanguage":"it-IT","potentialAction":[{"@type":"ReadAction","target":["https:\/\/www.alabianca.it\/it\/notizie\/deproducers-fuori-la-colonna-sonora-italy-in-a-day\/"]}]},{"@type":"ImageObject","inLanguage":"it-IT","@id":"https:\/\/www.alabianca.it\/it\/notizie\/deproducers-fuori-la-colonna-sonora-italy-in-a-day\/#primaryimage","url":"https:\/\/www.alabianca.it\/wp-content\/uploads\/2020\/12\/italyinaday_cover.png","contentUrl":"https:\/\/www.alabianca.it\/wp-content\/uploads\/2020\/12\/italyinaday_cover.png","width":1400,"height":1400,"caption":"Cover della colonna sonora del film italy in a day dei Deproducers"},{"@type":"BreadcrumbList","@id":"https:\/\/www.alabianca.it\/it\/notizie\/deproducers-fuori-la-colonna-sonora-italy-in-a-day\/#breadcrumb","itemListElement":[{"@type":"ListItem","position":1,"name":"Home","item":"https:\/\/www.alabianca.it\/it\/"},{"@type":"ListItem","position":2,"name":"Deproducers: fuori la colonna sonora &#8220;Italy in a Day&#8221;"}]},{"@type":"WebSite","@id":"https:\/\/www.alabianca.it\/it\/#website","url":"https:\/\/www.alabianca.it\/it\/","name":"Ala Bianca Group","description":"Editore e produttore discografico","publisher":{"@id":"https:\/\/www.alabianca.it\/it\/#organization"},"potentialAction":[{"@type":"SearchAction","target":{"@type":"EntryPoint","urlTemplate":"https:\/\/www.alabianca.it\/it\/?s={search_term_string}"},"query-input":{"@type":"PropertyValueSpecification","valueRequired":true,"valueName":"search_term_string"}}],"inLanguage":"it-IT"},{"@type":"Organization","@id":"https:\/\/www.alabianca.it\/it\/#organization","name":"Alabianca Group S.r.l.","url":"https:\/\/www.alabianca.it\/it\/","logo":{"@type":"ImageObject","inLanguage":"it-IT","@id":"https:\/\/www.alabianca.it\/it\/#\/schema\/logo\/image\/","url":"https:\/\/www.alabianca.it\/wp-content\/uploads\/2018\/01\/alabianca-records-logo-2018-h-3.png","contentUrl":"https:\/\/www.alabianca.it\/wp-content\/uploads\/2018\/01\/alabianca-records-logo-2018-h-3.png","width":345,"height":133,"caption":"Alabianca Group S.r.l."},"image":{"@id":"https:\/\/www.alabianca.it\/it\/#\/schema\/logo\/image\/"}},{"@type":"Person","@id":"https:\/\/www.alabianca.it\/it\/#\/schema\/person\/42a393c26bf819be62e5fe5967bb8de8","name":"Irene","url":"https:\/\/www.alabianca.it\/it\/author\/irene\/"}]}},"_links":{"self":[{"href":"https:\/\/www.alabianca.it\/it\/wp-json\/wp\/v2\/posts\/18003","targetHints":{"allow":["GET"]}}],"collection":[{"href":"https:\/\/www.alabianca.it\/it\/wp-json\/wp\/v2\/posts"}],"about":[{"href":"https:\/\/www.alabianca.it\/it\/wp-json\/wp\/v2\/types\/post"}],"author":[{"embeddable":true,"href":"https:\/\/www.alabianca.it\/it\/wp-json\/wp\/v2\/users\/65"}],"replies":[{"embeddable":true,"href":"https:\/\/www.alabianca.it\/it\/wp-json\/wp\/v2\/comments?post=18003"}],"version-history":[{"count":6,"href":"https:\/\/www.alabianca.it\/it\/wp-json\/wp\/v2\/posts\/18003\/revisions"}],"predecessor-version":[{"id":18020,"href":"https:\/\/www.alabianca.it\/it\/wp-json\/wp\/v2\/posts\/18003\/revisions\/18020"}],"wp:featuredmedia":[{"embeddable":true,"href":"https:\/\/www.alabianca.it\/it\/wp-json\/wp\/v2\/media\/18004"}],"wp:attachment":[{"href":"https:\/\/www.alabianca.it\/it\/wp-json\/wp\/v2\/media?parent=18003"}],"wp:term":[{"taxonomy":"category","embeddable":true,"href":"https:\/\/www.alabianca.it\/it\/wp-json\/wp\/v2\/categories?post=18003"},{"taxonomy":"post_tag","embeddable":true,"href":"https:\/\/www.alabianca.it\/it\/wp-json\/wp\/v2\/tags?post=18003"}],"curies":[{"name":"wp","href":"https:\/\/api.w.org\/{rel}","templated":true}]}}