{"id":18012,"date":"2020-12-17T13:35:20","date_gmt":"2020-12-17T13:35:20","guid":{"rendered":"https:\/\/www.alabianca.it\/?p=18012"},"modified":"2020-12-17T13:35:20","modified_gmt":"2020-12-17T13:35:20","slug":"cristiano-godano-figlio-e-padre-il-nuovo-videoclip","status":"publish","type":"post","link":"https:\/\/www.alabianca.it\/it\/notizie\/cristiano-godano-figlio-e-padre-il-nuovo-videoclip\/","title":{"rendered":"Cristiano Godano &#8211; &#8220;Figlio e padre&#8221;, il nuovo videoclip"},"content":{"rendered":"<div class=\"wpb-content-wrapper\"><p>[vc_row][vc_column][vc_column_text]<\/p>\n<h2><b>Esce oggi, <\/b><span style=\"font-weight: 400;\">gioved\u00ec 17 dicembre,<\/span><b> il video di \u201c<\/b><b><i>Figlio e padre<\/i><\/b><b>\u201d, brano di CRISTIANO GODANO contenuto nel suo primo album solista \u201c<\/b><b><i>Mi ero perso il cuore<\/i><\/b><b>\u201d<\/b><\/h2>\n<p>[\/vc_column_text][vc_video link=&#8221;https:\/\/youtu.be\/XJbkwP_mEeA &#8221; title=&#8221;Cristiano Godano &#8211; Figlio e padre&#8221;][\/vc_column][\/vc_row][vc_row][vc_column][vc_column_text]<b>&#8220;<\/b><b><i>Figlio e padre<\/i><\/b><b>&#8221; parla del coraggio di provare timore e di addentrarsi nei turbamenti. Il video<\/b><span style=\"font-weight: 400;\">, che vede la co-regia di Duccio Brunetti e Rossana Masuello, <\/span><b>\u00e8 stato girato in parte a Roma, dove Cristiano Godano si trova da solo su un tetto, e in parte a Londra prima della pandemia, dove un anziano signore rincorre i vecchi ricordi<\/b><span style=\"font-weight: 400;\"> (le strade piene di persone senza mascherine sono esse stesse un ricordo).<\/span><\/p>\n<p><span style=\"font-weight: 400;\">\u00a0<\/span><\/p>\n<blockquote><p><b>Cristiano Godano scrive sui suoi social: <\/b><span style=\"font-weight: 400;\">\u00ab<\/span><i><span style=\"font-weight: 400;\">La canzone su cui le immagini si adagiano \u00e8 &#8220;Figlio e padre&#8221;, un altro pezzo di particolare intensit\u00e0 nel testo. La musica ha invece una sua evidente leggerezza, la leggerezza di chi non c&#8217;\u00e8 pi\u00f9 e sta da qualche parte in cielo, sopra di noi, in forma di coscienza (e il flauto di Enrico Gabrielli illustra bene questa dimensione). Lo sapete che sembrerebbe che una volta abbandonato questo mondo la nostra coscienza, una forma forse evoluta di energia, permane confluendo in un grande ricettacolo universale? La scienza parrebbe essere in procinto di dimostrarlo&#8230;. Sar\u00e0 un piacere se sulla base di queste piccole imbeccate vorrete andarvi a rileggere con calma il testo. Il video raccoglie in un sapiente montaggio le immagini di un progetto cinematografico rimasto incompiuto. Un abbraccio virtuale a tutti voi: Cristiano<\/span><\/i><span style=\"font-weight: 400;\">\u00bb.<\/span><\/p><\/blockquote>\n<p><span style=\"font-weight: 400;\">\u00a0<\/span><\/p>\n<p><b>\u201c<\/b><b><i>Mi ero perso il cuore<\/i><\/b><b>\u201d \u00e8 uscito a giugno 2020 ed \u00e8 disponibile in digitale, in CD e doppio Vinile da collezione 180gr.<\/b>[\/vc_column_text][\/vc_column][\/vc_row][vc_row][vc_column][vc_btn title=&#8221;ASCOLTA L&#8217;ALBUM&#8221; color=&#8221;orange&#8221; align=&#8221;center&#8221; link=&#8221;url:https%3A%2F%2Flnk.to%2FHueljx99%20%20&#8243;][\/vc_column][\/vc_row]<\/p>\n<\/div>","protected":false},"excerpt":{"rendered":"<p>[vc_row][vc_column][vc_column_text] Esce oggi, gioved\u00ec 17 dicembre, il video di \u201cFiglio e padre\u201d, brano di CRISTIANO GODANO contenuto nel suo primo album solista \u201cMi ero perso il cuore\u201d [\/vc_column_text][vc_video link=&#8221;https:\/\/youtu.be\/XJbkwP_mEeA &#8221; title=&#8221;Cristiano Godano &#8211; Figlio e padre&#8221;][\/vc_column][\/vc_row][vc_row][vc_column][vc_column_text]&#8220;Figlio e padre&#8221; parla del coraggio di provare timore e di addentrarsi nei turbamenti. Il video, che vede la co-regia [&hellip;]<\/p>\n","protected":false},"author":65,"featured_media":18015,"comment_status":"open","ping_status":"closed","sticky":false,"template":"","format":"standard","meta":{"_acf_changed":false,"footnotes":""},"categories":[7],"tags":[1713,1617,1714,1896,1895,1275,1829,1716,1605,1599,1897,1623,1618],"class_list":["post-18012","post","type-post","status-publish","format-standard","has-post-thumbnail","hentry","category-notizie","tag-al-kemi-records","tag-ala-bianca-records","tag-cristiano-godano","tag-duccio-brunetti","tag-figlio-e-padre","tag-gianni-maroccolo","tag-luca-rossi","tag-mi-ero-perso-il-cuore","tag-nuovo-album","tag-nuovo-singolo","tag-rossana-masuello","tag-video","tag-videoclip"],"acf":[],"yoast_head":"<!-- This site is optimized with the Yoast SEO plugin v27.4 - https:\/\/yoast.com\/product\/yoast-seo-wordpress\/ -->\n<title>Cristiano Godano - &quot;Figlio e padre&quot;, il nuovo videoclip | Ala Bianca Group<\/title>\n<meta name=\"description\" content=\"Leggi Cristiano Godano - &quot;Figlio e padre&quot;, il nuovo videoclip su Ala Bianca Group Editore e produttore discografico a Modena\" \/>\n<meta name=\"robots\" content=\"index, follow, max-snippet:-1, max-image-preview:large, max-video-preview:-1\" \/>\n<link rel=\"canonical\" href=\"https:\/\/www.alabianca.it\/it\/notizie\/cristiano-godano-figlio-e-padre-il-nuovo-videoclip\/\" \/>\n<meta property=\"og:locale\" content=\"it_IT\" \/>\n<meta property=\"og:type\" content=\"article\" \/>\n<meta property=\"og:title\" content=\"Cristiano Godano - &quot;Figlio e padre&quot;, il nuovo videoclip | Ala Bianca Group\" \/>\n<meta property=\"og:description\" content=\"Leggi Cristiano Godano - &quot;Figlio e padre&quot;, il nuovo videoclip su Ala Bianca Group Editore e produttore discografico a Modena\" \/>\n<meta property=\"og:url\" content=\"https:\/\/www.alabianca.it\/it\/notizie\/cristiano-godano-figlio-e-padre-il-nuovo-videoclip\/\" \/>\n<meta property=\"og:site_name\" content=\"Ala Bianca Group\" \/>\n<meta property=\"article:published_time\" content=\"2020-12-17T13:35:20+00:00\" \/>\n<meta property=\"og:image\" content=\"https:\/\/www.alabianca.it\/wp-content\/uploads\/2020\/12\/Cover-14.png\" \/>\n\t<meta property=\"og:image:width\" content=\"1080\" \/>\n\t<meta property=\"og:image:height\" content=\"1080\" \/>\n\t<meta property=\"og:image:type\" content=\"image\/png\" \/>\n<meta name=\"author\" content=\"Irene\" \/>\n<meta name=\"twitter:card\" content=\"summary_large_image\" \/>\n<meta name=\"twitter:label1\" content=\"Scritto da\" \/>\n\t<meta name=\"twitter:data1\" content=\"Irene\" \/>\n\t<meta name=\"twitter:label2\" content=\"Tempo di lettura stimato\" \/>\n\t<meta name=\"twitter:data2\" content=\"2 minuti\" \/>\n<script type=\"application\/ld+json\" class=\"yoast-schema-graph\">{\"@context\":\"https:\\\/\\\/schema.org\",\"@graph\":[{\"@type\":\"Article\",\"@id\":\"https:\\\/\\\/www.alabianca.it\\\/it\\\/notizie\\\/cristiano-godano-figlio-e-padre-il-nuovo-videoclip\\\/#article\",\"isPartOf\":{\"@id\":\"https:\\\/\\\/www.alabianca.it\\\/it\\\/notizie\\\/cristiano-godano-figlio-e-padre-il-nuovo-videoclip\\\/\"},\"author\":{\"name\":\"Irene\",\"@id\":\"https:\\\/\\\/www.alabianca.it\\\/it\\\/#\\\/schema\\\/person\\\/42a393c26bf819be62e5fe5967bb8de8\"},\"headline\":\"Cristiano Godano &#8211; &#8220;Figlio e padre&#8221;, il nuovo videoclip\",\"datePublished\":\"2020-12-17T13:35:20+00:00\",\"mainEntityOfPage\":{\"@id\":\"https:\\\/\\\/www.alabianca.it\\\/it\\\/notizie\\\/cristiano-godano-figlio-e-padre-il-nuovo-videoclip\\\/\"},\"wordCount\":331,\"commentCount\":0,\"publisher\":{\"@id\":\"https:\\\/\\\/www.alabianca.it\\\/it\\\/#organization\"},\"image\":{\"@id\":\"https:\\\/\\\/www.alabianca.it\\\/it\\\/notizie\\\/cristiano-godano-figlio-e-padre-il-nuovo-videoclip\\\/#primaryimage\"},\"thumbnailUrl\":\"https:\\\/\\\/www.alabianca.it\\\/wp-content\\\/uploads\\\/2020\\\/12\\\/Cover-14.png\",\"keywords\":[\"al-kemi records\",\"ala bianca records\",\"cristiano godano\",\"duccio brunetti\",\"figlio e padre\",\"Gianni Maroccolo\",\"luca rossi\",\"mi ero perso il cuore\",\"nuovo album\",\"nuovo singolo\",\"rossana masuello\",\"video\",\"videoclip\"],\"articleSection\":[\"Notizie\"],\"inLanguage\":\"it-IT\",\"potentialAction\":[{\"@type\":\"CommentAction\",\"name\":\"Comment\",\"target\":[\"https:\\\/\\\/www.alabianca.it\\\/it\\\/notizie\\\/cristiano-godano-figlio-e-padre-il-nuovo-videoclip\\\/#respond\"]}]},{\"@type\":\"WebPage\",\"@id\":\"https:\\\/\\\/www.alabianca.it\\\/it\\\/notizie\\\/cristiano-godano-figlio-e-padre-il-nuovo-videoclip\\\/\",\"url\":\"https:\\\/\\\/www.alabianca.it\\\/it\\\/notizie\\\/cristiano-godano-figlio-e-padre-il-nuovo-videoclip\\\/\",\"name\":\"Cristiano Godano - \\\"Figlio e padre\\\", il nuovo videoclip | Ala Bianca Group\",\"isPartOf\":{\"@id\":\"https:\\\/\\\/www.alabianca.it\\\/it\\\/#website\"},\"primaryImageOfPage\":{\"@id\":\"https:\\\/\\\/www.alabianca.it\\\/it\\\/notizie\\\/cristiano-godano-figlio-e-padre-il-nuovo-videoclip\\\/#primaryimage\"},\"image\":{\"@id\":\"https:\\\/\\\/www.alabianca.it\\\/it\\\/notizie\\\/cristiano-godano-figlio-e-padre-il-nuovo-videoclip\\\/#primaryimage\"},\"thumbnailUrl\":\"https:\\\/\\\/www.alabianca.it\\\/wp-content\\\/uploads\\\/2020\\\/12\\\/Cover-14.png\",\"datePublished\":\"2020-12-17T13:35:20+00:00\",\"description\":\"Leggi Cristiano Godano - \\\"Figlio e padre\\\", il nuovo videoclip su Ala Bianca Group Editore e produttore discografico a Modena\",\"breadcrumb\":{\"@id\":\"https:\\\/\\\/www.alabianca.it\\\/it\\\/notizie\\\/cristiano-godano-figlio-e-padre-il-nuovo-videoclip\\\/#breadcrumb\"},\"inLanguage\":\"it-IT\",\"potentialAction\":[{\"@type\":\"ReadAction\",\"target\":[\"https:\\\/\\\/www.alabianca.it\\\/it\\\/notizie\\\/cristiano-godano-figlio-e-padre-il-nuovo-videoclip\\\/\"]}]},{\"@type\":\"ImageObject\",\"inLanguage\":\"it-IT\",\"@id\":\"https:\\\/\\\/www.alabianca.it\\\/it\\\/notizie\\\/cristiano-godano-figlio-e-padre-il-nuovo-videoclip\\\/#primaryimage\",\"url\":\"https:\\\/\\\/www.alabianca.it\\\/wp-content\\\/uploads\\\/2020\\\/12\\\/Cover-14.png\",\"contentUrl\":\"https:\\\/\\\/www.alabianca.it\\\/wp-content\\\/uploads\\\/2020\\\/12\\\/Cover-14.png\",\"width\":1080,\"height\":1080,\"caption\":\"Figlio e padre videoclip di cristiano godano\"},{\"@type\":\"BreadcrumbList\",\"@id\":\"https:\\\/\\\/www.alabianca.it\\\/it\\\/notizie\\\/cristiano-godano-figlio-e-padre-il-nuovo-videoclip\\\/#breadcrumb\",\"itemListElement\":[{\"@type\":\"ListItem\",\"position\":1,\"name\":\"Home\",\"item\":\"https:\\\/\\\/www.alabianca.it\\\/it\\\/\"},{\"@type\":\"ListItem\",\"position\":2,\"name\":\"Cristiano Godano &#8211; &#8220;Figlio e padre&#8221;, il nuovo videoclip\"}]},{\"@type\":\"WebSite\",\"@id\":\"https:\\\/\\\/www.alabianca.it\\\/it\\\/#website\",\"url\":\"https:\\\/\\\/www.alabianca.it\\\/it\\\/\",\"name\":\"Ala Bianca Group\",\"description\":\"Editore e produttore discografico\",\"publisher\":{\"@id\":\"https:\\\/\\\/www.alabianca.it\\\/it\\\/#organization\"},\"potentialAction\":[{\"@type\":\"SearchAction\",\"target\":{\"@type\":\"EntryPoint\",\"urlTemplate\":\"https:\\\/\\\/www.alabianca.it\\\/it\\\/?s={search_term_string}\"},\"query-input\":{\"@type\":\"PropertyValueSpecification\",\"valueRequired\":true,\"valueName\":\"search_term_string\"}}],\"inLanguage\":\"it-IT\"},{\"@type\":\"Organization\",\"@id\":\"https:\\\/\\\/www.alabianca.it\\\/it\\\/#organization\",\"name\":\"Alabianca Group S.r.l.\",\"url\":\"https:\\\/\\\/www.alabianca.it\\\/it\\\/\",\"logo\":{\"@type\":\"ImageObject\",\"inLanguage\":\"it-IT\",\"@id\":\"https:\\\/\\\/www.alabianca.it\\\/it\\\/#\\\/schema\\\/logo\\\/image\\\/\",\"url\":\"https:\\\/\\\/www.alabianca.it\\\/wp-content\\\/uploads\\\/2018\\\/01\\\/alabianca-records-logo-2018-h-3.png\",\"contentUrl\":\"https:\\\/\\\/www.alabianca.it\\\/wp-content\\\/uploads\\\/2018\\\/01\\\/alabianca-records-logo-2018-h-3.png\",\"width\":345,\"height\":133,\"caption\":\"Alabianca Group S.r.l.\"},\"image\":{\"@id\":\"https:\\\/\\\/www.alabianca.it\\\/it\\\/#\\\/schema\\\/logo\\\/image\\\/\"}},{\"@type\":\"Person\",\"@id\":\"https:\\\/\\\/www.alabianca.it\\\/it\\\/#\\\/schema\\\/person\\\/42a393c26bf819be62e5fe5967bb8de8\",\"name\":\"Irene\",\"url\":\"https:\\\/\\\/www.alabianca.it\\\/it\\\/author\\\/irene\\\/\"}]}<\/script>\n<!-- \/ Yoast SEO plugin. -->","yoast_head_json":{"title":"Cristiano Godano - \"Figlio e padre\", il nuovo videoclip | Ala Bianca Group","description":"Leggi Cristiano Godano - \"Figlio e padre\", il nuovo videoclip su Ala Bianca Group Editore e produttore discografico a Modena","robots":{"index":"index","follow":"follow","max-snippet":"max-snippet:-1","max-image-preview":"max-image-preview:large","max-video-preview":"max-video-preview:-1"},"canonical":"https:\/\/www.alabianca.it\/it\/notizie\/cristiano-godano-figlio-e-padre-il-nuovo-videoclip\/","og_locale":"it_IT","og_type":"article","og_title":"Cristiano Godano - \"Figlio e padre\", il nuovo videoclip | Ala Bianca Group","og_description":"Leggi Cristiano Godano - \"Figlio e padre\", il nuovo videoclip su Ala Bianca Group Editore e produttore discografico a Modena","og_url":"https:\/\/www.alabianca.it\/it\/notizie\/cristiano-godano-figlio-e-padre-il-nuovo-videoclip\/","og_site_name":"Ala Bianca Group","article_published_time":"2020-12-17T13:35:20+00:00","og_image":[{"width":1080,"height":1080,"url":"https:\/\/www.alabianca.it\/wp-content\/uploads\/2020\/12\/Cover-14.png","type":"image\/png"}],"author":"Irene","twitter_card":"summary_large_image","twitter_misc":{"Scritto da":"Irene","Tempo di lettura stimato":"2 minuti"},"schema":{"@context":"https:\/\/schema.org","@graph":[{"@type":"Article","@id":"https:\/\/www.alabianca.it\/it\/notizie\/cristiano-godano-figlio-e-padre-il-nuovo-videoclip\/#article","isPartOf":{"@id":"https:\/\/www.alabianca.it\/it\/notizie\/cristiano-godano-figlio-e-padre-il-nuovo-videoclip\/"},"author":{"name":"Irene","@id":"https:\/\/www.alabianca.it\/it\/#\/schema\/person\/42a393c26bf819be62e5fe5967bb8de8"},"headline":"Cristiano Godano &#8211; &#8220;Figlio e padre&#8221;, il nuovo videoclip","datePublished":"2020-12-17T13:35:20+00:00","mainEntityOfPage":{"@id":"https:\/\/www.alabianca.it\/it\/notizie\/cristiano-godano-figlio-e-padre-il-nuovo-videoclip\/"},"wordCount":331,"commentCount":0,"publisher":{"@id":"https:\/\/www.alabianca.it\/it\/#organization"},"image":{"@id":"https:\/\/www.alabianca.it\/it\/notizie\/cristiano-godano-figlio-e-padre-il-nuovo-videoclip\/#primaryimage"},"thumbnailUrl":"https:\/\/www.alabianca.it\/wp-content\/uploads\/2020\/12\/Cover-14.png","keywords":["al-kemi records","ala bianca records","cristiano godano","duccio brunetti","figlio e padre","Gianni Maroccolo","luca rossi","mi ero perso il cuore","nuovo album","nuovo singolo","rossana masuello","video","videoclip"],"articleSection":["Notizie"],"inLanguage":"it-IT","potentialAction":[{"@type":"CommentAction","name":"Comment","target":["https:\/\/www.alabianca.it\/it\/notizie\/cristiano-godano-figlio-e-padre-il-nuovo-videoclip\/#respond"]}]},{"@type":"WebPage","@id":"https:\/\/www.alabianca.it\/it\/notizie\/cristiano-godano-figlio-e-padre-il-nuovo-videoclip\/","url":"https:\/\/www.alabianca.it\/it\/notizie\/cristiano-godano-figlio-e-padre-il-nuovo-videoclip\/","name":"Cristiano Godano - \"Figlio e padre\", il nuovo videoclip | Ala Bianca Group","isPartOf":{"@id":"https:\/\/www.alabianca.it\/it\/#website"},"primaryImageOfPage":{"@id":"https:\/\/www.alabianca.it\/it\/notizie\/cristiano-godano-figlio-e-padre-il-nuovo-videoclip\/#primaryimage"},"image":{"@id":"https:\/\/www.alabianca.it\/it\/notizie\/cristiano-godano-figlio-e-padre-il-nuovo-videoclip\/#primaryimage"},"thumbnailUrl":"https:\/\/www.alabianca.it\/wp-content\/uploads\/2020\/12\/Cover-14.png","datePublished":"2020-12-17T13:35:20+00:00","description":"Leggi Cristiano Godano - \"Figlio e padre\", il nuovo videoclip su Ala Bianca Group Editore e produttore discografico a Modena","breadcrumb":{"@id":"https:\/\/www.alabianca.it\/it\/notizie\/cristiano-godano-figlio-e-padre-il-nuovo-videoclip\/#breadcrumb"},"inLanguage":"it-IT","potentialAction":[{"@type":"ReadAction","target":["https:\/\/www.alabianca.it\/it\/notizie\/cristiano-godano-figlio-e-padre-il-nuovo-videoclip\/"]}]},{"@type":"ImageObject","inLanguage":"it-IT","@id":"https:\/\/www.alabianca.it\/it\/notizie\/cristiano-godano-figlio-e-padre-il-nuovo-videoclip\/#primaryimage","url":"https:\/\/www.alabianca.it\/wp-content\/uploads\/2020\/12\/Cover-14.png","contentUrl":"https:\/\/www.alabianca.it\/wp-content\/uploads\/2020\/12\/Cover-14.png","width":1080,"height":1080,"caption":"Figlio e padre videoclip di cristiano godano"},{"@type":"BreadcrumbList","@id":"https:\/\/www.alabianca.it\/it\/notizie\/cristiano-godano-figlio-e-padre-il-nuovo-videoclip\/#breadcrumb","itemListElement":[{"@type":"ListItem","position":1,"name":"Home","item":"https:\/\/www.alabianca.it\/it\/"},{"@type":"ListItem","position":2,"name":"Cristiano Godano &#8211; &#8220;Figlio e padre&#8221;, il nuovo videoclip"}]},{"@type":"WebSite","@id":"https:\/\/www.alabianca.it\/it\/#website","url":"https:\/\/www.alabianca.it\/it\/","name":"Ala Bianca Group","description":"Editore e produttore discografico","publisher":{"@id":"https:\/\/www.alabianca.it\/it\/#organization"},"potentialAction":[{"@type":"SearchAction","target":{"@type":"EntryPoint","urlTemplate":"https:\/\/www.alabianca.it\/it\/?s={search_term_string}"},"query-input":{"@type":"PropertyValueSpecification","valueRequired":true,"valueName":"search_term_string"}}],"inLanguage":"it-IT"},{"@type":"Organization","@id":"https:\/\/www.alabianca.it\/it\/#organization","name":"Alabianca Group S.r.l.","url":"https:\/\/www.alabianca.it\/it\/","logo":{"@type":"ImageObject","inLanguage":"it-IT","@id":"https:\/\/www.alabianca.it\/it\/#\/schema\/logo\/image\/","url":"https:\/\/www.alabianca.it\/wp-content\/uploads\/2018\/01\/alabianca-records-logo-2018-h-3.png","contentUrl":"https:\/\/www.alabianca.it\/wp-content\/uploads\/2018\/01\/alabianca-records-logo-2018-h-3.png","width":345,"height":133,"caption":"Alabianca Group S.r.l."},"image":{"@id":"https:\/\/www.alabianca.it\/it\/#\/schema\/logo\/image\/"}},{"@type":"Person","@id":"https:\/\/www.alabianca.it\/it\/#\/schema\/person\/42a393c26bf819be62e5fe5967bb8de8","name":"Irene","url":"https:\/\/www.alabianca.it\/it\/author\/irene\/"}]}},"_links":{"self":[{"href":"https:\/\/www.alabianca.it\/it\/wp-json\/wp\/v2\/posts\/18012","targetHints":{"allow":["GET"]}}],"collection":[{"href":"https:\/\/www.alabianca.it\/it\/wp-json\/wp\/v2\/posts"}],"about":[{"href":"https:\/\/www.alabianca.it\/it\/wp-json\/wp\/v2\/types\/post"}],"author":[{"embeddable":true,"href":"https:\/\/www.alabianca.it\/it\/wp-json\/wp\/v2\/users\/65"}],"replies":[{"embeddable":true,"href":"https:\/\/www.alabianca.it\/it\/wp-json\/wp\/v2\/comments?post=18012"}],"version-history":[{"count":2,"href":"https:\/\/www.alabianca.it\/it\/wp-json\/wp\/v2\/posts\/18012\/revisions"}],"predecessor-version":[{"id":18014,"href":"https:\/\/www.alabianca.it\/it\/wp-json\/wp\/v2\/posts\/18012\/revisions\/18014"}],"wp:featuredmedia":[{"embeddable":true,"href":"https:\/\/www.alabianca.it\/it\/wp-json\/wp\/v2\/media\/18015"}],"wp:attachment":[{"href":"https:\/\/www.alabianca.it\/it\/wp-json\/wp\/v2\/media?parent=18012"}],"wp:term":[{"taxonomy":"category","embeddable":true,"href":"https:\/\/www.alabianca.it\/it\/wp-json\/wp\/v2\/categories?post=18012"},{"taxonomy":"post_tag","embeddable":true,"href":"https:\/\/www.alabianca.it\/it\/wp-json\/wp\/v2\/tags?post=18012"}],"curies":[{"name":"wp","href":"https:\/\/api.w.org\/{rel}","templated":true}]}}