{"id":18083,"date":"2021-01-21T11:01:22","date_gmt":"2021-01-21T11:01:22","guid":{"rendered":"https:\/\/www.alabianca.it\/?p=18083"},"modified":"2021-01-22T10:03:53","modified_gmt":"2021-01-22T10:03:53","slug":"padre-e-figlio-il-nuovo-videoclip-di-cristiano-godano","status":"publish","type":"post","link":"https:\/\/www.alabianca.it\/it\/notizie\/padre-e-figlio-il-nuovo-videoclip-di-cristiano-godano\/","title":{"rendered":"&#8220;Padre e Figlio&#8221;, il nuovo videoclip di Cristiano Godano"},"content":{"rendered":"<div class=\"wpb-content-wrapper\"><p>[vc_row][vc_column][vc_column_text]<\/p>\n<h2 style=\"font-weight: 400;\"><strong>CRISTIANO GODANO &#8211; <\/strong><strong>Da oggi \u00e8 online il nuovo, emozionante video del brano <\/strong><strong>\u201c<em>PADRE E FIGLIO<\/em>\u201d<\/strong><\/h2>\n<p style=\"font-weight: 400;\"><strong>ultimo estratto dall\u2019album \u201c<em>MI ERO PERSO IL CUORE<\/em>\u201d che vede la partecipazione del figlio, Enrico Godano.<\/strong><\/p>\n<p>[\/vc_column_text][\/vc_column][\/vc_row][vc_row][vc_column][vc_video link=&#8221;https:\/\/youtu.be\/plyLGR64xpk&#8221;][\/vc_column][\/vc_row][vc_row][vc_column][vc_column_text]<span style=\"font-weight: 400;\">Esce oggi il <strong>nuovo ed emozionante videoclip di Cristiano Godano<\/strong>, ultimo estratto dal suo album di esordio solista \u201cMi ero perso il cuore\u201d.\u00a0<\/span><\/p>\n<p><span style=\"font-weight: 400;\"><strong>\u201cPadre e figlio\u201d<\/strong> &#8211; cos\u00ec si intitola &#8211; \u00e8 l\u2019<strong>ideale continuazione del precedente video, \u201cFiglio e padre\u201d<\/strong>. <\/span><span style=\"font-weight: 400;\"><br \/>\n<\/span><span style=\"font-weight: 400;\">Si tratta di un brano dal profondo impatto emotivo, sostenuto da un telaio leggerissimo composto da morbide pennellate sonore, dolci interventi di pianoforte e cori femminili che caratterizzano il sound del disco nella sua totalit\u00e0.<\/span><span style=\"font-weight: 400;\"><br \/>\n<\/span><span style=\"font-weight: 400;\"><strong>I registi del video, Maria Erica Pacileo e Fernando Maraghini, hanno definito il brano \u00abuna lettera d\u2019amore di rara profondit\u00e0\u00bb,<\/strong> che mette in scena le due figure in un diverbio acceso al quale il padre ripensa a distanza di tempo attraverso una lente di sentimenti complessi.<\/span><\/p>\n<p><span style=\"font-weight: 400;\">Il video, come il brano, si impernia su elementi semplici eppure densi, mettendo al centro l\u2019intensit\u00e0 dello sguardo di Cristiano. Solo alla fine apparir\u00e0 per pochi secondi la figura di suo figlio Enrico, ultima e preziosa nota di quest&#8217;opera.<\/span>[\/vc_column_text][\/vc_column][\/vc_row][vc_row][vc_column][vc_column_text]<\/p>\n<h3>&#8220;Mi ero perso il cuore&#8221; &#8211; L&#8217;album<\/h3>\n<p><b>\u201c<\/b><b><i>Mi ero perso il cuore<\/i><\/b><b>\u201d \u00e8 uscito a giugno 2020 ed \u00e8 disponibile in digitale, in CD e doppio Vinile da collezione 180gr.<\/b><\/p>\n<p><b>\u00a0<\/b><span style=\"font-weight: 400;\">Questa la tracklist:<\/span> <i><span style=\"font-weight: 400;\">La mia vincita, Sei sempre qui con me, Ti voglio dire, Com&#8217;\u00e8 possibile, Lamento del depresso, Ci\u00f2 che sar\u00f2 io, Ho bisogno di te, Dietro le parole, Padre e figlio, Figlio e padre, Panico, Nella natura, Ma il cuore batte.<\/span><\/i><\/p>\n<p><span style=\"font-weight: 400;\">La versione in vinile contiene la bonus track<\/span><b> \u201c<\/b><i><span style=\"font-weight: 400;\">Per sempre mi avrai\u201d<\/span><\/i><span style=\"font-weight: 400;\">.<\/span>[\/vc_column_text][\/vc_column][\/vc_row][vc_row][vc_column][vc_btn title=&#8221;ASCOLTA L&#8217;ALBUM&#8221; color=&#8221;orange&#8221; align=&#8221;center&#8221; button_block=&#8221;true&#8221; link=&#8221;url:https%3A%2F%2Flnk.to%2FHueljx99%20%20&#8243;][\/vc_column][\/vc_row][vc_row][vc_column][vc_column_text]<\/p>\n<p style=\"font-weight: 400;\">Il\u00a0<strong>tour<\/strong>\u00a0di Cristiano Godano per presentare \u201c<em>Mi ero perso il cuore<\/em>\u201d (Ala Bianca Group \/ Warner Music), inizialmente previsto a partire da novembre 2020, \u00e8 stato sospeso a causa delle norme vigenti, dovute all\u2019emergenza sanitaria. Verr\u00e0 recuperato a data da destinarsi.<\/p>\n<p style=\"font-weight: 400;\"><strong>\u00a0<\/strong><\/p>\n<p style=\"font-weight: 400;\"><a href=\"https:\/\/www.alabianca.it\/artisti\/cristiano-godano\/\"><strong>Cristiano Godano<\/strong><\/a>, artista poliedrico, \u00e8 cantante, chitarrista, autore, attore e scrittore. Oltre a essere il cantante dei Marlene Kuntz, infatti, \u00e8 l\u2019autore di tutti i testi (oltre 130) della band. Nel 2008 ha esordito come scrittore, con i sei racconti de\u00a0<em>\u201cI vivi<\/em>\u201d (Rizzoli), dai quali ha tratto un reading che ha portato in tour in tutta Italia, nel 2019 ha pubblicato il racconto biografico in prima persona \u201c<em>Nuotando nell\u2019aria. Dietro 35 canzoni dei Marlene Kuntz<\/em>\u201d (La Nave di Teseo). \u00c8 docente all\u2019Universit\u00e0 Cattolica di Milano e tiene lezioni e workshop in ambito musicale e poetico.<\/p>\n<p>[\/vc_column_text][\/vc_column][\/vc_row]<\/p>\n<\/div>","protected":false},"excerpt":{"rendered":"<p>[vc_row][vc_column][vc_column_text] CRISTIANO GODANO &#8211; Da oggi \u00e8 online il nuovo, emozionante video del brano \u201cPADRE E FIGLIO\u201d ultimo estratto dall\u2019album \u201cMI ERO PERSO IL CUORE\u201d che vede la partecipazione del figlio, Enrico Godano. [\/vc_column_text][\/vc_column][\/vc_row][vc_row][vc_column][vc_video link=&#8221;https:\/\/youtu.be\/plyLGR64xpk&#8221;][\/vc_column][\/vc_row][vc_row][vc_column][vc_column_text]Esce oggi il nuovo ed emozionante videoclip di Cristiano Godano, ultimo estratto dal suo album di esordio solista \u201cMi ero perso [&hellip;]<\/p>\n","protected":false},"author":65,"featured_media":18089,"comment_status":"open","ping_status":"closed","sticky":false,"template":"","format":"standard","meta":{"_acf_changed":false,"footnotes":""},"categories":[7],"tags":[1713,1617,1714,1909,1895,1754,1198,1716,1908,1623,1618,1910],"class_list":["post-18083","post","type-post","status-publish","format-standard","has-post-thumbnail","hentry","category-notizie","tag-al-kemi-records","tag-ala-bianca-records","tag-cristiano-godano","tag-enrico-godano","tag-figlio-e-padre","tag-fuori-ora","tag-marlene-kuntz","tag-mi-ero-perso-il-cuore","tag-padre-e-figlio","tag-video","tag-videoclip","tag-youtube"],"acf":[],"yoast_head":"<!-- This site is optimized with the Yoast SEO plugin v27.4 - https:\/\/yoast.com\/product\/yoast-seo-wordpress\/ -->\n<title>&quot;Padre e Figlio&quot;, il nuovo videoclip di Cristiano Godano - Ala Bianca Group<\/title>\n<meta name=\"description\" content=\"Leggi &quot;Padre e Figlio&quot;, il nuovo videoclip di Cristiano Godano su Ala Bianca Group Editore e produttore discografico a Modena\" \/>\n<meta name=\"robots\" content=\"index, follow, max-snippet:-1, max-image-preview:large, max-video-preview:-1\" \/>\n<link rel=\"canonical\" href=\"https:\/\/www.alabianca.it\/it\/notizie\/padre-e-figlio-il-nuovo-videoclip-di-cristiano-godano\/\" \/>\n<meta property=\"og:locale\" content=\"it_IT\" \/>\n<meta property=\"og:type\" content=\"article\" \/>\n<meta property=\"og:title\" content=\"&quot;Padre e Figlio&quot;, il nuovo videoclip di Cristiano Godano - Ala Bianca Group\" \/>\n<meta property=\"og:description\" content=\"Leggi &quot;Padre e Figlio&quot;, il nuovo videoclip di Cristiano Godano su Ala Bianca Group Editore e produttore discografico a Modena\" \/>\n<meta property=\"og:url\" content=\"https:\/\/www.alabianca.it\/it\/notizie\/padre-e-figlio-il-nuovo-videoclip-di-cristiano-godano\/\" \/>\n<meta property=\"og:site_name\" content=\"Ala Bianca Group\" \/>\n<meta property=\"article:published_time\" content=\"2021-01-21T11:01:22+00:00\" \/>\n<meta property=\"article:modified_time\" content=\"2021-01-22T10:03:53+00:00\" \/>\n<meta property=\"og:image\" content=\"https:\/\/www.alabianca.it\/wp-content\/uploads\/2021\/01\/cristianogodano-padreefiglio-articlecover.png\" \/>\n\t<meta property=\"og:image:width\" content=\"1400\" \/>\n\t<meta property=\"og:image:height\" content=\"1400\" \/>\n\t<meta property=\"og:image:type\" content=\"image\/png\" \/>\n<meta name=\"author\" content=\"Irene\" \/>\n<meta name=\"twitter:card\" content=\"summary_large_image\" \/>\n<meta name=\"twitter:label1\" content=\"Scritto da\" \/>\n\t<meta name=\"twitter:data1\" content=\"Irene\" \/>\n\t<meta name=\"twitter:label2\" content=\"Tempo di lettura stimato\" \/>\n\t<meta name=\"twitter:data2\" content=\"3 minuti\" \/>\n<script type=\"application\/ld+json\" class=\"yoast-schema-graph\">{\"@context\":\"https:\\\/\\\/schema.org\",\"@graph\":[{\"@type\":\"Article\",\"@id\":\"https:\\\/\\\/www.alabianca.it\\\/it\\\/notizie\\\/padre-e-figlio-il-nuovo-videoclip-di-cristiano-godano\\\/#article\",\"isPartOf\":{\"@id\":\"https:\\\/\\\/www.alabianca.it\\\/it\\\/notizie\\\/padre-e-figlio-il-nuovo-videoclip-di-cristiano-godano\\\/\"},\"author\":{\"name\":\"Irene\",\"@id\":\"https:\\\/\\\/www.alabianca.it\\\/it\\\/#\\\/schema\\\/person\\\/42a393c26bf819be62e5fe5967bb8de8\"},\"headline\":\"&#8220;Padre e Figlio&#8221;, il nuovo videoclip di Cristiano Godano\",\"datePublished\":\"2021-01-21T11:01:22+00:00\",\"dateModified\":\"2021-01-22T10:03:53+00:00\",\"mainEntityOfPage\":{\"@id\":\"https:\\\/\\\/www.alabianca.it\\\/it\\\/notizie\\\/padre-e-figlio-il-nuovo-videoclip-di-cristiano-godano\\\/\"},\"wordCount\":520,\"commentCount\":0,\"publisher\":{\"@id\":\"https:\\\/\\\/www.alabianca.it\\\/it\\\/#organization\"},\"image\":{\"@id\":\"https:\\\/\\\/www.alabianca.it\\\/it\\\/notizie\\\/padre-e-figlio-il-nuovo-videoclip-di-cristiano-godano\\\/#primaryimage\"},\"thumbnailUrl\":\"https:\\\/\\\/www.alabianca.it\\\/wp-content\\\/uploads\\\/2021\\\/01\\\/cristianogodano-padreefiglio-articlecover.png\",\"keywords\":[\"al-kemi records\",\"ala bianca records\",\"cristiano godano\",\"enrico godano\",\"figlio e padre\",\"fuori ora\",\"Marlene Kuntz\",\"mi ero perso il cuore\",\"padre e figlio\",\"video\",\"videoclip\",\"youtube\"],\"articleSection\":[\"Notizie\"],\"inLanguage\":\"it-IT\",\"potentialAction\":[{\"@type\":\"CommentAction\",\"name\":\"Comment\",\"target\":[\"https:\\\/\\\/www.alabianca.it\\\/it\\\/notizie\\\/padre-e-figlio-il-nuovo-videoclip-di-cristiano-godano\\\/#respond\"]}]},{\"@type\":\"WebPage\",\"@id\":\"https:\\\/\\\/www.alabianca.it\\\/it\\\/notizie\\\/padre-e-figlio-il-nuovo-videoclip-di-cristiano-godano\\\/\",\"url\":\"https:\\\/\\\/www.alabianca.it\\\/it\\\/notizie\\\/padre-e-figlio-il-nuovo-videoclip-di-cristiano-godano\\\/\",\"name\":\"\\\"Padre e Figlio\\\", il nuovo videoclip di Cristiano Godano - Ala Bianca Group\",\"isPartOf\":{\"@id\":\"https:\\\/\\\/www.alabianca.it\\\/it\\\/#website\"},\"primaryImageOfPage\":{\"@id\":\"https:\\\/\\\/www.alabianca.it\\\/it\\\/notizie\\\/padre-e-figlio-il-nuovo-videoclip-di-cristiano-godano\\\/#primaryimage\"},\"image\":{\"@id\":\"https:\\\/\\\/www.alabianca.it\\\/it\\\/notizie\\\/padre-e-figlio-il-nuovo-videoclip-di-cristiano-godano\\\/#primaryimage\"},\"thumbnailUrl\":\"https:\\\/\\\/www.alabianca.it\\\/wp-content\\\/uploads\\\/2021\\\/01\\\/cristianogodano-padreefiglio-articlecover.png\",\"datePublished\":\"2021-01-21T11:01:22+00:00\",\"dateModified\":\"2021-01-22T10:03:53+00:00\",\"description\":\"Leggi \\\"Padre e Figlio\\\", il nuovo videoclip di Cristiano Godano su Ala Bianca Group Editore e produttore discografico a Modena\",\"breadcrumb\":{\"@id\":\"https:\\\/\\\/www.alabianca.it\\\/it\\\/notizie\\\/padre-e-figlio-il-nuovo-videoclip-di-cristiano-godano\\\/#breadcrumb\"},\"inLanguage\":\"it-IT\",\"potentialAction\":[{\"@type\":\"ReadAction\",\"target\":[\"https:\\\/\\\/www.alabianca.it\\\/it\\\/notizie\\\/padre-e-figlio-il-nuovo-videoclip-di-cristiano-godano\\\/\"]}]},{\"@type\":\"ImageObject\",\"inLanguage\":\"it-IT\",\"@id\":\"https:\\\/\\\/www.alabianca.it\\\/it\\\/notizie\\\/padre-e-figlio-il-nuovo-videoclip-di-cristiano-godano\\\/#primaryimage\",\"url\":\"https:\\\/\\\/www.alabianca.it\\\/wp-content\\\/uploads\\\/2021\\\/01\\\/cristianogodano-padreefiglio-articlecover.png\",\"contentUrl\":\"https:\\\/\\\/www.alabianca.it\\\/wp-content\\\/uploads\\\/2021\\\/01\\\/cristianogodano-padreefiglio-articlecover.png\",\"width\":1400,\"height\":1400},{\"@type\":\"BreadcrumbList\",\"@id\":\"https:\\\/\\\/www.alabianca.it\\\/it\\\/notizie\\\/padre-e-figlio-il-nuovo-videoclip-di-cristiano-godano\\\/#breadcrumb\",\"itemListElement\":[{\"@type\":\"ListItem\",\"position\":1,\"name\":\"Home\",\"item\":\"https:\\\/\\\/www.alabianca.it\\\/it\\\/\"},{\"@type\":\"ListItem\",\"position\":2,\"name\":\"&#8220;Padre e Figlio&#8221;, il nuovo videoclip di Cristiano Godano\"}]},{\"@type\":\"WebSite\",\"@id\":\"https:\\\/\\\/www.alabianca.it\\\/it\\\/#website\",\"url\":\"https:\\\/\\\/www.alabianca.it\\\/it\\\/\",\"name\":\"Ala Bianca Group\",\"description\":\"Editore e produttore discografico\",\"publisher\":{\"@id\":\"https:\\\/\\\/www.alabianca.it\\\/it\\\/#organization\"},\"potentialAction\":[{\"@type\":\"SearchAction\",\"target\":{\"@type\":\"EntryPoint\",\"urlTemplate\":\"https:\\\/\\\/www.alabianca.it\\\/it\\\/?s={search_term_string}\"},\"query-input\":{\"@type\":\"PropertyValueSpecification\",\"valueRequired\":true,\"valueName\":\"search_term_string\"}}],\"inLanguage\":\"it-IT\"},{\"@type\":\"Organization\",\"@id\":\"https:\\\/\\\/www.alabianca.it\\\/it\\\/#organization\",\"name\":\"Alabianca Group S.r.l.\",\"url\":\"https:\\\/\\\/www.alabianca.it\\\/it\\\/\",\"logo\":{\"@type\":\"ImageObject\",\"inLanguage\":\"it-IT\",\"@id\":\"https:\\\/\\\/www.alabianca.it\\\/it\\\/#\\\/schema\\\/logo\\\/image\\\/\",\"url\":\"https:\\\/\\\/www.alabianca.it\\\/wp-content\\\/uploads\\\/2018\\\/01\\\/alabianca-records-logo-2018-h-3.png\",\"contentUrl\":\"https:\\\/\\\/www.alabianca.it\\\/wp-content\\\/uploads\\\/2018\\\/01\\\/alabianca-records-logo-2018-h-3.png\",\"width\":345,\"height\":133,\"caption\":\"Alabianca Group S.r.l.\"},\"image\":{\"@id\":\"https:\\\/\\\/www.alabianca.it\\\/it\\\/#\\\/schema\\\/logo\\\/image\\\/\"}},{\"@type\":\"Person\",\"@id\":\"https:\\\/\\\/www.alabianca.it\\\/it\\\/#\\\/schema\\\/person\\\/42a393c26bf819be62e5fe5967bb8de8\",\"name\":\"Irene\",\"url\":\"https:\\\/\\\/www.alabianca.it\\\/it\\\/author\\\/irene\\\/\"}]}<\/script>\n<!-- \/ Yoast SEO plugin. -->","yoast_head_json":{"title":"\"Padre e Figlio\", il nuovo videoclip di Cristiano Godano - Ala Bianca Group","description":"Leggi \"Padre e Figlio\", il nuovo videoclip di Cristiano Godano su Ala Bianca Group Editore e produttore discografico a Modena","robots":{"index":"index","follow":"follow","max-snippet":"max-snippet:-1","max-image-preview":"max-image-preview:large","max-video-preview":"max-video-preview:-1"},"canonical":"https:\/\/www.alabianca.it\/it\/notizie\/padre-e-figlio-il-nuovo-videoclip-di-cristiano-godano\/","og_locale":"it_IT","og_type":"article","og_title":"\"Padre e Figlio\", il nuovo videoclip di Cristiano Godano - Ala Bianca Group","og_description":"Leggi \"Padre e Figlio\", il nuovo videoclip di Cristiano Godano su Ala Bianca Group Editore e produttore discografico a Modena","og_url":"https:\/\/www.alabianca.it\/it\/notizie\/padre-e-figlio-il-nuovo-videoclip-di-cristiano-godano\/","og_site_name":"Ala Bianca Group","article_published_time":"2021-01-21T11:01:22+00:00","article_modified_time":"2021-01-22T10:03:53+00:00","og_image":[{"width":1400,"height":1400,"url":"https:\/\/www.alabianca.it\/wp-content\/uploads\/2021\/01\/cristianogodano-padreefiglio-articlecover.png","type":"image\/png"}],"author":"Irene","twitter_card":"summary_large_image","twitter_misc":{"Scritto da":"Irene","Tempo di lettura stimato":"3 minuti"},"schema":{"@context":"https:\/\/schema.org","@graph":[{"@type":"Article","@id":"https:\/\/www.alabianca.it\/it\/notizie\/padre-e-figlio-il-nuovo-videoclip-di-cristiano-godano\/#article","isPartOf":{"@id":"https:\/\/www.alabianca.it\/it\/notizie\/padre-e-figlio-il-nuovo-videoclip-di-cristiano-godano\/"},"author":{"name":"Irene","@id":"https:\/\/www.alabianca.it\/it\/#\/schema\/person\/42a393c26bf819be62e5fe5967bb8de8"},"headline":"&#8220;Padre e Figlio&#8221;, il nuovo videoclip di Cristiano Godano","datePublished":"2021-01-21T11:01:22+00:00","dateModified":"2021-01-22T10:03:53+00:00","mainEntityOfPage":{"@id":"https:\/\/www.alabianca.it\/it\/notizie\/padre-e-figlio-il-nuovo-videoclip-di-cristiano-godano\/"},"wordCount":520,"commentCount":0,"publisher":{"@id":"https:\/\/www.alabianca.it\/it\/#organization"},"image":{"@id":"https:\/\/www.alabianca.it\/it\/notizie\/padre-e-figlio-il-nuovo-videoclip-di-cristiano-godano\/#primaryimage"},"thumbnailUrl":"https:\/\/www.alabianca.it\/wp-content\/uploads\/2021\/01\/cristianogodano-padreefiglio-articlecover.png","keywords":["al-kemi records","ala bianca records","cristiano godano","enrico godano","figlio e padre","fuori ora","Marlene Kuntz","mi ero perso il cuore","padre e figlio","video","videoclip","youtube"],"articleSection":["Notizie"],"inLanguage":"it-IT","potentialAction":[{"@type":"CommentAction","name":"Comment","target":["https:\/\/www.alabianca.it\/it\/notizie\/padre-e-figlio-il-nuovo-videoclip-di-cristiano-godano\/#respond"]}]},{"@type":"WebPage","@id":"https:\/\/www.alabianca.it\/it\/notizie\/padre-e-figlio-il-nuovo-videoclip-di-cristiano-godano\/","url":"https:\/\/www.alabianca.it\/it\/notizie\/padre-e-figlio-il-nuovo-videoclip-di-cristiano-godano\/","name":"\"Padre e Figlio\", il nuovo videoclip di Cristiano Godano - Ala Bianca Group","isPartOf":{"@id":"https:\/\/www.alabianca.it\/it\/#website"},"primaryImageOfPage":{"@id":"https:\/\/www.alabianca.it\/it\/notizie\/padre-e-figlio-il-nuovo-videoclip-di-cristiano-godano\/#primaryimage"},"image":{"@id":"https:\/\/www.alabianca.it\/it\/notizie\/padre-e-figlio-il-nuovo-videoclip-di-cristiano-godano\/#primaryimage"},"thumbnailUrl":"https:\/\/www.alabianca.it\/wp-content\/uploads\/2021\/01\/cristianogodano-padreefiglio-articlecover.png","datePublished":"2021-01-21T11:01:22+00:00","dateModified":"2021-01-22T10:03:53+00:00","description":"Leggi \"Padre e Figlio\", il nuovo videoclip di Cristiano Godano su Ala Bianca Group Editore e produttore discografico a Modena","breadcrumb":{"@id":"https:\/\/www.alabianca.it\/it\/notizie\/padre-e-figlio-il-nuovo-videoclip-di-cristiano-godano\/#breadcrumb"},"inLanguage":"it-IT","potentialAction":[{"@type":"ReadAction","target":["https:\/\/www.alabianca.it\/it\/notizie\/padre-e-figlio-il-nuovo-videoclip-di-cristiano-godano\/"]}]},{"@type":"ImageObject","inLanguage":"it-IT","@id":"https:\/\/www.alabianca.it\/it\/notizie\/padre-e-figlio-il-nuovo-videoclip-di-cristiano-godano\/#primaryimage","url":"https:\/\/www.alabianca.it\/wp-content\/uploads\/2021\/01\/cristianogodano-padreefiglio-articlecover.png","contentUrl":"https:\/\/www.alabianca.it\/wp-content\/uploads\/2021\/01\/cristianogodano-padreefiglio-articlecover.png","width":1400,"height":1400},{"@type":"BreadcrumbList","@id":"https:\/\/www.alabianca.it\/it\/notizie\/padre-e-figlio-il-nuovo-videoclip-di-cristiano-godano\/#breadcrumb","itemListElement":[{"@type":"ListItem","position":1,"name":"Home","item":"https:\/\/www.alabianca.it\/it\/"},{"@type":"ListItem","position":2,"name":"&#8220;Padre e Figlio&#8221;, il nuovo videoclip di Cristiano Godano"}]},{"@type":"WebSite","@id":"https:\/\/www.alabianca.it\/it\/#website","url":"https:\/\/www.alabianca.it\/it\/","name":"Ala Bianca Group","description":"Editore e produttore discografico","publisher":{"@id":"https:\/\/www.alabianca.it\/it\/#organization"},"potentialAction":[{"@type":"SearchAction","target":{"@type":"EntryPoint","urlTemplate":"https:\/\/www.alabianca.it\/it\/?s={search_term_string}"},"query-input":{"@type":"PropertyValueSpecification","valueRequired":true,"valueName":"search_term_string"}}],"inLanguage":"it-IT"},{"@type":"Organization","@id":"https:\/\/www.alabianca.it\/it\/#organization","name":"Alabianca Group S.r.l.","url":"https:\/\/www.alabianca.it\/it\/","logo":{"@type":"ImageObject","inLanguage":"it-IT","@id":"https:\/\/www.alabianca.it\/it\/#\/schema\/logo\/image\/","url":"https:\/\/www.alabianca.it\/wp-content\/uploads\/2018\/01\/alabianca-records-logo-2018-h-3.png","contentUrl":"https:\/\/www.alabianca.it\/wp-content\/uploads\/2018\/01\/alabianca-records-logo-2018-h-3.png","width":345,"height":133,"caption":"Alabianca Group S.r.l."},"image":{"@id":"https:\/\/www.alabianca.it\/it\/#\/schema\/logo\/image\/"}},{"@type":"Person","@id":"https:\/\/www.alabianca.it\/it\/#\/schema\/person\/42a393c26bf819be62e5fe5967bb8de8","name":"Irene","url":"https:\/\/www.alabianca.it\/it\/author\/irene\/"}]}},"_links":{"self":[{"href":"https:\/\/www.alabianca.it\/it\/wp-json\/wp\/v2\/posts\/18083","targetHints":{"allow":["GET"]}}],"collection":[{"href":"https:\/\/www.alabianca.it\/it\/wp-json\/wp\/v2\/posts"}],"about":[{"href":"https:\/\/www.alabianca.it\/it\/wp-json\/wp\/v2\/types\/post"}],"author":[{"embeddable":true,"href":"https:\/\/www.alabianca.it\/it\/wp-json\/wp\/v2\/users\/65"}],"replies":[{"embeddable":true,"href":"https:\/\/www.alabianca.it\/it\/wp-json\/wp\/v2\/comments?post=18083"}],"version-history":[{"count":6,"href":"https:\/\/www.alabianca.it\/it\/wp-json\/wp\/v2\/posts\/18083\/revisions"}],"predecessor-version":[{"id":18091,"href":"https:\/\/www.alabianca.it\/it\/wp-json\/wp\/v2\/posts\/18083\/revisions\/18091"}],"wp:featuredmedia":[{"embeddable":true,"href":"https:\/\/www.alabianca.it\/it\/wp-json\/wp\/v2\/media\/18089"}],"wp:attachment":[{"href":"https:\/\/www.alabianca.it\/it\/wp-json\/wp\/v2\/media?parent=18083"}],"wp:term":[{"taxonomy":"category","embeddable":true,"href":"https:\/\/www.alabianca.it\/it\/wp-json\/wp\/v2\/categories?post=18083"},{"taxonomy":"post_tag","embeddable":true,"href":"https:\/\/www.alabianca.it\/it\/wp-json\/wp\/v2\/tags?post=18083"}],"curies":[{"name":"wp","href":"https:\/\/api.w.org\/{rel}","templated":true}]}}