{"id":18126,"date":"2021-02-05T08:26:58","date_gmt":"2021-02-05T08:26:58","guid":{"rendered":"https:\/\/www.alabianca.it\/?p=18126"},"modified":"2021-02-05T08:26:58","modified_gmt":"2021-02-05T08:26:58","slug":"voci-x-la-liberta-fuori-il-vinile-per-amnesty","status":"publish","type":"post","link":"https:\/\/www.alabianca.it\/it\/notizie\/voci-x-la-liberta-fuori-il-vinile-per-amnesty\/","title":{"rendered":"Voci x la Libert\u00e0 &#8211; Fuori il vinile per Amnesty"},"content":{"rendered":"<div class=\"wpb-content-wrapper\"><p>[vc_row][vc_column][vc_column_text]<\/p>\n<h2 class=\"m_-1052145251029881347western\" align=\"center\"><span style=\"font-family: Times New Roman, serif;\"><span style=\"font-size: large;\"><strong>IN VINILE TUTTE LE EMOZIONI DI \u201cVOCI X LA LIBERT\u00c0 \u2013 UNA CANZONE PER AMNESTY. 23<\/strong><\/span><\/span><sup><span style=\"font-family: Times New Roman, serif;\"><span style=\"font-size: large;\"><strong>A<\/strong><\/span><\/span><\/sup><span style=\"font-family: Times New Roman, serif;\"><span style=\"font-size: large;\"><strong>\u00a0EDIZIONE\u201d CON FABI, REI, VICARIO, HER E MOLTI ALTRI<\/strong><\/span><\/span><\/h2>\n<p class=\"m_-1052145251029881347western\"><span style=\"font-family: Times New Roman, serif;\"><span style=\"font-size: medium;\">Tutte le emozioni dell\u2019ultima edizione di <strong>\u201cVoci per la libert\u00e0 \u2013 Una canzone per Amnesty\u201d<\/strong>, lo storico festival della provincia di Rovigo che unisce musica e diritti umani, sono ora racchiuse in un disco in vinile, che sar\u00e0 presentato il 5 febbraio alle 21 in streaming sulla pagina Facebook (<\/span><\/span><span style=\"color: #0000ff;\"><u><a href=\"https:\/\/app.mailvox.it\/nl\/pvx3t9\/z54icc\/k1n3ab0\/uf\/1\/aHR0cDovL3d3dy5mYWNlYm9vay5jb20vdm9jaXhsYWxpYmVydGEvcG9zdHMvMzYwNjQxMTA1OTQwNzk2Nw?_d=613&amp;_c=7bc68bc6\" target=\"_blank\" rel=\"noopener\" data-saferedirecturl=\"https:\/\/www.google.com\/url?q=https:\/\/app.mailvox.it\/nl\/pvx3t9\/z54icc\/k1n3ab0\/uf\/1\/aHR0cDovL3d3dy5mYWNlYm9vay5jb20vdm9jaXhsYWxpYmVydGEvcG9zdHMvMzYwNjQxMTA1OTQwNzk2Nw?_d%3D613%26_c%3D7bc68bc6&amp;source=gmail&amp;ust=1612524790538000&amp;usg=AFQjCNE390BMXdeqnnV7qpSFXukVoeasaQ\">www.facebook.com\/<wbr \/>vocixlaliberta\/posts\/<wbr \/>3606411059407967<\/a><\/u><\/span>\u00a0)\u00a0<span style=\"font-family: Times New Roman, serif;\"><span style=\"font-size: medium;\">e il canale YouTube (<\/span><\/span><span style=\"color: #0000ff;\"><u><a href=\"https:\/\/app.mailvox.it\/nl\/pvx3t9\/z54icc\/k1n3ab0\/uf\/2\/aHR0cHM6Ly95b3V0dS5iZS9fOEpoSTRrb2FKVQ?_d=613&amp;_c=2731bd19\" target=\"_blank\" rel=\"noopener\" data-saferedirecturl=\"https:\/\/www.google.com\/url?q=https:\/\/app.mailvox.it\/nl\/pvx3t9\/z54icc\/k1n3ab0\/uf\/2\/aHR0cHM6Ly95b3V0dS5iZS9fOEpoSTRrb2FKVQ?_d%3D613%26_c%3D2731bd19&amp;source=gmail&amp;ust=1612524790538000&amp;usg=AFQjCNGqw2RXNgOVI4A_Wcr9AVjUknkZhQ\"><span style=\"font-family: Times New Roman, serif;\"><span style=\"font-size: medium;\">https:\/\/youtu.be\/_8JhI4koaJU<\/span><\/span><\/a><\/u><\/span><span style=\"font-family: Times New Roman, serif;\"><span style=\"font-size: medium;\">) del festival.<br \/>\n<\/span><\/span><\/p>\n<p class=\"m_-1052145251029881347western\"><span style=\"font-family: Times New Roman, serif;\"><span style=\"font-size: medium;\">La raccolta, dopo essere uscita in digitale il 10 dicembre, <strong>anniversario della Dichiarazione universale dei diritti umani<\/strong>, sar\u00e0 disponibile proprio da venerd\u00ec 5 febbraio nella versione in vinile, ad edizione limitata e numerata.<\/span><\/span><\/p>\n<p>[\/vc_column_text][\/vc_column][\/vc_row][vc_row][vc_column][vc_single_image image=&#8221;18127&#8243; img_size=&#8221;large&#8221; alignment=&#8221;center&#8221;][vc_btn title=&#8221;ACQUISTA L&#8217;ALBUM&#8221; color=&#8221;orange&#8221; align=&#8221;center&#8221; link=&#8221;url:http%3A%2F%2Fsmarturl.it%2Fssq8mj&#8221;][\/vc_column][\/vc_row][vc_row][vc_column][vc_column_text]<\/p>\n<h3>Il Disco<\/h3>\n<p class=\"m_-1052145251029881347western\"><span style=\"font-family: Times New Roman, serif;\"><span style=\"font-size: medium;\">La tracklist del disco parte dai due vincitori di \u201cVoci per la Libert\u00e0\u201d 2020: <strong>Niccol\u00f2 Fabi<\/strong> con il brano <strong>\u201cIo sono l\u2019altro\u201d<\/strong> (Premio Amnesty International Italia nella sezione Big), e <strong>H.E.R.<\/strong> con \u201cIl mondo non cambia mai\u201d, vincitrice nella sezione emergenti. Ma l\u2019eclettica cantautrice-musicista ha offerto anche un\u2019altra canzone, nata proprio per festeggiare la vittoria e dedicata ad Amnesty e a Voci per la libert\u00e0: \u201cIl nostro mondo\u201d.<\/span><\/span><\/p>\n<p class=\"m_-1052145251029881347western\"><span style=\"font-family: Times New Roman, serif;\"><span style=\"font-size: medium;\">Non mancano poi le altre finaliste: <strong>Agnese Valle<\/strong> (con \u201cLa terra sbatte\u201d), che ha vinto il Premio della critica; <strong>Adriana<\/strong> (con \u201cBumaye\u201d), premio del pubblico; <strong>Assia Fiorillo<\/strong> (con \u201cIo sono te\u201d), premio \u201cIl migliore per noi\u201d; <strong>Micaela Tempesta<\/strong> (che ha presentato \u201c4M3N\u201d).<\/span><\/span><\/p>\n<p class=\"m_-1052145251029881347western\"><span style=\"font-family: Times New Roman, serif;\"><span style=\"font-size: medium;\">E poi gli ospiti: <strong>Marina Rei<\/strong> con \u201cDonna che parla in fretta\u201d, <strong>Margherita Vicario<\/strong> con \u201cMandela\u201d, i <strong>Meganoidi<\/strong> con \u201cPersone nuove\u201d, <strong>The Boylers<\/strong> con \u201cThis Is My Place\u201d, i <strong>Grace N Kaos<\/strong>, con \u201cBlu cobalto\u201d.<\/span><\/span><\/p>\n<p class=\"m_-1052145251029881347western\"><span style=\"font-family: Times New Roman, serif;\"><span style=\"font-size: medium;\">Sulla copertina campeggia lo slogan \u201cSui diritti non si torna indietro\u201d, per ribadire l\u2019importanza dell&#8217;impegno in favore dei diritti di tutte e di tutti. \u201cUna raccolta\u201d, come dichiara <strong>Michele Lionello<\/strong>, direttore artistico di Voci per la libert\u00e0, \u201cche lascia che siano bellezza ed emozione a lavorare perch\u00e9 le violazioni dei diritti umani cessino una volta per tutte. A questo proposito vorrei ringraziare per la sensibilit\u00e0 tutti i protagonisti, artisti e discografici, che si sono resi disponibili per questa operazione\u201d.<\/span><\/span><\/p>\n<p class=\"m_-1052145251029881347western\"><span style=\"font-family: Times New Roman, serif;\"><span style=\"font-size: medium;\">Dodici brani, un importante sunto di una edizione del festival particolarmente significativa, dal momento che si \u00e8 svolta con grande successo di pubblico nel pieno rispetto delle normative sulla pandemia, toccando fra luglio e settembre Adria, Rosolina Mare e Rovigo.<\/span><\/span><\/p>\n<p>&nbsp;<\/p>\n<h4>5 Febbraio &#8211; Presentazione Streaming<\/h4>\n<p class=\"m_-1052145251029881347western\"><span style=\"font-family: Times New Roman, serif;\"><span style=\"font-size: medium;\">La serata, condotta dal presentatore storico del festival Savino Zaba (Rai Radio 1), vedr\u00e0 la partecipazione degli artisti presenti nella raccolta ed inoltre di Riccardo Noury (Portavoce di Amnesty International Italia), e<\/span><\/span><span style=\"font-size: medium; font-family: 'Times New Roman', serif;\">\u00a0si preannuncia come un vero e proprio evento artistico, in cui si alterneranno gli interventi in diretta con la visione dei videoclip dei brani presenti nell\u2019album.<\/span><\/p>\n<p>&nbsp;<\/p>\n<h5><strong><span style=\"font-family: Times New Roman, serif;\"><span style=\"font-size: medium;\">Premi Amnesty International Italia 2021<\/span><\/span><\/strong><\/h5>\n<p class=\"m_-1052145251029881347western\"><span style=\"font-family: Times New Roman, serif;\"><span style=\"font-size: medium;\">Nel frattempo hanno preso avvio i lavori per assegnare i Premi Amnesty International Italia 2021 nelle due tradizionali sezioni: big ed emergenti. Per la prima sezione tutti possono segnalare all\u2019indirizzo\u00a0<a href=\"mailto:info@vociperlaliberta.it\" target=\"_blank\" rel=\"noopener\">info@vociperlaliberta.it<\/a>, entro il 28 febbraio, brani che siano stati pubblicati tra il 1 gennaio 2020 e il 31 dicembre 2020, purch\u00e9 interpretati da un artista italiano noto e che trattino appunto temi legati alla Dichiarazione universale dei diritti umani. Verranno selezionate dieci canzoni che verranno poi sottoposte a una giuria di importanti addetti ai lavori (giornalisti, conduttori radiofonici e televisivi, docenti universitari, studiosi, intellettuali, referenti di Amnesty International Italia e di Voci per la Libert\u00e0), che elegger\u00e0 tra loro la canzone che ricever\u00e0 il Premio Amnesty International Italia, sezione Big, 2021.<\/span><\/span><\/p>\n<p class=\"m_-1052145251029881347western\"><span style=\"font-family: Times New Roman, serif;\"><span style=\"font-size: medium;\">Per la sezione emergenti \u00e8 disponibile invece un bando di concorso, a cui possono partecipare cantanti e band con un brano sui diritti umani, in qualsiasi lingua o dialetto e di qualsiasi genere musicale. La scadenza del bando \u00e8 fissata per luned\u00ec 3 maggio, ma gli artisti che si iscriveranno entro il 15 marzo avranno inoltre la possibilit\u00e0 di partecipare al Premio WEB. Il bando e ulteriori informazioni sono disponibili su:\u00a0<a href=\"http:\/\/www.vociperlaliberta.it\/festival\/premio-amnesty-emergenti\" target=\"_blank\" rel=\"noopener\" data-saferedirecturl=\"https:\/\/www.google.com\/url?q=http:\/\/www.vociperlaliberta.it\/festival\/premio-amnesty-emergenti&amp;source=gmail&amp;ust=1612524790538000&amp;usg=AFQjCNF4uP2GEBX77T2gTNmuwI4jG2X3pA\">www.vociperlaliberta.it\/<wbr \/>festival\/premio-amnesty-<wbr \/>emergenti<\/a><\/span><\/span><\/p>\n<p class=\"m_-1052145251029881347western\"><span style=\"font-family: Times New Roman, serif;\"><span style=\"font-size: medium;\">Da quest\u2019anno \u201cVoci per la libert\u00e0\u201d sar\u00e0 affiancata come mediapartner da Rai Radio1, una delle pi\u00f9 seguite radio italiane, che affiancher\u00e0 il festival nella nuova edizione, la 24a, prevista dal 23 al 25 luglio a Rosolina Mare (Rovigo), e nei vari altri appuntamenti precedenti e successivi.<\/span><\/span><\/p>\n<p class=\"m_-1052145251029881347western\"><span style=\"font-family: Times New Roman, serif;\"><span style=\"font-size: medium;\">Per maggiori informazioni:\u00a0<a href=\"http:\/\/www.vociperlaliberta.it\/\" target=\"_blank\" rel=\"noopener\" data-saferedirecturl=\"https:\/\/www.google.com\/url?q=http:\/\/www.vociperlaliberta.it&amp;source=gmail&amp;ust=1612524790538000&amp;usg=AFQjCNEN7yPZsCZknknHFlKIANoz7t3lwQ\">www.vociperlaliberta.it<\/a><\/span><\/span><\/p>\n<p class=\"m_-1052145251029881347western\"><span style=\"font-family: Times New Roman, serif;\"><span style=\"font-size: medium;\">Il vinile \u201cVoci x la Libert\u00e0 \u2013 Una canzone per Amnesty 23<\/span><\/span><sup><span style=\"font-family: Times New Roman, serif;\"><span style=\"font-size: medium;\">a<\/span><\/span><\/sup><span style=\"font-family: Times New Roman, serif;\"><span style=\"font-size: medium;\">\u00a0edizione\u201d \u00e8 disponibile a questo link:\u00a0<\/span><\/span><span style=\"color: #0000ff;\"><u><a href=\"https:\/\/app.mailvox.it\/nl\/pvx3t9\/z54icc\/k1n3ab0\/uf\/3\/aHR0cDovL3NtYXJ0dXJsLml0L3NzcThtag?_d=613&amp;_c=63860737\" target=\"_blank\" rel=\"noopener\" data-saferedirecturl=\"https:\/\/www.google.com\/url?q=https:\/\/app.mailvox.it\/nl\/pvx3t9\/z54icc\/k1n3ab0\/uf\/3\/aHR0cDovL3NtYXJ0dXJsLml0L3NzcThtag?_d%3D613%26_c%3D63860737&amp;source=gmail&amp;ust=1612524790538000&amp;usg=AFQjCNEknOClnyiuh7QVFuyFhIw5sGmyLA\"><span style=\"font-family: Times New Roman, serif;\"><span style=\"font-size: medium;\">http:\/\/smarturl.it\/ssq8mj<\/span><\/span><\/a><\/u><\/span><\/p>\n<p>[\/vc_column_text][\/vc_column][\/vc_row]<\/p>\n<\/div>","protected":false},"excerpt":{"rendered":"<p>[vc_row][vc_column][vc_column_text] IN VINILE TUTTE LE EMOZIONI DI \u201cVOCI X LA LIBERT\u00c0 \u2013 UNA CANZONE PER AMNESTY. 23A\u00a0EDIZIONE\u201d CON FABI, REI, VICARIO, HER E MOLTI ALTRI Tutte le emozioni dell\u2019ultima edizione di \u201cVoci per la libert\u00e0 \u2013 Una canzone per Amnesty\u201d, lo storico festival della provincia di Rovigo che unisce musica e diritti umani, sono ora [&hellip;]<\/p>\n","protected":false},"author":65,"featured_media":18132,"comment_status":"open","ping_status":"closed","sticky":false,"template":"","format":"standard","meta":{"_acf_changed":false,"footnotes":""},"categories":[7],"tags":[1870,1617,1875,1880,1877,1733,1876,1873,1874,1926],"class_list":["post-18126","post","type-post","status-publish","format-standard","has-post-thumbnail","hentry","category-notizie","tag-ala-bianca","tag-ala-bianca-records","tag-amnesty-international","tag-h-e-r","tag-margherita-vicario","tag-marina-rei","tag-niccolo-fabi","tag-voci-x-la-liberta","tag-vxl","tag-warner"],"acf":[],"yoast_head":"<!-- This site is optimized with the Yoast SEO plugin v27.5 - https:\/\/yoast.com\/product\/yoast-seo-wordpress\/ -->\n<title>Voci x la Libert\u00e0 - Fuori il vinile per Amnesty - Ala Bianca Group<\/title>\n<meta name=\"description\" content=\"Leggi Voci x la Libert\u00e0 - Fuori il vinile per Amnesty su Ala Bianca Group Editore e produttore discografico a Modena\" \/>\n<meta name=\"robots\" content=\"index, follow, max-snippet:-1, max-image-preview:large, max-video-preview:-1\" \/>\n<link rel=\"canonical\" href=\"https:\/\/www.alabianca.it\/it\/notizie\/voci-x-la-liberta-fuori-il-vinile-per-amnesty\/\" \/>\n<meta property=\"og:locale\" content=\"it_IT\" \/>\n<meta property=\"og:type\" content=\"article\" \/>\n<meta property=\"og:title\" content=\"Voci x la Libert\u00e0 - Fuori il vinile per Amnesty - Ala Bianca Group\" \/>\n<meta property=\"og:description\" content=\"Leggi Voci x la Libert\u00e0 - Fuori il vinile per Amnesty su Ala Bianca Group Editore e produttore discografico a Modena\" \/>\n<meta property=\"og:url\" content=\"https:\/\/www.alabianca.it\/it\/notizie\/voci-x-la-liberta-fuori-il-vinile-per-amnesty\/\" \/>\n<meta property=\"og:site_name\" content=\"Ala Bianca Group\" \/>\n<meta property=\"article:published_time\" content=\"2021-02-05T08:26:58+00:00\" \/>\n<meta property=\"og:image\" content=\"https:\/\/www.alabianca.it\/wp-content\/uploads\/2021\/02\/1080-1.jpg\" \/>\n\t<meta property=\"og:image:width\" content=\"1440\" \/>\n\t<meta property=\"og:image:height\" content=\"1440\" \/>\n\t<meta property=\"og:image:type\" content=\"image\/jpeg\" \/>\n<meta name=\"author\" content=\"Irene\" \/>\n<meta name=\"twitter:card\" content=\"summary_large_image\" \/>\n<meta name=\"twitter:label1\" content=\"Scritto da\" \/>\n\t<meta name=\"twitter:data1\" content=\"Irene\" \/>\n\t<meta name=\"twitter:label2\" content=\"Tempo di lettura stimato\" \/>\n\t<meta name=\"twitter:data2\" content=\"4 minuti\" \/>\n<script type=\"application\/ld+json\" class=\"yoast-schema-graph\">{\"@context\":\"https:\\\/\\\/schema.org\",\"@graph\":[{\"@type\":\"Article\",\"@id\":\"https:\\\/\\\/www.alabianca.it\\\/it\\\/notizie\\\/voci-x-la-liberta-fuori-il-vinile-per-amnesty\\\/#article\",\"isPartOf\":{\"@id\":\"https:\\\/\\\/www.alabianca.it\\\/it\\\/notizie\\\/voci-x-la-liberta-fuori-il-vinile-per-amnesty\\\/\"},\"author\":{\"name\":\"Irene\",\"@id\":\"https:\\\/\\\/www.alabianca.it\\\/it\\\/#\\\/schema\\\/person\\\/42a393c26bf819be62e5fe5967bb8de8\"},\"headline\":\"Voci x la Libert\u00e0 &#8211; Fuori il vinile per Amnesty\",\"datePublished\":\"2021-02-05T08:26:58+00:00\",\"mainEntityOfPage\":{\"@id\":\"https:\\\/\\\/www.alabianca.it\\\/it\\\/notizie\\\/voci-x-la-liberta-fuori-il-vinile-per-amnesty\\\/\"},\"wordCount\":793,\"commentCount\":0,\"publisher\":{\"@id\":\"https:\\\/\\\/www.alabianca.it\\\/it\\\/#organization\"},\"image\":{\"@id\":\"https:\\\/\\\/www.alabianca.it\\\/it\\\/notizie\\\/voci-x-la-liberta-fuori-il-vinile-per-amnesty\\\/#primaryimage\"},\"thumbnailUrl\":\"https:\\\/\\\/www.alabianca.it\\\/wp-content\\\/uploads\\\/2021\\\/02\\\/1080-1.jpg\",\"keywords\":[\"ala bianca\",\"ala bianca records\",\"amnesty international\",\"h.e.r.\",\"margherita vicario\",\"marina rei\",\"niccol\u00f2 fabi\",\"voci x la libert\u00e0\",\"vxl\",\"warner\"],\"articleSection\":[\"Notizie\"],\"inLanguage\":\"it-IT\",\"potentialAction\":[{\"@type\":\"CommentAction\",\"name\":\"Comment\",\"target\":[\"https:\\\/\\\/www.alabianca.it\\\/it\\\/notizie\\\/voci-x-la-liberta-fuori-il-vinile-per-amnesty\\\/#respond\"]}]},{\"@type\":\"WebPage\",\"@id\":\"https:\\\/\\\/www.alabianca.it\\\/it\\\/notizie\\\/voci-x-la-liberta-fuori-il-vinile-per-amnesty\\\/\",\"url\":\"https:\\\/\\\/www.alabianca.it\\\/it\\\/notizie\\\/voci-x-la-liberta-fuori-il-vinile-per-amnesty\\\/\",\"name\":\"Voci x la Libert\u00e0 - Fuori il vinile per Amnesty - Ala Bianca Group\",\"isPartOf\":{\"@id\":\"https:\\\/\\\/www.alabianca.it\\\/it\\\/#website\"},\"primaryImageOfPage\":{\"@id\":\"https:\\\/\\\/www.alabianca.it\\\/it\\\/notizie\\\/voci-x-la-liberta-fuori-il-vinile-per-amnesty\\\/#primaryimage\"},\"image\":{\"@id\":\"https:\\\/\\\/www.alabianca.it\\\/it\\\/notizie\\\/voci-x-la-liberta-fuori-il-vinile-per-amnesty\\\/#primaryimage\"},\"thumbnailUrl\":\"https:\\\/\\\/www.alabianca.it\\\/wp-content\\\/uploads\\\/2021\\\/02\\\/1080-1.jpg\",\"datePublished\":\"2021-02-05T08:26:58+00:00\",\"description\":\"Leggi Voci x la Libert\u00e0 - Fuori il vinile per Amnesty su Ala Bianca Group Editore e produttore discografico a Modena\",\"breadcrumb\":{\"@id\":\"https:\\\/\\\/www.alabianca.it\\\/it\\\/notizie\\\/voci-x-la-liberta-fuori-il-vinile-per-amnesty\\\/#breadcrumb\"},\"inLanguage\":\"it-IT\",\"potentialAction\":[{\"@type\":\"ReadAction\",\"target\":[\"https:\\\/\\\/www.alabianca.it\\\/it\\\/notizie\\\/voci-x-la-liberta-fuori-il-vinile-per-amnesty\\\/\"]}]},{\"@type\":\"ImageObject\",\"inLanguage\":\"it-IT\",\"@id\":\"https:\\\/\\\/www.alabianca.it\\\/it\\\/notizie\\\/voci-x-la-liberta-fuori-il-vinile-per-amnesty\\\/#primaryimage\",\"url\":\"https:\\\/\\\/www.alabianca.it\\\/wp-content\\\/uploads\\\/2021\\\/02\\\/1080-1.jpg\",\"contentUrl\":\"https:\\\/\\\/www.alabianca.it\\\/wp-content\\\/uploads\\\/2021\\\/02\\\/1080-1.jpg\",\"width\":1440,\"height\":1440,\"caption\":\"vxl vinile uscita\"},{\"@type\":\"BreadcrumbList\",\"@id\":\"https:\\\/\\\/www.alabianca.it\\\/it\\\/notizie\\\/voci-x-la-liberta-fuori-il-vinile-per-amnesty\\\/#breadcrumb\",\"itemListElement\":[{\"@type\":\"ListItem\",\"position\":1,\"name\":\"Home\",\"item\":\"https:\\\/\\\/www.alabianca.it\\\/it\\\/\"},{\"@type\":\"ListItem\",\"position\":2,\"name\":\"Voci x la Libert\u00e0 &#8211; Fuori il vinile per Amnesty\"}]},{\"@type\":\"WebSite\",\"@id\":\"https:\\\/\\\/www.alabianca.it\\\/it\\\/#website\",\"url\":\"https:\\\/\\\/www.alabianca.it\\\/it\\\/\",\"name\":\"Ala Bianca Group\",\"description\":\"Editore e produttore discografico\",\"publisher\":{\"@id\":\"https:\\\/\\\/www.alabianca.it\\\/it\\\/#organization\"},\"potentialAction\":[{\"@type\":\"SearchAction\",\"target\":{\"@type\":\"EntryPoint\",\"urlTemplate\":\"https:\\\/\\\/www.alabianca.it\\\/it\\\/?s={search_term_string}\"},\"query-input\":{\"@type\":\"PropertyValueSpecification\",\"valueRequired\":true,\"valueName\":\"search_term_string\"}}],\"inLanguage\":\"it-IT\"},{\"@type\":\"Organization\",\"@id\":\"https:\\\/\\\/www.alabianca.it\\\/it\\\/#organization\",\"name\":\"Alabianca Group S.r.l.\",\"url\":\"https:\\\/\\\/www.alabianca.it\\\/it\\\/\",\"logo\":{\"@type\":\"ImageObject\",\"inLanguage\":\"it-IT\",\"@id\":\"https:\\\/\\\/www.alabianca.it\\\/it\\\/#\\\/schema\\\/logo\\\/image\\\/\",\"url\":\"https:\\\/\\\/www.alabianca.it\\\/wp-content\\\/uploads\\\/2018\\\/01\\\/alabianca-records-logo-2018-h-3.png\",\"contentUrl\":\"https:\\\/\\\/www.alabianca.it\\\/wp-content\\\/uploads\\\/2018\\\/01\\\/alabianca-records-logo-2018-h-3.png\",\"width\":345,\"height\":133,\"caption\":\"Alabianca Group S.r.l.\"},\"image\":{\"@id\":\"https:\\\/\\\/www.alabianca.it\\\/it\\\/#\\\/schema\\\/logo\\\/image\\\/\"}},{\"@type\":\"Person\",\"@id\":\"https:\\\/\\\/www.alabianca.it\\\/it\\\/#\\\/schema\\\/person\\\/42a393c26bf819be62e5fe5967bb8de8\",\"name\":\"Irene\",\"url\":\"https:\\\/\\\/www.alabianca.it\\\/it\\\/author\\\/irene\\\/\"}]}<\/script>\n<!-- \/ Yoast SEO plugin. -->","yoast_head_json":{"title":"Voci x la Libert\u00e0 - Fuori il vinile per Amnesty - Ala Bianca Group","description":"Leggi Voci x la Libert\u00e0 - Fuori il vinile per Amnesty su Ala Bianca Group Editore e produttore discografico a Modena","robots":{"index":"index","follow":"follow","max-snippet":"max-snippet:-1","max-image-preview":"max-image-preview:large","max-video-preview":"max-video-preview:-1"},"canonical":"https:\/\/www.alabianca.it\/it\/notizie\/voci-x-la-liberta-fuori-il-vinile-per-amnesty\/","og_locale":"it_IT","og_type":"article","og_title":"Voci x la Libert\u00e0 - Fuori il vinile per Amnesty - Ala Bianca Group","og_description":"Leggi Voci x la Libert\u00e0 - Fuori il vinile per Amnesty su Ala Bianca Group Editore e produttore discografico a Modena","og_url":"https:\/\/www.alabianca.it\/it\/notizie\/voci-x-la-liberta-fuori-il-vinile-per-amnesty\/","og_site_name":"Ala Bianca Group","article_published_time":"2021-02-05T08:26:58+00:00","og_image":[{"width":1440,"height":1440,"url":"https:\/\/www.alabianca.it\/wp-content\/uploads\/2021\/02\/1080-1.jpg","type":"image\/jpeg"}],"author":"Irene","twitter_card":"summary_large_image","twitter_misc":{"Scritto da":"Irene","Tempo di lettura stimato":"4 minuti"},"schema":{"@context":"https:\/\/schema.org","@graph":[{"@type":"Article","@id":"https:\/\/www.alabianca.it\/it\/notizie\/voci-x-la-liberta-fuori-il-vinile-per-amnesty\/#article","isPartOf":{"@id":"https:\/\/www.alabianca.it\/it\/notizie\/voci-x-la-liberta-fuori-il-vinile-per-amnesty\/"},"author":{"name":"Irene","@id":"https:\/\/www.alabianca.it\/it\/#\/schema\/person\/42a393c26bf819be62e5fe5967bb8de8"},"headline":"Voci x la Libert\u00e0 &#8211; Fuori il vinile per Amnesty","datePublished":"2021-02-05T08:26:58+00:00","mainEntityOfPage":{"@id":"https:\/\/www.alabianca.it\/it\/notizie\/voci-x-la-liberta-fuori-il-vinile-per-amnesty\/"},"wordCount":793,"commentCount":0,"publisher":{"@id":"https:\/\/www.alabianca.it\/it\/#organization"},"image":{"@id":"https:\/\/www.alabianca.it\/it\/notizie\/voci-x-la-liberta-fuori-il-vinile-per-amnesty\/#primaryimage"},"thumbnailUrl":"https:\/\/www.alabianca.it\/wp-content\/uploads\/2021\/02\/1080-1.jpg","keywords":["ala bianca","ala bianca records","amnesty international","h.e.r.","margherita vicario","marina rei","niccol\u00f2 fabi","voci x la libert\u00e0","vxl","warner"],"articleSection":["Notizie"],"inLanguage":"it-IT","potentialAction":[{"@type":"CommentAction","name":"Comment","target":["https:\/\/www.alabianca.it\/it\/notizie\/voci-x-la-liberta-fuori-il-vinile-per-amnesty\/#respond"]}]},{"@type":"WebPage","@id":"https:\/\/www.alabianca.it\/it\/notizie\/voci-x-la-liberta-fuori-il-vinile-per-amnesty\/","url":"https:\/\/www.alabianca.it\/it\/notizie\/voci-x-la-liberta-fuori-il-vinile-per-amnesty\/","name":"Voci x la Libert\u00e0 - Fuori il vinile per Amnesty - Ala Bianca Group","isPartOf":{"@id":"https:\/\/www.alabianca.it\/it\/#website"},"primaryImageOfPage":{"@id":"https:\/\/www.alabianca.it\/it\/notizie\/voci-x-la-liberta-fuori-il-vinile-per-amnesty\/#primaryimage"},"image":{"@id":"https:\/\/www.alabianca.it\/it\/notizie\/voci-x-la-liberta-fuori-il-vinile-per-amnesty\/#primaryimage"},"thumbnailUrl":"https:\/\/www.alabianca.it\/wp-content\/uploads\/2021\/02\/1080-1.jpg","datePublished":"2021-02-05T08:26:58+00:00","description":"Leggi Voci x la Libert\u00e0 - Fuori il vinile per Amnesty su Ala Bianca Group Editore e produttore discografico a Modena","breadcrumb":{"@id":"https:\/\/www.alabianca.it\/it\/notizie\/voci-x-la-liberta-fuori-il-vinile-per-amnesty\/#breadcrumb"},"inLanguage":"it-IT","potentialAction":[{"@type":"ReadAction","target":["https:\/\/www.alabianca.it\/it\/notizie\/voci-x-la-liberta-fuori-il-vinile-per-amnesty\/"]}]},{"@type":"ImageObject","inLanguage":"it-IT","@id":"https:\/\/www.alabianca.it\/it\/notizie\/voci-x-la-liberta-fuori-il-vinile-per-amnesty\/#primaryimage","url":"https:\/\/www.alabianca.it\/wp-content\/uploads\/2021\/02\/1080-1.jpg","contentUrl":"https:\/\/www.alabianca.it\/wp-content\/uploads\/2021\/02\/1080-1.jpg","width":1440,"height":1440,"caption":"vxl vinile uscita"},{"@type":"BreadcrumbList","@id":"https:\/\/www.alabianca.it\/it\/notizie\/voci-x-la-liberta-fuori-il-vinile-per-amnesty\/#breadcrumb","itemListElement":[{"@type":"ListItem","position":1,"name":"Home","item":"https:\/\/www.alabianca.it\/it\/"},{"@type":"ListItem","position":2,"name":"Voci x la Libert\u00e0 &#8211; Fuori il vinile per Amnesty"}]},{"@type":"WebSite","@id":"https:\/\/www.alabianca.it\/it\/#website","url":"https:\/\/www.alabianca.it\/it\/","name":"Ala Bianca Group","description":"Editore e produttore discografico","publisher":{"@id":"https:\/\/www.alabianca.it\/it\/#organization"},"potentialAction":[{"@type":"SearchAction","target":{"@type":"EntryPoint","urlTemplate":"https:\/\/www.alabianca.it\/it\/?s={search_term_string}"},"query-input":{"@type":"PropertyValueSpecification","valueRequired":true,"valueName":"search_term_string"}}],"inLanguage":"it-IT"},{"@type":"Organization","@id":"https:\/\/www.alabianca.it\/it\/#organization","name":"Alabianca Group S.r.l.","url":"https:\/\/www.alabianca.it\/it\/","logo":{"@type":"ImageObject","inLanguage":"it-IT","@id":"https:\/\/www.alabianca.it\/it\/#\/schema\/logo\/image\/","url":"https:\/\/www.alabianca.it\/wp-content\/uploads\/2018\/01\/alabianca-records-logo-2018-h-3.png","contentUrl":"https:\/\/www.alabianca.it\/wp-content\/uploads\/2018\/01\/alabianca-records-logo-2018-h-3.png","width":345,"height":133,"caption":"Alabianca Group S.r.l."},"image":{"@id":"https:\/\/www.alabianca.it\/it\/#\/schema\/logo\/image\/"}},{"@type":"Person","@id":"https:\/\/www.alabianca.it\/it\/#\/schema\/person\/42a393c26bf819be62e5fe5967bb8de8","name":"Irene","url":"https:\/\/www.alabianca.it\/it\/author\/irene\/"}]}},"_links":{"self":[{"href":"https:\/\/www.alabianca.it\/it\/wp-json\/wp\/v2\/posts\/18126","targetHints":{"allow":["GET"]}}],"collection":[{"href":"https:\/\/www.alabianca.it\/it\/wp-json\/wp\/v2\/posts"}],"about":[{"href":"https:\/\/www.alabianca.it\/it\/wp-json\/wp\/v2\/types\/post"}],"author":[{"embeddable":true,"href":"https:\/\/www.alabianca.it\/it\/wp-json\/wp\/v2\/users\/65"}],"replies":[{"embeddable":true,"href":"https:\/\/www.alabianca.it\/it\/wp-json\/wp\/v2\/comments?post=18126"}],"version-history":[{"count":9,"href":"https:\/\/www.alabianca.it\/it\/wp-json\/wp\/v2\/posts\/18126\/revisions"}],"predecessor-version":[{"id":18141,"href":"https:\/\/www.alabianca.it\/it\/wp-json\/wp\/v2\/posts\/18126\/revisions\/18141"}],"wp:featuredmedia":[{"embeddable":true,"href":"https:\/\/www.alabianca.it\/it\/wp-json\/wp\/v2\/media\/18132"}],"wp:attachment":[{"href":"https:\/\/www.alabianca.it\/it\/wp-json\/wp\/v2\/media?parent=18126"}],"wp:term":[{"taxonomy":"category","embeddable":true,"href":"https:\/\/www.alabianca.it\/it\/wp-json\/wp\/v2\/categories?post=18126"},{"taxonomy":"post_tag","embeddable":true,"href":"https:\/\/www.alabianca.it\/it\/wp-json\/wp\/v2\/tags?post=18126"}],"curies":[{"name":"wp","href":"https:\/\/api.w.org\/{rel}","templated":true}]}}