{"id":18171,"date":"2021-02-14T10:00:15","date_gmt":"2021-02-14T10:00:15","guid":{"rendered":"https:\/\/www.alabianca.it\/?p=18171"},"modified":"2021-02-12T13:22:22","modified_gmt":"2021-02-12T13:22:22","slug":"voci-x-la-liberta-san-valentino-per-i-diritti-umani","status":"publish","type":"post","link":"https:\/\/www.alabianca.it\/it\/notizie\/voci-x-la-liberta-san-valentino-per-i-diritti-umani\/","title":{"rendered":"VOCI x LA LIBERT\u00c0 &#8211; SAN VALENTINO PER I DIRITTI UMANI"},"content":{"rendered":"<div class=\"wpb-content-wrapper\"><p>[vc_row][vc_column][vc_column_text]<\/p>\n<h2><b>UN SAN VALENTINO PER I DIRITTI UMANI: \u00c8 ORA IN VINILE LA RACCOLTA DELLA 23A EDIZIONE DI \u201cVOCI PER LA LIBERT\u00c0 \u2013 UNA CANZONE PER AMNESTY\u201d CON FABI, REI, VICARIO, H.E.R. E MOLTI ALTRI <\/b><\/h2>\n<p>[\/vc_column_text][\/vc_column][\/vc_row][vc_row][vc_column][vc_single_image image=&#8221;18175&#8243; img_size=&#8221;large&#8221; alignment=&#8221;center&#8221;][vc_btn title=&#8221;ACQUISTA ORA&#8221; color=&#8221;orange&#8221; align=&#8221;center&#8221; link=&#8221;url:http%3A%2F%2Fsmarturl.it%2Fssq8mj&#8221;][\/vc_column][\/vc_row][vc_row][vc_column][vc_column_text]<\/p>\n<h3><span style=\"font-weight: 400;\"><strong>IL DISCO<\/strong><\/span><\/h3>\n<p><span style=\"font-weight: 400;\">In vinile le emozioni dell\u2019ultima edizione di <strong><em>\u201cVoci per la libert\u00e0 \u2013 Una canzone per Amnesty\u201d<\/em><\/strong>, lo storico festival della provincia di Rovigo che unisce musica e diritti umani. Un album ad edizione limitata e numerata, un modo per festeggiare <strong>San Valentino<\/strong> in un modo diverso, con atto d\u2019amore universale. In tutto dodici brani, un importante sunto di una edizione particolarmente significativa, dal momento che si \u00e8 svolta con grande successo di pubblico nel pieno rispetto delle normative sulla pandemia, toccando fra luglio e settembre Adria, Rosolina Mare e Rovigo.<\/span><\/p>\n<p><span style=\"font-weight: 400;\">L\u2019album, intitolato \u201c<\/span><b>Voci x la Libert\u00e0 \u2013 Una canzone per Amnesty 23a edizione<\/b><span style=\"font-weight: 400;\">\u201d \u00e8 disponibile a questo link: <a href=\"http:\/\/smarturl.it\/ssq8mj\">http:\/\/smarturl.it\/ssq8mj\u00a0<\/a><\/span><\/p>\n<p><span style=\"font-weight: 400;\">La tracklist\u00a0 parte dai due vincitori di \u201cVoci per la Libert\u00e0\u201d 2020: <\/span><b>Niccol\u00f2 Fabi <\/b><span style=\"font-weight: 400;\">con il brano \u201cIo sono l\u2019altro\u201d (Premio Amnesty International Italia nella sezione Big), e <\/span><b>H.E.R. <\/b><span style=\"font-weight: 400;\">con \u201cIl mondo non cambia mai\u201d, vincitrice nella sezione emergenti. Ma l\u2019eclettica cantautrice-musicista pugliese ha offerto anche un\u2019altra canzone, nata proprio per festeggiare la vittoria e dedicata ad Amnesty e a Voci per la libert\u00e0: \u201cIl nostro mondo\u201d. Non mancano poi le altre finaliste: <\/span><b>Agnese Valle<\/b><span style=\"font-weight: 400;\"> (con \u201cLa terra sbatte\u201d), che ha vinto il Premio della critica; <\/span><b>Adriana<\/b><span style=\"font-weight: 400;\"> (con \u201cBumaye\u201d), premio del pubblico; <\/span><b>Assia Fiorillo<\/b><span style=\"font-weight: 400;\"> (con \u201cIo sono te\u201d), premio \u201cIl migliore per noi\u201d; <\/span><b>Micaela Tempesta<\/b><span style=\"font-weight: 400;\"> (che ha presentato \u201c4M3N\u201d). E poi gli ospiti: <\/span><b>Marina Rei<\/b><span style=\"font-weight: 400;\"> con \u201cDonna che parla in fretta\u201d, <\/span><b>Margherita Vicario<\/b><span style=\"font-weight: 400;\"> con \u201cMandela\u201d, i <\/span><b>Meganoidi <\/b><span style=\"font-weight: 400;\">con \u201cPersone nuove\u201d, <\/span><b>The Boylers<\/b><span style=\"font-weight: 400;\"> con \u201cThis Is My Place\u201d, i <\/span><b>Grace N Kaos<\/b><span style=\"font-weight: 400;\">, con \u201cBlu cobalto\u201d.<\/span><\/p>\n<p><span style=\"font-weight: 400;\">Sulla copertina campeggia lo slogan \u201cSui diritti non si torna indietro\u201d, per ribadire l\u2019importanza dell&#8217;impegno in favore dei diritti di tutte e di tutti.<\/span><\/p>\n<p>&nbsp;<\/p>\n<h4><strong>Voci x la Libert\u00e0 &#8211; Il Festival<\/strong><\/h4>\n<p><span style=\"font-weight: 400;\"><strong>Il festival \u00e8 nato nel 1998 per sostenere la Dichiarazione universale dei diritti umani grazie alla musica.<\/strong> \u201cOra come allora \u2013 spiega il direttore artistico Michele Lionello &#8211; i nostri musicisti raccontano ammalianti storie sonore, che arrivano ai cuori e aprono le menti; ora come allora il palco di Voci per la Libert\u00e0 \u00e8 la prima tappa e poi ecco che l\u2019evento si cristallizza nella raccolta. A questo proposito vorrei ringraziare per la sensibilit\u00e0 tutti i protagonisti, artisti e discografici, che si sono resi disponibili per questa operazione\u201d.<\/span><\/p>\n<p><span style=\"font-weight: 400;\">Nel frattempo hanno preso avvio i lavori per assegnare i Premi Amnesty International Italia 2021 nelle due tradizionali sezioni: big ed emergenti. Per la prima sezione tutti possono segnalare all\u2019indirizzo info@vociperlaliberta.it, entro il 28 febbraio, brani che siano stati pubblicati tra il 1 gennaio 2020 e il 31 dicembre 2020, purch\u00e9 interpretati da un artista italiano noto e che trattino appunto temi legati alla Dichiarazione universale dei diritti umani. <\/span>[\/vc_column_text][\/vc_column][\/vc_row]<\/p>\n<\/div>","protected":false},"excerpt":{"rendered":"<p>[vc_row][vc_column][vc_column_text] UN SAN VALENTINO PER I DIRITTI UMANI: \u00c8 ORA IN VINILE LA RACCOLTA DELLA 23A EDIZIONE DI \u201cVOCI PER LA LIBERT\u00c0 \u2013 UNA CANZONE PER AMNESTY\u201d CON FABI, REI, VICARIO, H.E.R. E MOLTI ALTRI [\/vc_column_text][\/vc_column][\/vc_row][vc_row][vc_column][vc_single_image image=&#8221;18175&#8243; img_size=&#8221;large&#8221; alignment=&#8221;center&#8221;][vc_btn title=&#8221;ACQUISTA ORA&#8221; color=&#8221;orange&#8221; align=&#8221;center&#8221; link=&#8221;url:http%3A%2F%2Fsmarturl.it%2Fssq8mj&#8221;][\/vc_column][\/vc_row][vc_row][vc_column][vc_column_text] IL DISCO In vinile le emozioni dell\u2019ultima edizione di \u201cVoci per [&hellip;]<\/p>\n","protected":false},"author":65,"featured_media":18172,"comment_status":"open","ping_status":"closed","sticky":false,"template":"","format":"standard","meta":{"_acf_changed":false,"footnotes":""},"categories":[7],"tags":[1870,1617,1950,1949,1880,1951,1877,1733,1878,1876,1952,1871,1873,1874],"class_list":["post-18171","post","type-post","status-publish","format-standard","has-post-thumbnail","hentry","category-notizie","tag-ala-bianca","tag-ala-bianca-records","tag-amnesty","tag-diritti-umani","tag-h-e-r","tag-international","tag-margherita-vicario","tag-marina-rei","tag-meganoidi","tag-niccolo-fabi","tag-san-valentino","tag-voci-per-la-liberta","tag-voci-x-la-liberta","tag-vxl"],"acf":[],"yoast_head":"<!-- This site is optimized with the Yoast SEO plugin v27.5 - https:\/\/yoast.com\/product\/yoast-seo-wordpress\/ -->\n<title>VOCI x LA LIBERT\u00c0 - SAN VALENTINO PER I DIRITTI UMANI - Ala Bianca<\/title>\n<meta name=\"description\" content=\"Leggi VOCI x LA LIBERT\u00c0 - SAN VALENTINO PER I DIRITTI UMANI su Ala Bianca Group Editore e produttore discografico a Modena\" \/>\n<meta name=\"robots\" content=\"index, follow, max-snippet:-1, max-image-preview:large, max-video-preview:-1\" \/>\n<link rel=\"canonical\" href=\"https:\/\/www.alabianca.it\/it\/notizie\/voci-x-la-liberta-san-valentino-per-i-diritti-umani\/\" \/>\n<meta property=\"og:locale\" content=\"it_IT\" \/>\n<meta property=\"og:type\" content=\"article\" \/>\n<meta property=\"og:title\" content=\"VOCI x LA LIBERT\u00c0 - SAN VALENTINO PER I DIRITTI UMANI - Ala Bianca\" \/>\n<meta property=\"og:description\" content=\"Leggi VOCI x LA LIBERT\u00c0 - SAN VALENTINO PER I DIRITTI UMANI su Ala Bianca Group Editore e produttore discografico a Modena\" \/>\n<meta property=\"og:url\" content=\"https:\/\/www.alabianca.it\/it\/notizie\/voci-x-la-liberta-san-valentino-per-i-diritti-umani\/\" \/>\n<meta property=\"og:site_name\" content=\"Ala Bianca Group\" \/>\n<meta property=\"article:published_time\" content=\"2021-02-14T10:00:15+00:00\" \/>\n<meta property=\"og:image\" content=\"https:\/\/www.alabianca.it\/wp-content\/uploads\/2021\/02\/vinilesanv1080-1.jpg\" \/>\n\t<meta property=\"og:image:width\" content=\"900\" \/>\n\t<meta property=\"og:image:height\" content=\"900\" \/>\n\t<meta property=\"og:image:type\" content=\"image\/jpeg\" \/>\n<meta name=\"author\" content=\"Irene\" \/>\n<meta name=\"twitter:card\" content=\"summary_large_image\" \/>\n<meta name=\"twitter:label1\" content=\"Scritto da\" \/>\n\t<meta name=\"twitter:data1\" content=\"Irene\" \/>\n\t<meta name=\"twitter:label2\" content=\"Tempo di lettura stimato\" \/>\n\t<meta name=\"twitter:data2\" content=\"3 minuti\" \/>\n<script type=\"application\/ld+json\" class=\"yoast-schema-graph\">{\"@context\":\"https:\\\/\\\/schema.org\",\"@graph\":[{\"@type\":\"Article\",\"@id\":\"https:\\\/\\\/www.alabianca.it\\\/it\\\/notizie\\\/voci-x-la-liberta-san-valentino-per-i-diritti-umani\\\/#article\",\"isPartOf\":{\"@id\":\"https:\\\/\\\/www.alabianca.it\\\/it\\\/notizie\\\/voci-x-la-liberta-san-valentino-per-i-diritti-umani\\\/\"},\"author\":{\"name\":\"Irene\",\"@id\":\"https:\\\/\\\/www.alabianca.it\\\/it\\\/#\\\/schema\\\/person\\\/42a393c26bf819be62e5fe5967bb8de8\"},\"headline\":\"VOCI x LA LIBERT\u00c0 &#8211; SAN VALENTINO PER I DIRITTI UMANI\",\"datePublished\":\"2021-02-14T10:00:15+00:00\",\"mainEntityOfPage\":{\"@id\":\"https:\\\/\\\/www.alabianca.it\\\/it\\\/notizie\\\/voci-x-la-liberta-san-valentino-per-i-diritti-umani\\\/\"},\"wordCount\":556,\"commentCount\":0,\"publisher\":{\"@id\":\"https:\\\/\\\/www.alabianca.it\\\/it\\\/#organization\"},\"image\":{\"@id\":\"https:\\\/\\\/www.alabianca.it\\\/it\\\/notizie\\\/voci-x-la-liberta-san-valentino-per-i-diritti-umani\\\/#primaryimage\"},\"thumbnailUrl\":\"https:\\\/\\\/www.alabianca.it\\\/wp-content\\\/uploads\\\/2021\\\/02\\\/vinilesanv1080-1.jpg\",\"keywords\":[\"ala bianca\",\"ala bianca records\",\"amnesty\",\"diritti umani\",\"h.e.r.\",\"international\",\"margherita vicario\",\"marina rei\",\"meganoidi\",\"niccol\u00f2 fabi\",\"san valentino\",\"voci per la libert\u00e0\",\"voci x la libert\u00e0\",\"vxl\"],\"articleSection\":[\"Notizie\"],\"inLanguage\":\"it-IT\",\"potentialAction\":[{\"@type\":\"CommentAction\",\"name\":\"Comment\",\"target\":[\"https:\\\/\\\/www.alabianca.it\\\/it\\\/notizie\\\/voci-x-la-liberta-san-valentino-per-i-diritti-umani\\\/#respond\"]}]},{\"@type\":\"WebPage\",\"@id\":\"https:\\\/\\\/www.alabianca.it\\\/it\\\/notizie\\\/voci-x-la-liberta-san-valentino-per-i-diritti-umani\\\/\",\"url\":\"https:\\\/\\\/www.alabianca.it\\\/it\\\/notizie\\\/voci-x-la-liberta-san-valentino-per-i-diritti-umani\\\/\",\"name\":\"VOCI x LA LIBERT\u00c0 - SAN VALENTINO PER I DIRITTI UMANI - Ala Bianca\",\"isPartOf\":{\"@id\":\"https:\\\/\\\/www.alabianca.it\\\/it\\\/#website\"},\"primaryImageOfPage\":{\"@id\":\"https:\\\/\\\/www.alabianca.it\\\/it\\\/notizie\\\/voci-x-la-liberta-san-valentino-per-i-diritti-umani\\\/#primaryimage\"},\"image\":{\"@id\":\"https:\\\/\\\/www.alabianca.it\\\/it\\\/notizie\\\/voci-x-la-liberta-san-valentino-per-i-diritti-umani\\\/#primaryimage\"},\"thumbnailUrl\":\"https:\\\/\\\/www.alabianca.it\\\/wp-content\\\/uploads\\\/2021\\\/02\\\/vinilesanv1080-1.jpg\",\"datePublished\":\"2021-02-14T10:00:15+00:00\",\"description\":\"Leggi VOCI x LA LIBERT\u00c0 - SAN VALENTINO PER I DIRITTI UMANI su Ala Bianca Group Editore e produttore discografico a Modena\",\"breadcrumb\":{\"@id\":\"https:\\\/\\\/www.alabianca.it\\\/it\\\/notizie\\\/voci-x-la-liberta-san-valentino-per-i-diritti-umani\\\/#breadcrumb\"},\"inLanguage\":\"it-IT\",\"potentialAction\":[{\"@type\":\"ReadAction\",\"target\":[\"https:\\\/\\\/www.alabianca.it\\\/it\\\/notizie\\\/voci-x-la-liberta-san-valentino-per-i-diritti-umani\\\/\"]}]},{\"@type\":\"ImageObject\",\"inLanguage\":\"it-IT\",\"@id\":\"https:\\\/\\\/www.alabianca.it\\\/it\\\/notizie\\\/voci-x-la-liberta-san-valentino-per-i-diritti-umani\\\/#primaryimage\",\"url\":\"https:\\\/\\\/www.alabianca.it\\\/wp-content\\\/uploads\\\/2021\\\/02\\\/vinilesanv1080-1.jpg\",\"contentUrl\":\"https:\\\/\\\/www.alabianca.it\\\/wp-content\\\/uploads\\\/2021\\\/02\\\/vinilesanv1080-1.jpg\",\"width\":900,\"height\":900,\"caption\":\"san valentino voci per la libert\u00e0 gesto di amore universale regala\"},{\"@type\":\"BreadcrumbList\",\"@id\":\"https:\\\/\\\/www.alabianca.it\\\/it\\\/notizie\\\/voci-x-la-liberta-san-valentino-per-i-diritti-umani\\\/#breadcrumb\",\"itemListElement\":[{\"@type\":\"ListItem\",\"position\":1,\"name\":\"Home\",\"item\":\"https:\\\/\\\/www.alabianca.it\\\/it\\\/\"},{\"@type\":\"ListItem\",\"position\":2,\"name\":\"VOCI x LA LIBERT\u00c0 &#8211; SAN VALENTINO PER I DIRITTI UMANI\"}]},{\"@type\":\"WebSite\",\"@id\":\"https:\\\/\\\/www.alabianca.it\\\/it\\\/#website\",\"url\":\"https:\\\/\\\/www.alabianca.it\\\/it\\\/\",\"name\":\"Ala Bianca Group\",\"description\":\"Editore e produttore discografico\",\"publisher\":{\"@id\":\"https:\\\/\\\/www.alabianca.it\\\/it\\\/#organization\"},\"potentialAction\":[{\"@type\":\"SearchAction\",\"target\":{\"@type\":\"EntryPoint\",\"urlTemplate\":\"https:\\\/\\\/www.alabianca.it\\\/it\\\/?s={search_term_string}\"},\"query-input\":{\"@type\":\"PropertyValueSpecification\",\"valueRequired\":true,\"valueName\":\"search_term_string\"}}],\"inLanguage\":\"it-IT\"},{\"@type\":\"Organization\",\"@id\":\"https:\\\/\\\/www.alabianca.it\\\/it\\\/#organization\",\"name\":\"Alabianca Group S.r.l.\",\"url\":\"https:\\\/\\\/www.alabianca.it\\\/it\\\/\",\"logo\":{\"@type\":\"ImageObject\",\"inLanguage\":\"it-IT\",\"@id\":\"https:\\\/\\\/www.alabianca.it\\\/it\\\/#\\\/schema\\\/logo\\\/image\\\/\",\"url\":\"https:\\\/\\\/www.alabianca.it\\\/wp-content\\\/uploads\\\/2018\\\/01\\\/alabianca-records-logo-2018-h-3.png\",\"contentUrl\":\"https:\\\/\\\/www.alabianca.it\\\/wp-content\\\/uploads\\\/2018\\\/01\\\/alabianca-records-logo-2018-h-3.png\",\"width\":345,\"height\":133,\"caption\":\"Alabianca Group S.r.l.\"},\"image\":{\"@id\":\"https:\\\/\\\/www.alabianca.it\\\/it\\\/#\\\/schema\\\/logo\\\/image\\\/\"}},{\"@type\":\"Person\",\"@id\":\"https:\\\/\\\/www.alabianca.it\\\/it\\\/#\\\/schema\\\/person\\\/42a393c26bf819be62e5fe5967bb8de8\",\"name\":\"Irene\",\"url\":\"https:\\\/\\\/www.alabianca.it\\\/it\\\/author\\\/irene\\\/\"}]}<\/script>\n<!-- \/ Yoast SEO plugin. -->","yoast_head_json":{"title":"VOCI x LA LIBERT\u00c0 - SAN VALENTINO PER I DIRITTI UMANI - Ala Bianca","description":"Leggi VOCI x LA LIBERT\u00c0 - SAN VALENTINO PER I DIRITTI UMANI su Ala Bianca Group Editore e produttore discografico a Modena","robots":{"index":"index","follow":"follow","max-snippet":"max-snippet:-1","max-image-preview":"max-image-preview:large","max-video-preview":"max-video-preview:-1"},"canonical":"https:\/\/www.alabianca.it\/it\/notizie\/voci-x-la-liberta-san-valentino-per-i-diritti-umani\/","og_locale":"it_IT","og_type":"article","og_title":"VOCI x LA LIBERT\u00c0 - SAN VALENTINO PER I DIRITTI UMANI - Ala Bianca","og_description":"Leggi VOCI x LA LIBERT\u00c0 - SAN VALENTINO PER I DIRITTI UMANI su Ala Bianca Group Editore e produttore discografico a Modena","og_url":"https:\/\/www.alabianca.it\/it\/notizie\/voci-x-la-liberta-san-valentino-per-i-diritti-umani\/","og_site_name":"Ala Bianca Group","article_published_time":"2021-02-14T10:00:15+00:00","og_image":[{"width":900,"height":900,"url":"https:\/\/www.alabianca.it\/wp-content\/uploads\/2021\/02\/vinilesanv1080-1.jpg","type":"image\/jpeg"}],"author":"Irene","twitter_card":"summary_large_image","twitter_misc":{"Scritto da":"Irene","Tempo di lettura stimato":"3 minuti"},"schema":{"@context":"https:\/\/schema.org","@graph":[{"@type":"Article","@id":"https:\/\/www.alabianca.it\/it\/notizie\/voci-x-la-liberta-san-valentino-per-i-diritti-umani\/#article","isPartOf":{"@id":"https:\/\/www.alabianca.it\/it\/notizie\/voci-x-la-liberta-san-valentino-per-i-diritti-umani\/"},"author":{"name":"Irene","@id":"https:\/\/www.alabianca.it\/it\/#\/schema\/person\/42a393c26bf819be62e5fe5967bb8de8"},"headline":"VOCI x LA LIBERT\u00c0 &#8211; SAN VALENTINO PER I DIRITTI UMANI","datePublished":"2021-02-14T10:00:15+00:00","mainEntityOfPage":{"@id":"https:\/\/www.alabianca.it\/it\/notizie\/voci-x-la-liberta-san-valentino-per-i-diritti-umani\/"},"wordCount":556,"commentCount":0,"publisher":{"@id":"https:\/\/www.alabianca.it\/it\/#organization"},"image":{"@id":"https:\/\/www.alabianca.it\/it\/notizie\/voci-x-la-liberta-san-valentino-per-i-diritti-umani\/#primaryimage"},"thumbnailUrl":"https:\/\/www.alabianca.it\/wp-content\/uploads\/2021\/02\/vinilesanv1080-1.jpg","keywords":["ala bianca","ala bianca records","amnesty","diritti umani","h.e.r.","international","margherita vicario","marina rei","meganoidi","niccol\u00f2 fabi","san valentino","voci per la libert\u00e0","voci x la libert\u00e0","vxl"],"articleSection":["Notizie"],"inLanguage":"it-IT","potentialAction":[{"@type":"CommentAction","name":"Comment","target":["https:\/\/www.alabianca.it\/it\/notizie\/voci-x-la-liberta-san-valentino-per-i-diritti-umani\/#respond"]}]},{"@type":"WebPage","@id":"https:\/\/www.alabianca.it\/it\/notizie\/voci-x-la-liberta-san-valentino-per-i-diritti-umani\/","url":"https:\/\/www.alabianca.it\/it\/notizie\/voci-x-la-liberta-san-valentino-per-i-diritti-umani\/","name":"VOCI x LA LIBERT\u00c0 - SAN VALENTINO PER I DIRITTI UMANI - Ala Bianca","isPartOf":{"@id":"https:\/\/www.alabianca.it\/it\/#website"},"primaryImageOfPage":{"@id":"https:\/\/www.alabianca.it\/it\/notizie\/voci-x-la-liberta-san-valentino-per-i-diritti-umani\/#primaryimage"},"image":{"@id":"https:\/\/www.alabianca.it\/it\/notizie\/voci-x-la-liberta-san-valentino-per-i-diritti-umani\/#primaryimage"},"thumbnailUrl":"https:\/\/www.alabianca.it\/wp-content\/uploads\/2021\/02\/vinilesanv1080-1.jpg","datePublished":"2021-02-14T10:00:15+00:00","description":"Leggi VOCI x LA LIBERT\u00c0 - SAN VALENTINO PER I DIRITTI UMANI su Ala Bianca Group Editore e produttore discografico a Modena","breadcrumb":{"@id":"https:\/\/www.alabianca.it\/it\/notizie\/voci-x-la-liberta-san-valentino-per-i-diritti-umani\/#breadcrumb"},"inLanguage":"it-IT","potentialAction":[{"@type":"ReadAction","target":["https:\/\/www.alabianca.it\/it\/notizie\/voci-x-la-liberta-san-valentino-per-i-diritti-umani\/"]}]},{"@type":"ImageObject","inLanguage":"it-IT","@id":"https:\/\/www.alabianca.it\/it\/notizie\/voci-x-la-liberta-san-valentino-per-i-diritti-umani\/#primaryimage","url":"https:\/\/www.alabianca.it\/wp-content\/uploads\/2021\/02\/vinilesanv1080-1.jpg","contentUrl":"https:\/\/www.alabianca.it\/wp-content\/uploads\/2021\/02\/vinilesanv1080-1.jpg","width":900,"height":900,"caption":"san valentino voci per la libert\u00e0 gesto di amore universale regala"},{"@type":"BreadcrumbList","@id":"https:\/\/www.alabianca.it\/it\/notizie\/voci-x-la-liberta-san-valentino-per-i-diritti-umani\/#breadcrumb","itemListElement":[{"@type":"ListItem","position":1,"name":"Home","item":"https:\/\/www.alabianca.it\/it\/"},{"@type":"ListItem","position":2,"name":"VOCI x LA LIBERT\u00c0 &#8211; SAN VALENTINO PER I DIRITTI UMANI"}]},{"@type":"WebSite","@id":"https:\/\/www.alabianca.it\/it\/#website","url":"https:\/\/www.alabianca.it\/it\/","name":"Ala Bianca Group","description":"Editore e produttore discografico","publisher":{"@id":"https:\/\/www.alabianca.it\/it\/#organization"},"potentialAction":[{"@type":"SearchAction","target":{"@type":"EntryPoint","urlTemplate":"https:\/\/www.alabianca.it\/it\/?s={search_term_string}"},"query-input":{"@type":"PropertyValueSpecification","valueRequired":true,"valueName":"search_term_string"}}],"inLanguage":"it-IT"},{"@type":"Organization","@id":"https:\/\/www.alabianca.it\/it\/#organization","name":"Alabianca Group S.r.l.","url":"https:\/\/www.alabianca.it\/it\/","logo":{"@type":"ImageObject","inLanguage":"it-IT","@id":"https:\/\/www.alabianca.it\/it\/#\/schema\/logo\/image\/","url":"https:\/\/www.alabianca.it\/wp-content\/uploads\/2018\/01\/alabianca-records-logo-2018-h-3.png","contentUrl":"https:\/\/www.alabianca.it\/wp-content\/uploads\/2018\/01\/alabianca-records-logo-2018-h-3.png","width":345,"height":133,"caption":"Alabianca Group S.r.l."},"image":{"@id":"https:\/\/www.alabianca.it\/it\/#\/schema\/logo\/image\/"}},{"@type":"Person","@id":"https:\/\/www.alabianca.it\/it\/#\/schema\/person\/42a393c26bf819be62e5fe5967bb8de8","name":"Irene","url":"https:\/\/www.alabianca.it\/it\/author\/irene\/"}]}},"_links":{"self":[{"href":"https:\/\/www.alabianca.it\/it\/wp-json\/wp\/v2\/posts\/18171","targetHints":{"allow":["GET"]}}],"collection":[{"href":"https:\/\/www.alabianca.it\/it\/wp-json\/wp\/v2\/posts"}],"about":[{"href":"https:\/\/www.alabianca.it\/it\/wp-json\/wp\/v2\/types\/post"}],"author":[{"embeddable":true,"href":"https:\/\/www.alabianca.it\/it\/wp-json\/wp\/v2\/users\/65"}],"replies":[{"embeddable":true,"href":"https:\/\/www.alabianca.it\/it\/wp-json\/wp\/v2\/comments?post=18171"}],"version-history":[{"count":3,"href":"https:\/\/www.alabianca.it\/it\/wp-json\/wp\/v2\/posts\/18171\/revisions"}],"predecessor-version":[{"id":18178,"href":"https:\/\/www.alabianca.it\/it\/wp-json\/wp\/v2\/posts\/18171\/revisions\/18178"}],"wp:featuredmedia":[{"embeddable":true,"href":"https:\/\/www.alabianca.it\/it\/wp-json\/wp\/v2\/media\/18172"}],"wp:attachment":[{"href":"https:\/\/www.alabianca.it\/it\/wp-json\/wp\/v2\/media?parent=18171"}],"wp:term":[{"taxonomy":"category","embeddable":true,"href":"https:\/\/www.alabianca.it\/it\/wp-json\/wp\/v2\/categories?post=18171"},{"taxonomy":"post_tag","embeddable":true,"href":"https:\/\/www.alabianca.it\/it\/wp-json\/wp\/v2\/tags?post=18171"}],"curies":[{"name":"wp","href":"https:\/\/api.w.org\/{rel}","templated":true}]}}