{"id":18425,"date":"2021-06-04T07:16:32","date_gmt":"2021-06-04T07:16:32","guid":{"rendered":"https:\/\/www.alabianca.it\/?p=18425"},"modified":"2021-06-04T07:16:32","modified_gmt":"2021-06-04T07:16:32","slug":"james-is-back-il-nuovo-album-di-james-senese","status":"publish","type":"post","link":"https:\/\/www.alabianca.it\/it\/notizie\/james-is-back-il-nuovo-album-di-james-senese\/","title":{"rendered":"\u201cJAMES IS BACK\u201d &#8211; IL NUOVO ALBUM DI JAMES SENESE"},"content":{"rendered":"<div class=\"wpb-content-wrapper\"><p>[vc_row][vc_column][vc_column_text]<\/p>\n<h2><span style=\"font-weight: 400;\">Esce venerd\u00ec 4 giugno <strong>JAMES IS BACK<\/strong>, ventunesimo disco di <strong>JAMES SENESE<\/strong>.\u00a0<\/span><\/h2>\n<p><span style=\"font-weight: 400;\">Il sassofonista partenopeo, classe 1945, \u00e8 da oltre cinquant\u2019anni sulla scena divenendo un\u2019icona artistica che dall\u2019alto dei suoi 76 anni \u00e8 ancora un punto di riferimento per le nuove generazioni musicali che vogliono urgenza espressiva e zero compromessi.<\/span><\/p>\n<p>&nbsp;<\/p>\n<p><span style=\"font-weight: 400;\">In mezzo secolo di carriera Senese ha attraversato generi, epoche, mode, senza lasciarsi mai corrompere in nome del mercato. I suoi numi tutelari sono Miles Davis e John Coltrane. La sua granitica coerenza artistica e intellettuale sono famose come il suono del suo sax.\u00a0<\/span><\/p>\n<p><span style=\"font-weight: 400;\">Passando per i seminali Showmen con <strong>Mario Musella<\/strong>, i <strong>Napoli Centrale<\/strong> (tuttora la formazione che lo identifica), <strong>le collaborazioni con l\u2019indimenticabile l\u2019amico Pino Daniele<\/strong> ma anche il sodalizio artistico e fraterno che lo ha legato a <strong>Franco Del Prete<\/strong>, <strong>James Senese<\/strong> ha suonato e cantato i vinti, quelli che non hanno mai avuto voce. Lui gliel\u2019ha data, con l\u2019energia e la rabbia del suo sax e della sua voce, che hanno contraddistinto la sua produzione, fatta di coraggio e determinazione: quella di un \u201cNero a met\u00e0.<\/span>[\/vc_column_text][\/vc_column][\/vc_row][vc_row][vc_column][vc_single_image image=&#8221;18427&#8243; img_size=&#8221;medium&#8221; alignment=&#8221;center&#8221;][vc_btn title=&#8221;ASCOLTA L&#8217;ALBUM&#8221; color=&#8221;orange&#8221; align=&#8221;center&#8221; link=&#8221;url:https%3A%2F%2Ffound.ee%2Fjamessenese_jamesisback&#8221;][\/vc_column][\/vc_row][vc_row][vc_column][vc_column_text]<\/p>\n<h3><b>JAMES SENESE SU \u201cJAMES IS BACK\u201d<\/b><\/h3>\n<p>&nbsp;<\/p>\n<blockquote><p><i><span style=\"font-weight: 400;\">Nella societ\u00e0 attuale \u00e8 diventato molto difficile far prevalere il bene sul male e ancora pi\u00f9 complesso \u00e8 parlare alle persone per cercare di far capire loro quella che per me \u00e8 la strada giusta, quella dei sentimenti. Ogni persona ha un proprio Credo, non siamo tutti uguali e ognuno costruisce il proprio mondo in modo differente ma uno dei problemi principali \u00e8 che vi sono persone che hanno velleit\u00e0 dominanti.\u00a0<\/span><\/i><\/p>\n<p><i><span style=\"font-weight: 400;\">Per realizzare questo lavoro discografico ho guardato un p\u00f2 dappertutto, per trovare una voce comune che potesse entrare nel cuore della gente.\u00a0<\/span><\/i><\/p>\n<p><i><span style=\"font-weight: 400;\">E\u2019 un disco molto sofferto ma pieno d\u2019amore. Ed \u00e8 proprio l\u2019Amore quello che io cerco in ogni momento della mia vita e della mia arte. Il lavoro che ho fatto \u00e8 stato di cercare un unico suono: quello della\u00a0verit\u00e0, il mio essere nero e bianco\u2026 per potermi ritrovare, e rintracciare la mia identit\u00e0.<\/span><\/i><\/p>\n<p><i><span style=\"font-weight: 400;\">Ci sono alcuni dei nuovi brani che amo particolarmente, come Je Sone, scelto come primo singolo, la title-track James is back, L\u2019America, O meglio amico mio, Jesce fore. Queste canzoni mi danno una carica\u00a0 emozionale notevole, per me rappresentano il presente ma anche il futuro. Sembrano canzoni ma vanno oltre; sono lo specchio della mia vita.\u00a0<\/span><\/i><\/p>\n<p><i><span style=\"font-weight: 400;\">In questi brani si sente il soffio del mio cuore.<\/span><\/i><\/p><\/blockquote>\n<p>[\/vc_column_text][\/vc_column][\/vc_row]<\/p>\n<\/div>","protected":false},"excerpt":{"rendered":"<p>[vc_row][vc_column][vc_column_text] Esce venerd\u00ec 4 giugno JAMES IS BACK, ventunesimo disco di JAMES SENESE.\u00a0 Il sassofonista partenopeo, classe 1945, \u00e8 da oltre cinquant\u2019anni sulla scena divenendo un\u2019icona artistica che dall\u2019alto dei suoi 76 anni \u00e8 ancora un punto di riferimento per le nuove generazioni musicali che vogliono urgenza espressiva e zero compromessi. &nbsp; In mezzo secolo [&hellip;]<\/p>\n","protected":false},"author":65,"featured_media":18427,"comment_status":"open","ping_status":"closed","sticky":false,"template":"","format":"standard","meta":{"_acf_changed":false,"footnotes":""},"categories":[7],"tags":[1617,2121,2119,2118,1227,2120,1728,1228,1605,1818,1229,1616,1816,2117,1926],"class_list":["post-18425","post","type-post","status-publish","format-standard","has-post-thumbnail","hentry","category-notizie","tag-ala-bianca-records","tag-big-time","tag-franco-del-prete","tag-james-is-back","tag-james-senese","tag-je-sone","tag-live","tag-napoli-centrale","tag-nuovo-album","tag-nuovo-disco","tag-pino-daniele","tag-ritorno","tag-river-nile","tag-sax","tag-warner"],"acf":[],"yoast_head":"<!-- This site is optimized with the Yoast SEO plugin v27.5 - https:\/\/yoast.com\/product\/yoast-seo-wordpress\/ -->\n<title>\u201cJAMES IS BACK\u201d - IL NUOVO ALBUM DI JAMES SENESE | Ala Bianca<\/title>\n<meta name=\"description\" content=\"Leggi \u201cJAMES IS BACK\u201d - IL NUOVO ALBUM DI JAMES SENESE su Ala Bianca Group Editore e produttore discografico a Modena\" \/>\n<meta name=\"robots\" content=\"index, follow, max-snippet:-1, max-image-preview:large, max-video-preview:-1\" \/>\n<link rel=\"canonical\" href=\"https:\/\/www.alabianca.it\/it\/notizie\/james-is-back-il-nuovo-album-di-james-senese\/\" \/>\n<meta property=\"og:locale\" content=\"it_IT\" \/>\n<meta property=\"og:type\" content=\"article\" \/>\n<meta property=\"og:title\" content=\"\u201cJAMES IS BACK\u201d - IL NUOVO ALBUM DI JAMES SENESE | Ala Bianca\" \/>\n<meta property=\"og:description\" content=\"Leggi \u201cJAMES IS BACK\u201d - IL NUOVO ALBUM DI JAMES SENESE su Ala Bianca Group Editore e produttore discografico a Modena\" \/>\n<meta property=\"og:url\" content=\"https:\/\/www.alabianca.it\/it\/notizie\/james-is-back-il-nuovo-album-di-james-senese\/\" \/>\n<meta property=\"og:site_name\" content=\"Ala Bianca Group\" \/>\n<meta property=\"article:published_time\" content=\"2021-06-04T07:16:32+00:00\" \/>\n<meta property=\"og:image\" content=\"https:\/\/www.alabianca.it\/wp-content\/uploads\/2021\/06\/JamesIsBack_Senese.png\" \/>\n\t<meta property=\"og:image:width\" content=\"1400\" \/>\n\t<meta property=\"og:image:height\" content=\"1400\" \/>\n\t<meta property=\"og:image:type\" content=\"image\/png\" \/>\n<meta name=\"author\" content=\"Irene\" \/>\n<meta name=\"twitter:card\" content=\"summary_large_image\" \/>\n<meta name=\"twitter:label1\" content=\"Scritto da\" \/>\n\t<meta name=\"twitter:data1\" content=\"Irene\" \/>\n\t<meta name=\"twitter:label2\" content=\"Tempo di lettura stimato\" \/>\n\t<meta name=\"twitter:data2\" content=\"2 minuti\" \/>\n<script type=\"application\/ld+json\" class=\"yoast-schema-graph\">{\"@context\":\"https:\\\/\\\/schema.org\",\"@graph\":[{\"@type\":\"Article\",\"@id\":\"https:\\\/\\\/www.alabianca.it\\\/it\\\/notizie\\\/james-is-back-il-nuovo-album-di-james-senese\\\/#article\",\"isPartOf\":{\"@id\":\"https:\\\/\\\/www.alabianca.it\\\/it\\\/notizie\\\/james-is-back-il-nuovo-album-di-james-senese\\\/\"},\"author\":{\"name\":\"Irene\",\"@id\":\"https:\\\/\\\/www.alabianca.it\\\/it\\\/#\\\/schema\\\/person\\\/42a393c26bf819be62e5fe5967bb8de8\"},\"headline\":\"\u201cJAMES IS BACK\u201d &#8211; IL NUOVO ALBUM DI JAMES SENESE\",\"datePublished\":\"2021-06-04T07:16:32+00:00\",\"mainEntityOfPage\":{\"@id\":\"https:\\\/\\\/www.alabianca.it\\\/it\\\/notizie\\\/james-is-back-il-nuovo-album-di-james-senese\\\/\"},\"wordCount\":475,\"commentCount\":0,\"publisher\":{\"@id\":\"https:\\\/\\\/www.alabianca.it\\\/it\\\/#organization\"},\"image\":{\"@id\":\"https:\\\/\\\/www.alabianca.it\\\/it\\\/notizie\\\/james-is-back-il-nuovo-album-di-james-senese\\\/#primaryimage\"},\"thumbnailUrl\":\"https:\\\/\\\/www.alabianca.it\\\/wp-content\\\/uploads\\\/2021\\\/06\\\/JamesIsBack_Senese.png\",\"keywords\":[\"ala bianca records\",\"big time\",\"franco del prete\",\"james is back\",\"James Senese\",\"je sone\",\"live\",\"Napoli Centrale\",\"nuovo album\",\"nuovo disco\",\"Pino Daniele\",\"ritorno\",\"river nile\",\"sax\",\"warner\"],\"articleSection\":[\"Notizie\"],\"inLanguage\":\"it-IT\",\"potentialAction\":[{\"@type\":\"CommentAction\",\"name\":\"Comment\",\"target\":[\"https:\\\/\\\/www.alabianca.it\\\/it\\\/notizie\\\/james-is-back-il-nuovo-album-di-james-senese\\\/#respond\"]}]},{\"@type\":\"WebPage\",\"@id\":\"https:\\\/\\\/www.alabianca.it\\\/it\\\/notizie\\\/james-is-back-il-nuovo-album-di-james-senese\\\/\",\"url\":\"https:\\\/\\\/www.alabianca.it\\\/it\\\/notizie\\\/james-is-back-il-nuovo-album-di-james-senese\\\/\",\"name\":\"\u201cJAMES IS BACK\u201d - IL NUOVO ALBUM DI JAMES SENESE | Ala Bianca\",\"isPartOf\":{\"@id\":\"https:\\\/\\\/www.alabianca.it\\\/it\\\/#website\"},\"primaryImageOfPage\":{\"@id\":\"https:\\\/\\\/www.alabianca.it\\\/it\\\/notizie\\\/james-is-back-il-nuovo-album-di-james-senese\\\/#primaryimage\"},\"image\":{\"@id\":\"https:\\\/\\\/www.alabianca.it\\\/it\\\/notizie\\\/james-is-back-il-nuovo-album-di-james-senese\\\/#primaryimage\"},\"thumbnailUrl\":\"https:\\\/\\\/www.alabianca.it\\\/wp-content\\\/uploads\\\/2021\\\/06\\\/JamesIsBack_Senese.png\",\"datePublished\":\"2021-06-04T07:16:32+00:00\",\"description\":\"Leggi \u201cJAMES IS BACK\u201d - IL NUOVO ALBUM DI JAMES SENESE su Ala Bianca Group Editore e produttore discografico a Modena\",\"breadcrumb\":{\"@id\":\"https:\\\/\\\/www.alabianca.it\\\/it\\\/notizie\\\/james-is-back-il-nuovo-album-di-james-senese\\\/#breadcrumb\"},\"inLanguage\":\"it-IT\",\"potentialAction\":[{\"@type\":\"ReadAction\",\"target\":[\"https:\\\/\\\/www.alabianca.it\\\/it\\\/notizie\\\/james-is-back-il-nuovo-album-di-james-senese\\\/\"]}]},{\"@type\":\"ImageObject\",\"inLanguage\":\"it-IT\",\"@id\":\"https:\\\/\\\/www.alabianca.it\\\/it\\\/notizie\\\/james-is-back-il-nuovo-album-di-james-senese\\\/#primaryimage\",\"url\":\"https:\\\/\\\/www.alabianca.it\\\/wp-content\\\/uploads\\\/2021\\\/06\\\/JamesIsBack_Senese.png\",\"contentUrl\":\"https:\\\/\\\/www.alabianca.it\\\/wp-content\\\/uploads\\\/2021\\\/06\\\/JamesIsBack_Senese.png\",\"width\":1400,\"height\":1400,\"caption\":\"james is bakc copertina dell album disco di james senese\"},{\"@type\":\"BreadcrumbList\",\"@id\":\"https:\\\/\\\/www.alabianca.it\\\/it\\\/notizie\\\/james-is-back-il-nuovo-album-di-james-senese\\\/#breadcrumb\",\"itemListElement\":[{\"@type\":\"ListItem\",\"position\":1,\"name\":\"Home\",\"item\":\"https:\\\/\\\/www.alabianca.it\\\/it\\\/\"},{\"@type\":\"ListItem\",\"position\":2,\"name\":\"\u201cJAMES IS BACK\u201d &#8211; IL NUOVO ALBUM DI JAMES SENESE\"}]},{\"@type\":\"WebSite\",\"@id\":\"https:\\\/\\\/www.alabianca.it\\\/it\\\/#website\",\"url\":\"https:\\\/\\\/www.alabianca.it\\\/it\\\/\",\"name\":\"Ala Bianca Group\",\"description\":\"Editore e produttore discografico\",\"publisher\":{\"@id\":\"https:\\\/\\\/www.alabianca.it\\\/it\\\/#organization\"},\"potentialAction\":[{\"@type\":\"SearchAction\",\"target\":{\"@type\":\"EntryPoint\",\"urlTemplate\":\"https:\\\/\\\/www.alabianca.it\\\/it\\\/?s={search_term_string}\"},\"query-input\":{\"@type\":\"PropertyValueSpecification\",\"valueRequired\":true,\"valueName\":\"search_term_string\"}}],\"inLanguage\":\"it-IT\"},{\"@type\":\"Organization\",\"@id\":\"https:\\\/\\\/www.alabianca.it\\\/it\\\/#organization\",\"name\":\"Alabianca Group S.r.l.\",\"url\":\"https:\\\/\\\/www.alabianca.it\\\/it\\\/\",\"logo\":{\"@type\":\"ImageObject\",\"inLanguage\":\"it-IT\",\"@id\":\"https:\\\/\\\/www.alabianca.it\\\/it\\\/#\\\/schema\\\/logo\\\/image\\\/\",\"url\":\"https:\\\/\\\/www.alabianca.it\\\/wp-content\\\/uploads\\\/2018\\\/01\\\/alabianca-records-logo-2018-h-3.png\",\"contentUrl\":\"https:\\\/\\\/www.alabianca.it\\\/wp-content\\\/uploads\\\/2018\\\/01\\\/alabianca-records-logo-2018-h-3.png\",\"width\":345,\"height\":133,\"caption\":\"Alabianca Group S.r.l.\"},\"image\":{\"@id\":\"https:\\\/\\\/www.alabianca.it\\\/it\\\/#\\\/schema\\\/logo\\\/image\\\/\"}},{\"@type\":\"Person\",\"@id\":\"https:\\\/\\\/www.alabianca.it\\\/it\\\/#\\\/schema\\\/person\\\/42a393c26bf819be62e5fe5967bb8de8\",\"name\":\"Irene\",\"url\":\"https:\\\/\\\/www.alabianca.it\\\/it\\\/author\\\/irene\\\/\"}]}<\/script>\n<!-- \/ Yoast SEO plugin. -->","yoast_head_json":{"title":"\u201cJAMES IS BACK\u201d - IL NUOVO ALBUM DI JAMES SENESE | Ala Bianca","description":"Leggi \u201cJAMES IS BACK\u201d - IL NUOVO ALBUM DI JAMES SENESE su Ala Bianca Group Editore e produttore discografico a Modena","robots":{"index":"index","follow":"follow","max-snippet":"max-snippet:-1","max-image-preview":"max-image-preview:large","max-video-preview":"max-video-preview:-1"},"canonical":"https:\/\/www.alabianca.it\/it\/notizie\/james-is-back-il-nuovo-album-di-james-senese\/","og_locale":"it_IT","og_type":"article","og_title":"\u201cJAMES IS BACK\u201d - IL NUOVO ALBUM DI JAMES SENESE | Ala Bianca","og_description":"Leggi \u201cJAMES IS BACK\u201d - IL NUOVO ALBUM DI JAMES SENESE su Ala Bianca Group Editore e produttore discografico a Modena","og_url":"https:\/\/www.alabianca.it\/it\/notizie\/james-is-back-il-nuovo-album-di-james-senese\/","og_site_name":"Ala Bianca Group","article_published_time":"2021-06-04T07:16:32+00:00","og_image":[{"width":1400,"height":1400,"url":"https:\/\/www.alabianca.it\/wp-content\/uploads\/2021\/06\/JamesIsBack_Senese.png","type":"image\/png"}],"author":"Irene","twitter_card":"summary_large_image","twitter_misc":{"Scritto da":"Irene","Tempo di lettura stimato":"2 minuti"},"schema":{"@context":"https:\/\/schema.org","@graph":[{"@type":"Article","@id":"https:\/\/www.alabianca.it\/it\/notizie\/james-is-back-il-nuovo-album-di-james-senese\/#article","isPartOf":{"@id":"https:\/\/www.alabianca.it\/it\/notizie\/james-is-back-il-nuovo-album-di-james-senese\/"},"author":{"name":"Irene","@id":"https:\/\/www.alabianca.it\/it\/#\/schema\/person\/42a393c26bf819be62e5fe5967bb8de8"},"headline":"\u201cJAMES IS BACK\u201d &#8211; IL NUOVO ALBUM DI JAMES SENESE","datePublished":"2021-06-04T07:16:32+00:00","mainEntityOfPage":{"@id":"https:\/\/www.alabianca.it\/it\/notizie\/james-is-back-il-nuovo-album-di-james-senese\/"},"wordCount":475,"commentCount":0,"publisher":{"@id":"https:\/\/www.alabianca.it\/it\/#organization"},"image":{"@id":"https:\/\/www.alabianca.it\/it\/notizie\/james-is-back-il-nuovo-album-di-james-senese\/#primaryimage"},"thumbnailUrl":"https:\/\/www.alabianca.it\/wp-content\/uploads\/2021\/06\/JamesIsBack_Senese.png","keywords":["ala bianca records","big time","franco del prete","james is back","James Senese","je sone","live","Napoli Centrale","nuovo album","nuovo disco","Pino Daniele","ritorno","river nile","sax","warner"],"articleSection":["Notizie"],"inLanguage":"it-IT","potentialAction":[{"@type":"CommentAction","name":"Comment","target":["https:\/\/www.alabianca.it\/it\/notizie\/james-is-back-il-nuovo-album-di-james-senese\/#respond"]}]},{"@type":"WebPage","@id":"https:\/\/www.alabianca.it\/it\/notizie\/james-is-back-il-nuovo-album-di-james-senese\/","url":"https:\/\/www.alabianca.it\/it\/notizie\/james-is-back-il-nuovo-album-di-james-senese\/","name":"\u201cJAMES IS BACK\u201d - IL NUOVO ALBUM DI JAMES SENESE | Ala Bianca","isPartOf":{"@id":"https:\/\/www.alabianca.it\/it\/#website"},"primaryImageOfPage":{"@id":"https:\/\/www.alabianca.it\/it\/notizie\/james-is-back-il-nuovo-album-di-james-senese\/#primaryimage"},"image":{"@id":"https:\/\/www.alabianca.it\/it\/notizie\/james-is-back-il-nuovo-album-di-james-senese\/#primaryimage"},"thumbnailUrl":"https:\/\/www.alabianca.it\/wp-content\/uploads\/2021\/06\/JamesIsBack_Senese.png","datePublished":"2021-06-04T07:16:32+00:00","description":"Leggi \u201cJAMES IS BACK\u201d - IL NUOVO ALBUM DI JAMES SENESE su Ala Bianca Group Editore e produttore discografico a Modena","breadcrumb":{"@id":"https:\/\/www.alabianca.it\/it\/notizie\/james-is-back-il-nuovo-album-di-james-senese\/#breadcrumb"},"inLanguage":"it-IT","potentialAction":[{"@type":"ReadAction","target":["https:\/\/www.alabianca.it\/it\/notizie\/james-is-back-il-nuovo-album-di-james-senese\/"]}]},{"@type":"ImageObject","inLanguage":"it-IT","@id":"https:\/\/www.alabianca.it\/it\/notizie\/james-is-back-il-nuovo-album-di-james-senese\/#primaryimage","url":"https:\/\/www.alabianca.it\/wp-content\/uploads\/2021\/06\/JamesIsBack_Senese.png","contentUrl":"https:\/\/www.alabianca.it\/wp-content\/uploads\/2021\/06\/JamesIsBack_Senese.png","width":1400,"height":1400,"caption":"james is bakc copertina dell album disco di james senese"},{"@type":"BreadcrumbList","@id":"https:\/\/www.alabianca.it\/it\/notizie\/james-is-back-il-nuovo-album-di-james-senese\/#breadcrumb","itemListElement":[{"@type":"ListItem","position":1,"name":"Home","item":"https:\/\/www.alabianca.it\/it\/"},{"@type":"ListItem","position":2,"name":"\u201cJAMES IS BACK\u201d &#8211; IL NUOVO ALBUM DI JAMES SENESE"}]},{"@type":"WebSite","@id":"https:\/\/www.alabianca.it\/it\/#website","url":"https:\/\/www.alabianca.it\/it\/","name":"Ala Bianca Group","description":"Editore e produttore discografico","publisher":{"@id":"https:\/\/www.alabianca.it\/it\/#organization"},"potentialAction":[{"@type":"SearchAction","target":{"@type":"EntryPoint","urlTemplate":"https:\/\/www.alabianca.it\/it\/?s={search_term_string}"},"query-input":{"@type":"PropertyValueSpecification","valueRequired":true,"valueName":"search_term_string"}}],"inLanguage":"it-IT"},{"@type":"Organization","@id":"https:\/\/www.alabianca.it\/it\/#organization","name":"Alabianca Group S.r.l.","url":"https:\/\/www.alabianca.it\/it\/","logo":{"@type":"ImageObject","inLanguage":"it-IT","@id":"https:\/\/www.alabianca.it\/it\/#\/schema\/logo\/image\/","url":"https:\/\/www.alabianca.it\/wp-content\/uploads\/2018\/01\/alabianca-records-logo-2018-h-3.png","contentUrl":"https:\/\/www.alabianca.it\/wp-content\/uploads\/2018\/01\/alabianca-records-logo-2018-h-3.png","width":345,"height":133,"caption":"Alabianca Group S.r.l."},"image":{"@id":"https:\/\/www.alabianca.it\/it\/#\/schema\/logo\/image\/"}},{"@type":"Person","@id":"https:\/\/www.alabianca.it\/it\/#\/schema\/person\/42a393c26bf819be62e5fe5967bb8de8","name":"Irene","url":"https:\/\/www.alabianca.it\/it\/author\/irene\/"}]}},"_links":{"self":[{"href":"https:\/\/www.alabianca.it\/it\/wp-json\/wp\/v2\/posts\/18425","targetHints":{"allow":["GET"]}}],"collection":[{"href":"https:\/\/www.alabianca.it\/it\/wp-json\/wp\/v2\/posts"}],"about":[{"href":"https:\/\/www.alabianca.it\/it\/wp-json\/wp\/v2\/types\/post"}],"author":[{"embeddable":true,"href":"https:\/\/www.alabianca.it\/it\/wp-json\/wp\/v2\/users\/65"}],"replies":[{"embeddable":true,"href":"https:\/\/www.alabianca.it\/it\/wp-json\/wp\/v2\/comments?post=18425"}],"version-history":[{"count":3,"href":"https:\/\/www.alabianca.it\/it\/wp-json\/wp\/v2\/posts\/18425\/revisions"}],"predecessor-version":[{"id":18445,"href":"https:\/\/www.alabianca.it\/it\/wp-json\/wp\/v2\/posts\/18425\/revisions\/18445"}],"wp:featuredmedia":[{"embeddable":true,"href":"https:\/\/www.alabianca.it\/it\/wp-json\/wp\/v2\/media\/18427"}],"wp:attachment":[{"href":"https:\/\/www.alabianca.it\/it\/wp-json\/wp\/v2\/media?parent=18425"}],"wp:term":[{"taxonomy":"category","embeddable":true,"href":"https:\/\/www.alabianca.it\/it\/wp-json\/wp\/v2\/categories?post=18425"},{"taxonomy":"post_tag","embeddable":true,"href":"https:\/\/www.alabianca.it\/it\/wp-json\/wp\/v2\/tags?post=18425"}],"curies":[{"name":"wp","href":"https:\/\/api.w.org\/{rel}","templated":true}]}}