{"id":18530,"date":"2021-09-11T08:34:46","date_gmt":"2021-09-11T08:34:46","guid":{"rendered":"https:\/\/www.alabianca.it\/?p=18530"},"modified":"2021-09-11T08:35:12","modified_gmt":"2021-09-11T08:35:12","slug":"il-documentario-benelli-su-benelli-a-venezia","status":"publish","type":"post","link":"https:\/\/www.alabianca.it\/it\/notizie\/il-documentario-benelli-su-benelli-a-venezia\/","title":{"rendered":"Il documentario \u201cBENELLI SU BENELLI\u201d a Venezia"},"content":{"rendered":"<div class=\"wpb-content-wrapper\"><p>[vc_row][vc_column][vc_column_text]<\/p>\n<h2><b>In proiezione sabato 11 settembre il documentario \u201cBenelli su Benelli\u201d di Marta Miniucchi, in chiusura alle <\/b><b><i>Giornate degli Autori<\/i><\/b><b> d<\/b><b>ella 7<\/b><b>8\u00aa <\/b><b>mostra cinematografica di Venezia.<\/b><\/h2>\n<p><b>La colonna sonora originale del documentario \u00e8 di Mario Mariani, prodotta ed edita da Ala Bianca.<\/b><b><\/b><b><\/b>[\/vc_column_text][vc_video link=&#8221;https:\/\/youtu.be\/kwGlnxh01Ig&#8221;][\/vc_column][\/vc_row][vc_row][vc_column][vc_column_text]<\/p>\n<h3><b>Il Documentario<\/b><\/h3>\n<p><span style=\"font-weight: 400;\">Il 2021 \u00e8 un anno speciale per la Benelli, storica casa motoristica pesarese, che festeggia i 110 anni di attivit\u00e0. Per celebrare questo simbolo di qualit\u00e0, <\/span><b>Genoma Films<\/b><span style=\"font-weight: 400;\"> ha prodotto, attraverso l\u2019attenta mano della regista <\/span><b>Marta Miniucchi<\/b><span style=\"font-weight: 400;\">, <\/span><b><i>\u201cBenelli su Benelli\u201d<\/i><\/b><span style=\"font-weight: 400;\">.<\/span><span style=\"font-weight: 400;\"><br \/>\n<\/span><span style=\"font-weight: 400;\">Il documentario racconta la storia della famiglia Benelli, con un occhio di riguardo al \u201cprotagonista\u201d <\/span><b>Tonino<\/b><span style=\"font-weight: 400;\"> &#8211; il pi\u00f9 giovane dei geniali fratelli &#8211; fenomenale motociclista, pluri-campione in sella alla sua Benelli 175.<\/span><\/p>\n<h3><b>Le musiche<\/b><\/h3>\n<p><span style=\"font-weight: 400;\">Autore delle musiche originali di <\/span><b><i>\u201cBenelli su Benelli\u201d<\/i><\/b><span style=\"font-weight: 400;\"> \u00e8 il pianista e compositore <\/span><b>Mario Mariani<\/b><span style=\"font-weight: 400;\">, gi\u00e0 autore di varie colonne sonore tra cui <\/span><i><span style=\"font-weight: 400;\">\u201cSe chiudo gli occhi non sono pi\u00f9 qui\u201d<\/span><\/i><span style=\"font-weight: 400;\"> (2013), e <\/span><i><span style=\"font-weight: 400;\">\u201cItalian Movies\u201d<\/span><\/i><span style=\"font-weight: 400;\"> (2012). <\/span><span style=\"font-weight: 400;\"><br \/>\n<\/span><span style=\"font-weight: 400;\">Mariani, oltre a comporre per la pellicola, ha all\u2019attivo una fervida carriera da compositore di musiche di scena ed album da artista solista (<\/span><i><span style=\"font-weight: 400;\">V.I.T.R.I.O.L., 2020, <\/span><\/i><span style=\"font-weight: 400;\">\u00a0\u00e8 la sua ultima pubblicazione).<\/span><\/p>\n<p>&nbsp;<\/p>\n<p><b><i>\u201cBenelli su Benelli\u201d<\/i><\/b><b> \u00e8 una produzione Genoma Films con musiche originali edite e prodotte da Ala Bianca.<\/b>[\/vc_column_text][\/vc_column][\/vc_row]<\/p>\n<\/div>","protected":false},"excerpt":{"rendered":"<p>[vc_row][vc_column][vc_column_text] In proiezione sabato 11 settembre il documentario \u201cBenelli su Benelli\u201d di Marta Miniucchi, in chiusura alle Giornate degli Autori della 78\u00aa mostra cinematografica di Venezia. La colonna sonora originale del documentario \u00e8 di Mario Mariani, prodotta ed edita da Ala Bianca.[\/vc_column_text][vc_video link=&#8221;https:\/\/youtu.be\/kwGlnxh01Ig&#8221;][\/vc_column][\/vc_row][vc_row][vc_column][vc_column_text] Il Documentario Il 2021 \u00e8 un anno speciale per la Benelli, storica [&hellip;]<\/p>\n","protected":false},"author":65,"featured_media":18532,"comment_status":"open","ping_status":"closed","sticky":false,"template":"","format":"standard","meta":{"_acf_changed":false,"footnotes":""},"categories":[7],"tags":[2178,1617,2176,1567,1179,1576,2179,2177,1596,1791],"class_list":["post-18530","post","type-post","status-publish","format-standard","has-post-thumbnail","hentry","category-notizie","tag-2178","tag-ala-bianca-records","tag-benelli-su-benelli","tag-colonna-sonora","tag-colonne-sonore","tag-documentario","tag-mario-mariani","tag-mostra-internazionale-cinematogragfica","tag-musiche-originali","tag-venezia"],"acf":[],"yoast_head":"<!-- This site is optimized with the Yoast SEO plugin v27.4 - https:\/\/yoast.com\/product\/yoast-seo-wordpress\/ -->\n<title>Il documentario \u201cBENELLI SU BENELLI\u201d a Venezia | Ala Bianca Group<\/title>\n<meta name=\"description\" content=\"Leggi Il documentario \u201cBENELLI SU BENELLI\u201d a Venezia su Ala Bianca Group Editore e produttore discografico a Modena\" \/>\n<meta name=\"robots\" content=\"index, follow, max-snippet:-1, max-image-preview:large, max-video-preview:-1\" \/>\n<link rel=\"canonical\" href=\"https:\/\/www.alabianca.it\/it\/notizie\/il-documentario-benelli-su-benelli-a-venezia\/\" \/>\n<meta property=\"og:locale\" content=\"it_IT\" \/>\n<meta property=\"og:type\" content=\"article\" \/>\n<meta property=\"og:title\" content=\"Il documentario \u201cBENELLI SU BENELLI\u201d a Venezia | Ala Bianca Group\" \/>\n<meta property=\"og:description\" content=\"Leggi Il documentario \u201cBENELLI SU BENELLI\u201d a Venezia su Ala Bianca Group Editore e produttore discografico a Modena\" \/>\n<meta property=\"og:url\" content=\"https:\/\/www.alabianca.it\/it\/notizie\/il-documentario-benelli-su-benelli-a-venezia\/\" \/>\n<meta property=\"og:site_name\" content=\"Ala Bianca Group\" \/>\n<meta property=\"article:published_time\" content=\"2021-09-11T08:34:46+00:00\" \/>\n<meta property=\"article:modified_time\" content=\"2021-09-11T08:35:12+00:00\" \/>\n<meta property=\"og:image\" content=\"https:\/\/www.alabianca.it\/wp-content\/uploads\/2021\/09\/BENELLI-SU-BENELLI-locandina.jpg\" \/>\n\t<meta property=\"og:image:width\" content=\"400\" \/>\n\t<meta property=\"og:image:height\" content=\"566\" \/>\n\t<meta property=\"og:image:type\" content=\"image\/jpeg\" \/>\n<meta name=\"author\" content=\"Irene\" \/>\n<meta name=\"twitter:card\" content=\"summary_large_image\" \/>\n<meta name=\"twitter:label1\" content=\"Scritto da\" \/>\n\t<meta name=\"twitter:data1\" content=\"Irene\" \/>\n\t<meta name=\"twitter:label2\" content=\"Tempo di lettura stimato\" \/>\n\t<meta name=\"twitter:data2\" content=\"1 minuto\" \/>\n<script type=\"application\/ld+json\" class=\"yoast-schema-graph\">{\"@context\":\"https:\\\/\\\/schema.org\",\"@graph\":[{\"@type\":\"Article\",\"@id\":\"https:\\\/\\\/www.alabianca.it\\\/it\\\/notizie\\\/il-documentario-benelli-su-benelli-a-venezia\\\/#article\",\"isPartOf\":{\"@id\":\"https:\\\/\\\/www.alabianca.it\\\/it\\\/notizie\\\/il-documentario-benelli-su-benelli-a-venezia\\\/\"},\"author\":{\"name\":\"Irene\",\"@id\":\"https:\\\/\\\/www.alabianca.it\\\/it\\\/#\\\/schema\\\/person\\\/42a393c26bf819be62e5fe5967bb8de8\"},\"headline\":\"Il documentario \u201cBENELLI SU BENELLI\u201d a Venezia\",\"datePublished\":\"2021-09-11T08:34:46+00:00\",\"dateModified\":\"2021-09-11T08:35:12+00:00\",\"mainEntityOfPage\":{\"@id\":\"https:\\\/\\\/www.alabianca.it\\\/it\\\/notizie\\\/il-documentario-benelli-su-benelli-a-venezia\\\/\"},\"wordCount\":241,\"commentCount\":0,\"publisher\":{\"@id\":\"https:\\\/\\\/www.alabianca.it\\\/it\\\/#organization\"},\"image\":{\"@id\":\"https:\\\/\\\/www.alabianca.it\\\/it\\\/notizie\\\/il-documentario-benelli-su-benelli-a-venezia\\\/#primaryimage\"},\"thumbnailUrl\":\"https:\\\/\\\/www.alabianca.it\\\/wp-content\\\/uploads\\\/2021\\\/09\\\/BENELLI-SU-BENELLI-locandina.jpg\",\"keywords\":[\"78\",\"ala bianca records\",\"benelli su benelli\",\"colonna sonora\",\"colonne sonore\",\"documentario\",\"mario mariani\",\"mostra internazionale cinematogragfica\",\"musiche originali\",\"venezia\"],\"articleSection\":[\"Notizie\"],\"inLanguage\":\"it-IT\",\"potentialAction\":[{\"@type\":\"CommentAction\",\"name\":\"Comment\",\"target\":[\"https:\\\/\\\/www.alabianca.it\\\/it\\\/notizie\\\/il-documentario-benelli-su-benelli-a-venezia\\\/#respond\"]}]},{\"@type\":\"WebPage\",\"@id\":\"https:\\\/\\\/www.alabianca.it\\\/it\\\/notizie\\\/il-documentario-benelli-su-benelli-a-venezia\\\/\",\"url\":\"https:\\\/\\\/www.alabianca.it\\\/it\\\/notizie\\\/il-documentario-benelli-su-benelli-a-venezia\\\/\",\"name\":\"Il documentario \u201cBENELLI SU BENELLI\u201d a Venezia | Ala Bianca Group\",\"isPartOf\":{\"@id\":\"https:\\\/\\\/www.alabianca.it\\\/it\\\/#website\"},\"primaryImageOfPage\":{\"@id\":\"https:\\\/\\\/www.alabianca.it\\\/it\\\/notizie\\\/il-documentario-benelli-su-benelli-a-venezia\\\/#primaryimage\"},\"image\":{\"@id\":\"https:\\\/\\\/www.alabianca.it\\\/it\\\/notizie\\\/il-documentario-benelli-su-benelli-a-venezia\\\/#primaryimage\"},\"thumbnailUrl\":\"https:\\\/\\\/www.alabianca.it\\\/wp-content\\\/uploads\\\/2021\\\/09\\\/BENELLI-SU-BENELLI-locandina.jpg\",\"datePublished\":\"2021-09-11T08:34:46+00:00\",\"dateModified\":\"2021-09-11T08:35:12+00:00\",\"description\":\"Leggi Il documentario \u201cBENELLI SU BENELLI\u201d a Venezia su Ala Bianca Group Editore e produttore discografico a Modena\",\"breadcrumb\":{\"@id\":\"https:\\\/\\\/www.alabianca.it\\\/it\\\/notizie\\\/il-documentario-benelli-su-benelli-a-venezia\\\/#breadcrumb\"},\"inLanguage\":\"it-IT\",\"potentialAction\":[{\"@type\":\"ReadAction\",\"target\":[\"https:\\\/\\\/www.alabianca.it\\\/it\\\/notizie\\\/il-documentario-benelli-su-benelli-a-venezia\\\/\"]}]},{\"@type\":\"ImageObject\",\"inLanguage\":\"it-IT\",\"@id\":\"https:\\\/\\\/www.alabianca.it\\\/it\\\/notizie\\\/il-documentario-benelli-su-benelli-a-venezia\\\/#primaryimage\",\"url\":\"https:\\\/\\\/www.alabianca.it\\\/wp-content\\\/uploads\\\/2021\\\/09\\\/BENELLI-SU-BENELLI-locandina.jpg\",\"contentUrl\":\"https:\\\/\\\/www.alabianca.it\\\/wp-content\\\/uploads\\\/2021\\\/09\\\/BENELLI-SU-BENELLI-locandina.jpg\",\"width\":400,\"height\":566},{\"@type\":\"BreadcrumbList\",\"@id\":\"https:\\\/\\\/www.alabianca.it\\\/it\\\/notizie\\\/il-documentario-benelli-su-benelli-a-venezia\\\/#breadcrumb\",\"itemListElement\":[{\"@type\":\"ListItem\",\"position\":1,\"name\":\"Home\",\"item\":\"https:\\\/\\\/www.alabianca.it\\\/it\\\/\"},{\"@type\":\"ListItem\",\"position\":2,\"name\":\"Il documentario \u201cBENELLI SU BENELLI\u201d a Venezia\"}]},{\"@type\":\"WebSite\",\"@id\":\"https:\\\/\\\/www.alabianca.it\\\/it\\\/#website\",\"url\":\"https:\\\/\\\/www.alabianca.it\\\/it\\\/\",\"name\":\"Ala Bianca Group\",\"description\":\"Editore e produttore discografico\",\"publisher\":{\"@id\":\"https:\\\/\\\/www.alabianca.it\\\/it\\\/#organization\"},\"potentialAction\":[{\"@type\":\"SearchAction\",\"target\":{\"@type\":\"EntryPoint\",\"urlTemplate\":\"https:\\\/\\\/www.alabianca.it\\\/it\\\/?s={search_term_string}\"},\"query-input\":{\"@type\":\"PropertyValueSpecification\",\"valueRequired\":true,\"valueName\":\"search_term_string\"}}],\"inLanguage\":\"it-IT\"},{\"@type\":\"Organization\",\"@id\":\"https:\\\/\\\/www.alabianca.it\\\/it\\\/#organization\",\"name\":\"Alabianca Group S.r.l.\",\"url\":\"https:\\\/\\\/www.alabianca.it\\\/it\\\/\",\"logo\":{\"@type\":\"ImageObject\",\"inLanguage\":\"it-IT\",\"@id\":\"https:\\\/\\\/www.alabianca.it\\\/it\\\/#\\\/schema\\\/logo\\\/image\\\/\",\"url\":\"https:\\\/\\\/www.alabianca.it\\\/wp-content\\\/uploads\\\/2018\\\/01\\\/alabianca-records-logo-2018-h-3.png\",\"contentUrl\":\"https:\\\/\\\/www.alabianca.it\\\/wp-content\\\/uploads\\\/2018\\\/01\\\/alabianca-records-logo-2018-h-3.png\",\"width\":345,\"height\":133,\"caption\":\"Alabianca Group S.r.l.\"},\"image\":{\"@id\":\"https:\\\/\\\/www.alabianca.it\\\/it\\\/#\\\/schema\\\/logo\\\/image\\\/\"}},{\"@type\":\"Person\",\"@id\":\"https:\\\/\\\/www.alabianca.it\\\/it\\\/#\\\/schema\\\/person\\\/42a393c26bf819be62e5fe5967bb8de8\",\"name\":\"Irene\",\"url\":\"https:\\\/\\\/www.alabianca.it\\\/it\\\/author\\\/irene\\\/\"}]}<\/script>\n<!-- \/ Yoast SEO plugin. -->","yoast_head_json":{"title":"Il documentario \u201cBENELLI SU BENELLI\u201d a Venezia | Ala Bianca Group","description":"Leggi Il documentario \u201cBENELLI SU BENELLI\u201d a Venezia su Ala Bianca Group Editore e produttore discografico a Modena","robots":{"index":"index","follow":"follow","max-snippet":"max-snippet:-1","max-image-preview":"max-image-preview:large","max-video-preview":"max-video-preview:-1"},"canonical":"https:\/\/www.alabianca.it\/it\/notizie\/il-documentario-benelli-su-benelli-a-venezia\/","og_locale":"it_IT","og_type":"article","og_title":"Il documentario \u201cBENELLI SU BENELLI\u201d a Venezia | Ala Bianca Group","og_description":"Leggi Il documentario \u201cBENELLI SU BENELLI\u201d a Venezia su Ala Bianca Group Editore e produttore discografico a Modena","og_url":"https:\/\/www.alabianca.it\/it\/notizie\/il-documentario-benelli-su-benelli-a-venezia\/","og_site_name":"Ala Bianca Group","article_published_time":"2021-09-11T08:34:46+00:00","article_modified_time":"2021-09-11T08:35:12+00:00","og_image":[{"width":400,"height":566,"url":"https:\/\/www.alabianca.it\/wp-content\/uploads\/2021\/09\/BENELLI-SU-BENELLI-locandina.jpg","type":"image\/jpeg"}],"author":"Irene","twitter_card":"summary_large_image","twitter_misc":{"Scritto da":"Irene","Tempo di lettura stimato":"1 minuto"},"schema":{"@context":"https:\/\/schema.org","@graph":[{"@type":"Article","@id":"https:\/\/www.alabianca.it\/it\/notizie\/il-documentario-benelli-su-benelli-a-venezia\/#article","isPartOf":{"@id":"https:\/\/www.alabianca.it\/it\/notizie\/il-documentario-benelli-su-benelli-a-venezia\/"},"author":{"name":"Irene","@id":"https:\/\/www.alabianca.it\/it\/#\/schema\/person\/42a393c26bf819be62e5fe5967bb8de8"},"headline":"Il documentario \u201cBENELLI SU BENELLI\u201d a Venezia","datePublished":"2021-09-11T08:34:46+00:00","dateModified":"2021-09-11T08:35:12+00:00","mainEntityOfPage":{"@id":"https:\/\/www.alabianca.it\/it\/notizie\/il-documentario-benelli-su-benelli-a-venezia\/"},"wordCount":241,"commentCount":0,"publisher":{"@id":"https:\/\/www.alabianca.it\/it\/#organization"},"image":{"@id":"https:\/\/www.alabianca.it\/it\/notizie\/il-documentario-benelli-su-benelli-a-venezia\/#primaryimage"},"thumbnailUrl":"https:\/\/www.alabianca.it\/wp-content\/uploads\/2021\/09\/BENELLI-SU-BENELLI-locandina.jpg","keywords":["78","ala bianca records","benelli su benelli","colonna sonora","colonne sonore","documentario","mario mariani","mostra internazionale cinematogragfica","musiche originali","venezia"],"articleSection":["Notizie"],"inLanguage":"it-IT","potentialAction":[{"@type":"CommentAction","name":"Comment","target":["https:\/\/www.alabianca.it\/it\/notizie\/il-documentario-benelli-su-benelli-a-venezia\/#respond"]}]},{"@type":"WebPage","@id":"https:\/\/www.alabianca.it\/it\/notizie\/il-documentario-benelli-su-benelli-a-venezia\/","url":"https:\/\/www.alabianca.it\/it\/notizie\/il-documentario-benelli-su-benelli-a-venezia\/","name":"Il documentario \u201cBENELLI SU BENELLI\u201d a Venezia | Ala Bianca Group","isPartOf":{"@id":"https:\/\/www.alabianca.it\/it\/#website"},"primaryImageOfPage":{"@id":"https:\/\/www.alabianca.it\/it\/notizie\/il-documentario-benelli-su-benelli-a-venezia\/#primaryimage"},"image":{"@id":"https:\/\/www.alabianca.it\/it\/notizie\/il-documentario-benelli-su-benelli-a-venezia\/#primaryimage"},"thumbnailUrl":"https:\/\/www.alabianca.it\/wp-content\/uploads\/2021\/09\/BENELLI-SU-BENELLI-locandina.jpg","datePublished":"2021-09-11T08:34:46+00:00","dateModified":"2021-09-11T08:35:12+00:00","description":"Leggi Il documentario \u201cBENELLI SU BENELLI\u201d a Venezia su Ala Bianca Group Editore e produttore discografico a Modena","breadcrumb":{"@id":"https:\/\/www.alabianca.it\/it\/notizie\/il-documentario-benelli-su-benelli-a-venezia\/#breadcrumb"},"inLanguage":"it-IT","potentialAction":[{"@type":"ReadAction","target":["https:\/\/www.alabianca.it\/it\/notizie\/il-documentario-benelli-su-benelli-a-venezia\/"]}]},{"@type":"ImageObject","inLanguage":"it-IT","@id":"https:\/\/www.alabianca.it\/it\/notizie\/il-documentario-benelli-su-benelli-a-venezia\/#primaryimage","url":"https:\/\/www.alabianca.it\/wp-content\/uploads\/2021\/09\/BENELLI-SU-BENELLI-locandina.jpg","contentUrl":"https:\/\/www.alabianca.it\/wp-content\/uploads\/2021\/09\/BENELLI-SU-BENELLI-locandina.jpg","width":400,"height":566},{"@type":"BreadcrumbList","@id":"https:\/\/www.alabianca.it\/it\/notizie\/il-documentario-benelli-su-benelli-a-venezia\/#breadcrumb","itemListElement":[{"@type":"ListItem","position":1,"name":"Home","item":"https:\/\/www.alabianca.it\/it\/"},{"@type":"ListItem","position":2,"name":"Il documentario \u201cBENELLI SU BENELLI\u201d a Venezia"}]},{"@type":"WebSite","@id":"https:\/\/www.alabianca.it\/it\/#website","url":"https:\/\/www.alabianca.it\/it\/","name":"Ala Bianca Group","description":"Editore e produttore discografico","publisher":{"@id":"https:\/\/www.alabianca.it\/it\/#organization"},"potentialAction":[{"@type":"SearchAction","target":{"@type":"EntryPoint","urlTemplate":"https:\/\/www.alabianca.it\/it\/?s={search_term_string}"},"query-input":{"@type":"PropertyValueSpecification","valueRequired":true,"valueName":"search_term_string"}}],"inLanguage":"it-IT"},{"@type":"Organization","@id":"https:\/\/www.alabianca.it\/it\/#organization","name":"Alabianca Group S.r.l.","url":"https:\/\/www.alabianca.it\/it\/","logo":{"@type":"ImageObject","inLanguage":"it-IT","@id":"https:\/\/www.alabianca.it\/it\/#\/schema\/logo\/image\/","url":"https:\/\/www.alabianca.it\/wp-content\/uploads\/2018\/01\/alabianca-records-logo-2018-h-3.png","contentUrl":"https:\/\/www.alabianca.it\/wp-content\/uploads\/2018\/01\/alabianca-records-logo-2018-h-3.png","width":345,"height":133,"caption":"Alabianca Group S.r.l."},"image":{"@id":"https:\/\/www.alabianca.it\/it\/#\/schema\/logo\/image\/"}},{"@type":"Person","@id":"https:\/\/www.alabianca.it\/it\/#\/schema\/person\/42a393c26bf819be62e5fe5967bb8de8","name":"Irene","url":"https:\/\/www.alabianca.it\/it\/author\/irene\/"}]}},"_links":{"self":[{"href":"https:\/\/www.alabianca.it\/it\/wp-json\/wp\/v2\/posts\/18530","targetHints":{"allow":["GET"]}}],"collection":[{"href":"https:\/\/www.alabianca.it\/it\/wp-json\/wp\/v2\/posts"}],"about":[{"href":"https:\/\/www.alabianca.it\/it\/wp-json\/wp\/v2\/types\/post"}],"author":[{"embeddable":true,"href":"https:\/\/www.alabianca.it\/it\/wp-json\/wp\/v2\/users\/65"}],"replies":[{"embeddable":true,"href":"https:\/\/www.alabianca.it\/it\/wp-json\/wp\/v2\/comments?post=18530"}],"version-history":[{"count":1,"href":"https:\/\/www.alabianca.it\/it\/wp-json\/wp\/v2\/posts\/18530\/revisions"}],"predecessor-version":[{"id":18531,"href":"https:\/\/www.alabianca.it\/it\/wp-json\/wp\/v2\/posts\/18530\/revisions\/18531"}],"wp:featuredmedia":[{"embeddable":true,"href":"https:\/\/www.alabianca.it\/it\/wp-json\/wp\/v2\/media\/18532"}],"wp:attachment":[{"href":"https:\/\/www.alabianca.it\/it\/wp-json\/wp\/v2\/media?parent=18530"}],"wp:term":[{"taxonomy":"category","embeddable":true,"href":"https:\/\/www.alabianca.it\/it\/wp-json\/wp\/v2\/categories?post=18530"},{"taxonomy":"post_tag","embeddable":true,"href":"https:\/\/www.alabianca.it\/it\/wp-json\/wp\/v2\/tags?post=18530"}],"curies":[{"name":"wp","href":"https:\/\/api.w.org\/{rel}","templated":true}]}}