{"id":18557,"date":"2021-10-07T11:00:19","date_gmt":"2021-10-07T11:00:19","guid":{"rendered":"https:\/\/www.alabianca.it\/?p=18557"},"modified":"2021-10-07T11:00:19","modified_gmt":"2021-10-07T11:00:19","slug":"bentornato-papa-al-cinema-il-film-con-le-musiche-di-silvia-nair","status":"publish","type":"post","link":"https:\/\/www.alabianca.it\/it\/notizie\/bentornato-papa-al-cinema-il-film-con-le-musiche-di-silvia-nair\/","title":{"rendered":"&#8220;Bentornato pap\u00e0&#8221;, al cinema il film con le musiche di Silvia Nair"},"content":{"rendered":"<div class=\"wpb-content-wrapper\"><p>[vc_row][vc_column][vc_column_text]<\/p>\n<h2 style=\"font-weight: 400;\"><strong><em>Bentornato\u00a0pap\u00e0<\/em>, il nuovo film\u00a0di\u00a0Domenico Fortunato, presentato in anteprima\u00a0al Bif&amp;st\u00a02021, \u00e8 da oggi nelle\u00a0sale. \u00a0<\/strong><\/h2>\n<p style=\"font-weight: 400;\">Un\u2019intensa e toccante storia familiare con\u00a0\u00a0<strong>Domenico Fortunato<\/strong>, anche nel ruolo di\u00a0<strong>protagonista, Donatella Finocchiaro<\/strong>,\u00a0<strong>Riccardo Mandolini\u00a0<\/strong>(protagonista della serie Netflix<em>\u00a0Baby<\/em>), l\u2019esordiente\u00a0<strong>Giuliana Simeone<\/strong>, affiancati da\u00a0\u00a0<strong>Dino Abbrescia, Giorgio Colangeli, Giulio Beranek, Silvia Mazzieri, Sara Putignano, Franco Ferrante.<\/strong><\/p>\n<p>&nbsp;<\/p>\n<p style=\"font-weight: 400;\">Il film racconta la storia di una famiglia con\u00a0legami\u00a0profondi, nonostante alcune incomprensioni. Franco, un padre che ha dedicato la vita ai suoi cari e al lavoro. Il figlio Andrea, studente con le proprie ambizioni e inquietudini. La figlia Alessandra, sensibile e con il sogno di diventare maestra. La moglie Anna apprensiva e amorevole. Il fratello, Silvano, a cui \u00e8 molto legato. Un tragico evento colpisce Franco improvvisamente, sconvolgendo la sua vita e quella dei suoi cari. Per tutti inizia un percorso terapeutico dell\u2019anima alla ricerca di un nuovo equilibrio. Ma tutto cambier\u00e0 ancora una volta.<\/p>\n<p>&nbsp;<\/p>\n<blockquote>\n<p style=\"font-weight: 400;\">\u201c<em>\u00c8 un film che racconta la vita quella \u2018bella\u2019,\u00a0semplice, potente e piena d\u2019amore &#8211;\u00a0<\/em>ha dichiarato Domenico Fortunato.<em>\u00a0La malattia non \u00e8 solo un momento doloroso, \u00e8 anche la possibilit\u00e0 di\u00a0abbattere quei muri costruiti involontariamente negli anni, fatti di silenzi e di incomprensioni, l\u2019occasione di riavvicinarsi, di crescere.\u00a0\u00a0Ringrazio quindi Altre Storie, Rai Cinema per aver creduto in me e spero che il pubblico lo apprezzi<\/em>\u201d.<\/p>\n<p>&nbsp;<\/p><\/blockquote>\n<h3><b>La Colonna sonora<\/b><\/h3>\n<p><span style=\"font-weight: 400;\">Ad accompagnare queste immagini \u00e8 la colonna sonora composta ed arrangiata dalla cantautrice &#8211; compositrice <\/span><b>SILVIA NAIR<\/b><span style=\"font-weight: 400;\">.\u00a0<\/span><\/p>\n<p><span style=\"font-weight: 400;\">Oltre ad aver composto numerose colonne sonore (\u201cOne more day\u201d-2015, \u201cLa direzione del tempo\u201d-2018, \u201cQuesto \u00e8 mio fratello\u201d-2018, &#8220;El numero nueve-Gabriel Batistuta&#8221;-2019), <\/span><b>Silvia Nair ha all\u2019attivo un\u2019importante carriera artistica internazionale<\/b><span style=\"font-weight: 400;\">. <\/span><span style=\"font-weight: 400;\"><br \/>\n<\/span><a href=\"https:\/\/open.spotify.com\/album\/0R6E5rhK5czyYNhWD60eJW?si=Ezdmw3eJQsebOz_m_XhWUA\"><b>\u201c<\/b><b><i>Luci e ombre<\/i><\/b><\/a><b>\u201d \u00e8 il suo terzo ed ultimo uscito il 9 ottobre 2020 &#8211; <\/b><span style=\"font-weight: 400;\">un disco che vanta la prestigiosa produzione olandese di <\/span><b>Franck Van Der Heijden (arrangiatore tra gli altri di Michael Jackson, Justin Timberlake, John Legend, David Guetta, David Garrett, Celine Dion, ecc.) e Michael La Grouw<\/b><span style=\"font-weight: 400;\">.\u00a0<\/span><\/p>\n<p>&nbsp;<\/p>\n<p>&nbsp;<\/p>\n<p style=\"text-align: center;\"><strong>&#8220;Bentornato pap\u00e0&#8221; \u00e8 una produzione Altre Storie con Rai Cinema, prodotto da Cesare Fragnelli, con il contributo della Regione Puglia e di Apulia Film Commission<\/strong><\/p>\n<p>[\/vc_column_text][\/vc_column][\/vc_row]<\/p>\n<\/div>","protected":false},"excerpt":{"rendered":"<p>[vc_row][vc_column][vc_column_text] Bentornato\u00a0pap\u00e0, il nuovo film\u00a0di\u00a0Domenico Fortunato, presentato in anteprima\u00a0al Bif&amp;st\u00a02021, \u00e8 da oggi nelle\u00a0sale. \u00a0 Un\u2019intensa e toccante storia familiare con\u00a0\u00a0Domenico Fortunato, anche nel ruolo di\u00a0protagonista, Donatella Finocchiaro,\u00a0Riccardo Mandolini\u00a0(protagonista della serie Netflix\u00a0Baby), l\u2019esordiente\u00a0Giuliana Simeone, affiancati da\u00a0\u00a0Dino Abbrescia, Giorgio Colangeli, Giulio Beranek, Silvia Mazzieri, Sara Putignano, Franco Ferrante. &nbsp; Il film racconta la storia di una [&hellip;]<\/p>\n","protected":false},"author":65,"featured_media":18558,"comment_status":"open","ping_status":"closed","sticky":false,"template":"","format":"standard","meta":{"_acf_changed":false,"footnotes":""},"categories":[7],"tags":[1870,1617,2187,2183,1571,1567,1179,2186,2185,1596,2184,2188,1566],"class_list":["post-18557","post","type-post","status-publish","format-standard","has-post-thumbnail","hentry","category-notizie","tag-ala-bianca","tag-ala-bianca-records","tag-altre-storie","tag-bentornato-papa","tag-cinema","tag-colonna-sonora","tag-colonne-sonore","tag-domenico-fortunato","tag-fuori","tag-musiche-originali","tag-nelle-sale","tag-rai-cinema","tag-silvia-nair"],"acf":[],"yoast_head":"<!-- This site is optimized with the Yoast SEO plugin v27.4 - https:\/\/yoast.com\/product\/yoast-seo-wordpress\/ -->\n<title>&quot;Bentornato pap\u00e0&quot;, al cinema il film con le musiche di Silvia Nair | Ala Bianca<\/title>\n<meta name=\"description\" content=\"Leggi &quot;Bentornato pap\u00e0&quot;, al cinema il film con le musiche di Silvia Nair su Ala Bianca Group Editore e produttore discografico a Modena\" \/>\n<meta name=\"robots\" content=\"index, follow, max-snippet:-1, max-image-preview:large, max-video-preview:-1\" \/>\n<link rel=\"canonical\" href=\"https:\/\/www.alabianca.it\/it\/notizie\/bentornato-papa-al-cinema-il-film-con-le-musiche-di-silvia-nair\/\" \/>\n<meta property=\"og:locale\" content=\"it_IT\" \/>\n<meta property=\"og:type\" content=\"article\" \/>\n<meta property=\"og:title\" content=\"&quot;Bentornato pap\u00e0&quot;, al cinema il film con le musiche di Silvia Nair | Ala Bianca\" \/>\n<meta property=\"og:description\" content=\"Leggi &quot;Bentornato pap\u00e0&quot;, al cinema il film con le musiche di Silvia Nair su Ala Bianca Group Editore e produttore discografico a Modena\" \/>\n<meta property=\"og:url\" content=\"https:\/\/www.alabianca.it\/it\/notizie\/bentornato-papa-al-cinema-il-film-con-le-musiche-di-silvia-nair\/\" \/>\n<meta property=\"og:site_name\" content=\"Ala Bianca Group\" \/>\n<meta property=\"article:published_time\" content=\"2021-10-07T11:00:19+00:00\" \/>\n<meta property=\"og:image\" content=\"https:\/\/www.alabianca.it\/wp-content\/uploads\/2021\/10\/image001-scaled.jpg\" \/>\n\t<meta property=\"og:image:width\" content=\"1792\" \/>\n\t<meta property=\"og:image:height\" content=\"2560\" \/>\n\t<meta property=\"og:image:type\" content=\"image\/jpeg\" \/>\n<meta name=\"author\" content=\"Irene\" \/>\n<meta name=\"twitter:card\" content=\"summary_large_image\" \/>\n<meta name=\"twitter:label1\" content=\"Scritto da\" \/>\n\t<meta name=\"twitter:data1\" content=\"Irene\" \/>\n\t<meta name=\"twitter:label2\" content=\"Tempo di lettura stimato\" \/>\n\t<meta name=\"twitter:data2\" content=\"2 minuti\" \/>\n<script type=\"application\/ld+json\" class=\"yoast-schema-graph\">{\"@context\":\"https:\\\/\\\/schema.org\",\"@graph\":[{\"@type\":\"Article\",\"@id\":\"https:\\\/\\\/www.alabianca.it\\\/it\\\/notizie\\\/bentornato-papa-al-cinema-il-film-con-le-musiche-di-silvia-nair\\\/#article\",\"isPartOf\":{\"@id\":\"https:\\\/\\\/www.alabianca.it\\\/it\\\/notizie\\\/bentornato-papa-al-cinema-il-film-con-le-musiche-di-silvia-nair\\\/\"},\"author\":{\"name\":\"Irene\",\"@id\":\"https:\\\/\\\/www.alabianca.it\\\/it\\\/#\\\/schema\\\/person\\\/42a393c26bf819be62e5fe5967bb8de8\"},\"headline\":\"&#8220;Bentornato pap\u00e0&#8221;, al cinema il film con le musiche di Silvia Nair\",\"datePublished\":\"2021-10-07T11:00:19+00:00\",\"mainEntityOfPage\":{\"@id\":\"https:\\\/\\\/www.alabianca.it\\\/it\\\/notizie\\\/bentornato-papa-al-cinema-il-film-con-le-musiche-di-silvia-nair\\\/\"},\"wordCount\":380,\"commentCount\":0,\"publisher\":{\"@id\":\"https:\\\/\\\/www.alabianca.it\\\/it\\\/#organization\"},\"image\":{\"@id\":\"https:\\\/\\\/www.alabianca.it\\\/it\\\/notizie\\\/bentornato-papa-al-cinema-il-film-con-le-musiche-di-silvia-nair\\\/#primaryimage\"},\"thumbnailUrl\":\"https:\\\/\\\/www.alabianca.it\\\/wp-content\\\/uploads\\\/2021\\\/10\\\/image001-scaled.jpg\",\"keywords\":[\"ala bianca\",\"ala bianca records\",\"altre storie\",\"bentornato pap\u00e0\",\"cinema\",\"colonna sonora\",\"colonne sonore\",\"domenico fortunato\",\"fuori\",\"musiche originali\",\"nelle sale\",\"rai cinema\",\"silvia nair\"],\"articleSection\":[\"Notizie\"],\"inLanguage\":\"it-IT\",\"potentialAction\":[{\"@type\":\"CommentAction\",\"name\":\"Comment\",\"target\":[\"https:\\\/\\\/www.alabianca.it\\\/it\\\/notizie\\\/bentornato-papa-al-cinema-il-film-con-le-musiche-di-silvia-nair\\\/#respond\"]}]},{\"@type\":\"WebPage\",\"@id\":\"https:\\\/\\\/www.alabianca.it\\\/it\\\/notizie\\\/bentornato-papa-al-cinema-il-film-con-le-musiche-di-silvia-nair\\\/\",\"url\":\"https:\\\/\\\/www.alabianca.it\\\/it\\\/notizie\\\/bentornato-papa-al-cinema-il-film-con-le-musiche-di-silvia-nair\\\/\",\"name\":\"\\\"Bentornato pap\u00e0\\\", al cinema il film con le musiche di Silvia Nair | Ala Bianca\",\"isPartOf\":{\"@id\":\"https:\\\/\\\/www.alabianca.it\\\/it\\\/#website\"},\"primaryImageOfPage\":{\"@id\":\"https:\\\/\\\/www.alabianca.it\\\/it\\\/notizie\\\/bentornato-papa-al-cinema-il-film-con-le-musiche-di-silvia-nair\\\/#primaryimage\"},\"image\":{\"@id\":\"https:\\\/\\\/www.alabianca.it\\\/it\\\/notizie\\\/bentornato-papa-al-cinema-il-film-con-le-musiche-di-silvia-nair\\\/#primaryimage\"},\"thumbnailUrl\":\"https:\\\/\\\/www.alabianca.it\\\/wp-content\\\/uploads\\\/2021\\\/10\\\/image001-scaled.jpg\",\"datePublished\":\"2021-10-07T11:00:19+00:00\",\"description\":\"Leggi \\\"Bentornato pap\u00e0\\\", al cinema il film con le musiche di Silvia Nair su Ala Bianca Group Editore e produttore discografico a Modena\",\"breadcrumb\":{\"@id\":\"https:\\\/\\\/www.alabianca.it\\\/it\\\/notizie\\\/bentornato-papa-al-cinema-il-film-con-le-musiche-di-silvia-nair\\\/#breadcrumb\"},\"inLanguage\":\"it-IT\",\"potentialAction\":[{\"@type\":\"ReadAction\",\"target\":[\"https:\\\/\\\/www.alabianca.it\\\/it\\\/notizie\\\/bentornato-papa-al-cinema-il-film-con-le-musiche-di-silvia-nair\\\/\"]}]},{\"@type\":\"ImageObject\",\"inLanguage\":\"it-IT\",\"@id\":\"https:\\\/\\\/www.alabianca.it\\\/it\\\/notizie\\\/bentornato-papa-al-cinema-il-film-con-le-musiche-di-silvia-nair\\\/#primaryimage\",\"url\":\"https:\\\/\\\/www.alabianca.it\\\/wp-content\\\/uploads\\\/2021\\\/10\\\/image001-scaled.jpg\",\"contentUrl\":\"https:\\\/\\\/www.alabianca.it\\\/wp-content\\\/uploads\\\/2021\\\/10\\\/image001-scaled.jpg\",\"width\":1792,\"height\":2560,\"caption\":\"bentornato pap\u00e0 locandina cinema 7 ottobre silvia nair colonna sonora\"},{\"@type\":\"BreadcrumbList\",\"@id\":\"https:\\\/\\\/www.alabianca.it\\\/it\\\/notizie\\\/bentornato-papa-al-cinema-il-film-con-le-musiche-di-silvia-nair\\\/#breadcrumb\",\"itemListElement\":[{\"@type\":\"ListItem\",\"position\":1,\"name\":\"Home\",\"item\":\"https:\\\/\\\/www.alabianca.it\\\/it\\\/\"},{\"@type\":\"ListItem\",\"position\":2,\"name\":\"&#8220;Bentornato pap\u00e0&#8221;, al cinema il film con le musiche di Silvia Nair\"}]},{\"@type\":\"WebSite\",\"@id\":\"https:\\\/\\\/www.alabianca.it\\\/it\\\/#website\",\"url\":\"https:\\\/\\\/www.alabianca.it\\\/it\\\/\",\"name\":\"Ala Bianca Group\",\"description\":\"Editore e produttore discografico\",\"publisher\":{\"@id\":\"https:\\\/\\\/www.alabianca.it\\\/it\\\/#organization\"},\"potentialAction\":[{\"@type\":\"SearchAction\",\"target\":{\"@type\":\"EntryPoint\",\"urlTemplate\":\"https:\\\/\\\/www.alabianca.it\\\/it\\\/?s={search_term_string}\"},\"query-input\":{\"@type\":\"PropertyValueSpecification\",\"valueRequired\":true,\"valueName\":\"search_term_string\"}}],\"inLanguage\":\"it-IT\"},{\"@type\":\"Organization\",\"@id\":\"https:\\\/\\\/www.alabianca.it\\\/it\\\/#organization\",\"name\":\"Alabianca Group S.r.l.\",\"url\":\"https:\\\/\\\/www.alabianca.it\\\/it\\\/\",\"logo\":{\"@type\":\"ImageObject\",\"inLanguage\":\"it-IT\",\"@id\":\"https:\\\/\\\/www.alabianca.it\\\/it\\\/#\\\/schema\\\/logo\\\/image\\\/\",\"url\":\"https:\\\/\\\/www.alabianca.it\\\/wp-content\\\/uploads\\\/2018\\\/01\\\/alabianca-records-logo-2018-h-3.png\",\"contentUrl\":\"https:\\\/\\\/www.alabianca.it\\\/wp-content\\\/uploads\\\/2018\\\/01\\\/alabianca-records-logo-2018-h-3.png\",\"width\":345,\"height\":133,\"caption\":\"Alabianca Group S.r.l.\"},\"image\":{\"@id\":\"https:\\\/\\\/www.alabianca.it\\\/it\\\/#\\\/schema\\\/logo\\\/image\\\/\"}},{\"@type\":\"Person\",\"@id\":\"https:\\\/\\\/www.alabianca.it\\\/it\\\/#\\\/schema\\\/person\\\/42a393c26bf819be62e5fe5967bb8de8\",\"name\":\"Irene\",\"url\":\"https:\\\/\\\/www.alabianca.it\\\/it\\\/author\\\/irene\\\/\"}]}<\/script>\n<!-- \/ Yoast SEO plugin. -->","yoast_head_json":{"title":"\"Bentornato pap\u00e0\", al cinema il film con le musiche di Silvia Nair | Ala Bianca","description":"Leggi \"Bentornato pap\u00e0\", al cinema il film con le musiche di Silvia Nair su Ala Bianca Group Editore e produttore discografico a Modena","robots":{"index":"index","follow":"follow","max-snippet":"max-snippet:-1","max-image-preview":"max-image-preview:large","max-video-preview":"max-video-preview:-1"},"canonical":"https:\/\/www.alabianca.it\/it\/notizie\/bentornato-papa-al-cinema-il-film-con-le-musiche-di-silvia-nair\/","og_locale":"it_IT","og_type":"article","og_title":"\"Bentornato pap\u00e0\", al cinema il film con le musiche di Silvia Nair | Ala Bianca","og_description":"Leggi \"Bentornato pap\u00e0\", al cinema il film con le musiche di Silvia Nair su Ala Bianca Group Editore e produttore discografico a Modena","og_url":"https:\/\/www.alabianca.it\/it\/notizie\/bentornato-papa-al-cinema-il-film-con-le-musiche-di-silvia-nair\/","og_site_name":"Ala Bianca Group","article_published_time":"2021-10-07T11:00:19+00:00","og_image":[{"width":1792,"height":2560,"url":"https:\/\/www.alabianca.it\/wp-content\/uploads\/2021\/10\/image001-scaled.jpg","type":"image\/jpeg"}],"author":"Irene","twitter_card":"summary_large_image","twitter_misc":{"Scritto da":"Irene","Tempo di lettura stimato":"2 minuti"},"schema":{"@context":"https:\/\/schema.org","@graph":[{"@type":"Article","@id":"https:\/\/www.alabianca.it\/it\/notizie\/bentornato-papa-al-cinema-il-film-con-le-musiche-di-silvia-nair\/#article","isPartOf":{"@id":"https:\/\/www.alabianca.it\/it\/notizie\/bentornato-papa-al-cinema-il-film-con-le-musiche-di-silvia-nair\/"},"author":{"name":"Irene","@id":"https:\/\/www.alabianca.it\/it\/#\/schema\/person\/42a393c26bf819be62e5fe5967bb8de8"},"headline":"&#8220;Bentornato pap\u00e0&#8221;, al cinema il film con le musiche di Silvia Nair","datePublished":"2021-10-07T11:00:19+00:00","mainEntityOfPage":{"@id":"https:\/\/www.alabianca.it\/it\/notizie\/bentornato-papa-al-cinema-il-film-con-le-musiche-di-silvia-nair\/"},"wordCount":380,"commentCount":0,"publisher":{"@id":"https:\/\/www.alabianca.it\/it\/#organization"},"image":{"@id":"https:\/\/www.alabianca.it\/it\/notizie\/bentornato-papa-al-cinema-il-film-con-le-musiche-di-silvia-nair\/#primaryimage"},"thumbnailUrl":"https:\/\/www.alabianca.it\/wp-content\/uploads\/2021\/10\/image001-scaled.jpg","keywords":["ala bianca","ala bianca records","altre storie","bentornato pap\u00e0","cinema","colonna sonora","colonne sonore","domenico fortunato","fuori","musiche originali","nelle sale","rai cinema","silvia nair"],"articleSection":["Notizie"],"inLanguage":"it-IT","potentialAction":[{"@type":"CommentAction","name":"Comment","target":["https:\/\/www.alabianca.it\/it\/notizie\/bentornato-papa-al-cinema-il-film-con-le-musiche-di-silvia-nair\/#respond"]}]},{"@type":"WebPage","@id":"https:\/\/www.alabianca.it\/it\/notizie\/bentornato-papa-al-cinema-il-film-con-le-musiche-di-silvia-nair\/","url":"https:\/\/www.alabianca.it\/it\/notizie\/bentornato-papa-al-cinema-il-film-con-le-musiche-di-silvia-nair\/","name":"\"Bentornato pap\u00e0\", al cinema il film con le musiche di Silvia Nair | Ala Bianca","isPartOf":{"@id":"https:\/\/www.alabianca.it\/it\/#website"},"primaryImageOfPage":{"@id":"https:\/\/www.alabianca.it\/it\/notizie\/bentornato-papa-al-cinema-il-film-con-le-musiche-di-silvia-nair\/#primaryimage"},"image":{"@id":"https:\/\/www.alabianca.it\/it\/notizie\/bentornato-papa-al-cinema-il-film-con-le-musiche-di-silvia-nair\/#primaryimage"},"thumbnailUrl":"https:\/\/www.alabianca.it\/wp-content\/uploads\/2021\/10\/image001-scaled.jpg","datePublished":"2021-10-07T11:00:19+00:00","description":"Leggi \"Bentornato pap\u00e0\", al cinema il film con le musiche di Silvia Nair su Ala Bianca Group Editore e produttore discografico a Modena","breadcrumb":{"@id":"https:\/\/www.alabianca.it\/it\/notizie\/bentornato-papa-al-cinema-il-film-con-le-musiche-di-silvia-nair\/#breadcrumb"},"inLanguage":"it-IT","potentialAction":[{"@type":"ReadAction","target":["https:\/\/www.alabianca.it\/it\/notizie\/bentornato-papa-al-cinema-il-film-con-le-musiche-di-silvia-nair\/"]}]},{"@type":"ImageObject","inLanguage":"it-IT","@id":"https:\/\/www.alabianca.it\/it\/notizie\/bentornato-papa-al-cinema-il-film-con-le-musiche-di-silvia-nair\/#primaryimage","url":"https:\/\/www.alabianca.it\/wp-content\/uploads\/2021\/10\/image001-scaled.jpg","contentUrl":"https:\/\/www.alabianca.it\/wp-content\/uploads\/2021\/10\/image001-scaled.jpg","width":1792,"height":2560,"caption":"bentornato pap\u00e0 locandina cinema 7 ottobre silvia nair colonna sonora"},{"@type":"BreadcrumbList","@id":"https:\/\/www.alabianca.it\/it\/notizie\/bentornato-papa-al-cinema-il-film-con-le-musiche-di-silvia-nair\/#breadcrumb","itemListElement":[{"@type":"ListItem","position":1,"name":"Home","item":"https:\/\/www.alabianca.it\/it\/"},{"@type":"ListItem","position":2,"name":"&#8220;Bentornato pap\u00e0&#8221;, al cinema il film con le musiche di Silvia Nair"}]},{"@type":"WebSite","@id":"https:\/\/www.alabianca.it\/it\/#website","url":"https:\/\/www.alabianca.it\/it\/","name":"Ala Bianca Group","description":"Editore e produttore discografico","publisher":{"@id":"https:\/\/www.alabianca.it\/it\/#organization"},"potentialAction":[{"@type":"SearchAction","target":{"@type":"EntryPoint","urlTemplate":"https:\/\/www.alabianca.it\/it\/?s={search_term_string}"},"query-input":{"@type":"PropertyValueSpecification","valueRequired":true,"valueName":"search_term_string"}}],"inLanguage":"it-IT"},{"@type":"Organization","@id":"https:\/\/www.alabianca.it\/it\/#organization","name":"Alabianca Group S.r.l.","url":"https:\/\/www.alabianca.it\/it\/","logo":{"@type":"ImageObject","inLanguage":"it-IT","@id":"https:\/\/www.alabianca.it\/it\/#\/schema\/logo\/image\/","url":"https:\/\/www.alabianca.it\/wp-content\/uploads\/2018\/01\/alabianca-records-logo-2018-h-3.png","contentUrl":"https:\/\/www.alabianca.it\/wp-content\/uploads\/2018\/01\/alabianca-records-logo-2018-h-3.png","width":345,"height":133,"caption":"Alabianca Group S.r.l."},"image":{"@id":"https:\/\/www.alabianca.it\/it\/#\/schema\/logo\/image\/"}},{"@type":"Person","@id":"https:\/\/www.alabianca.it\/it\/#\/schema\/person\/42a393c26bf819be62e5fe5967bb8de8","name":"Irene","url":"https:\/\/www.alabianca.it\/it\/author\/irene\/"}]}},"_links":{"self":[{"href":"https:\/\/www.alabianca.it\/it\/wp-json\/wp\/v2\/posts\/18557","targetHints":{"allow":["GET"]}}],"collection":[{"href":"https:\/\/www.alabianca.it\/it\/wp-json\/wp\/v2\/posts"}],"about":[{"href":"https:\/\/www.alabianca.it\/it\/wp-json\/wp\/v2\/types\/post"}],"author":[{"embeddable":true,"href":"https:\/\/www.alabianca.it\/it\/wp-json\/wp\/v2\/users\/65"}],"replies":[{"embeddable":true,"href":"https:\/\/www.alabianca.it\/it\/wp-json\/wp\/v2\/comments?post=18557"}],"version-history":[{"count":2,"href":"https:\/\/www.alabianca.it\/it\/wp-json\/wp\/v2\/posts\/18557\/revisions"}],"predecessor-version":[{"id":18561,"href":"https:\/\/www.alabianca.it\/it\/wp-json\/wp\/v2\/posts\/18557\/revisions\/18561"}],"wp:featuredmedia":[{"embeddable":true,"href":"https:\/\/www.alabianca.it\/it\/wp-json\/wp\/v2\/media\/18558"}],"wp:attachment":[{"href":"https:\/\/www.alabianca.it\/it\/wp-json\/wp\/v2\/media?parent=18557"}],"wp:term":[{"taxonomy":"category","embeddable":true,"href":"https:\/\/www.alabianca.it\/it\/wp-json\/wp\/v2\/categories?post=18557"},{"taxonomy":"post_tag","embeddable":true,"href":"https:\/\/www.alabianca.it\/it\/wp-json\/wp\/v2\/tags?post=18557"}],"curies":[{"name":"wp","href":"https:\/\/api.w.org\/{rel}","templated":true}]}}