{"id":18574,"date":"2021-10-21T08:34:06","date_gmt":"2021-10-21T08:34:06","guid":{"rendered":"https:\/\/www.alabianca.it\/?p=18574"},"modified":"2022-09-27T08:02:00","modified_gmt":"2022-09-27T08:02:00","slug":"bentornato-papa-la-colonna-sonora-di-silvia-nair","status":"publish","type":"post","link":"https:\/\/www.alabianca.it\/it\/notizie\/bentornato-papa-la-colonna-sonora-di-silvia-nair\/","title":{"rendered":"Silvia Nair firma la colonna sonora di &#8220;Bentornato pap\u00e0&#8221;, il film di Domenico Fortunato"},"content":{"rendered":"<div class=\"wpb-content-wrapper\"><p>[vc_row][vc_column][vc_column_text]<\/p>\n<p style=\"font-weight: 400;\"><strong>Disponibile<\/strong><strong>\u00a0su tutte le piattaforme digitali e in digital download \u201c<em>BENTORNATO PAP\u00c0<\/em><\/strong>\u201d, colonna sonora del <strong>film di Domenico Fortunato, <\/strong>presentato in anteprima al <a href=\"https:\/\/www.bifest.it\/\">Bif&amp;st 2021<\/a><strong>, firmata dalla cantante, pianista e compositrice <a href=\"https:\/\/www.alabianca.it\/artisti\/silvia-nair\/\">Silvia Nair<\/a>, edita e prodotta da <a href=\"https:\/\/www.alabianca.it\/chi-siamo\/\">Ala Bianca<\/a>.<\/strong><\/p>\n<p style=\"font-weight: 400;\">Dieci composizioni strumentali che raccontano musicalmente le emozioni dei personaggi, l\u2019intensit\u00e0 degli eventi e l\u2019evolversi della narrazione. In alcune \u00e8 protagonista il pianoforte, in altre lo \u00e8 una formazione da camera (piano, clarinetto, violino, violoncello e contrabbasso), in altre ancora il piano dialoga con un ensemble d\u2019archi.<\/p>\n<p>&nbsp;<\/p>\n<h3>Silvia Nair parla della colonna sonora di <em>Bentornato pap\u00e0<\/em><\/h3>\n<blockquote>\n<p style=\"font-weight: 400; padding-left: 40px;\"><em>Quando ho visto la prima volta \u201cBentornato pap\u00e0\u201d mi ha colpito la sua forte carica emotiva, la sincerit\u00e0 e l\u2019intensit\u00e0 del racconto della storia familiare. Mi ha fatto rivivere eventi e dinamiche personali, toccandomi nel profondo. Cos\u00ec ho accettato con slancio di realizzarne la colonna sonora. <\/em><\/p>\n<p style=\"font-weight: 400; padding-left: 40px;\"><em>Il regista Domenico Fortunato e il produttore Cesare Fragnelli volevano musiche di stile classico, caratterizzate da pianoforte ed archi. Nessuna atmosfera minimale, niente elettronica, ma temi melodici precisi, importanti. La sfida era quella di sottolineare musicalmente il messaggio del film sulla fragilit\u00e0 della vita, sul dramma della malattia e della morte e, al contempo, sulla forza dell\u2019amore e sull\u2019importanza della famiglia. <\/em><\/p>\n<p style=\"font-weight: 400; padding-left: 40px;\"><em>Ho creato per i momenti drammatici melodie che evocano il mondo classico e per i momenti pi\u00f9 sereni temi ariosi, come il brano cantabile anni \u201860 &#8220;Andrea e Claudia\u201d. Ne \u00e8 uscita una colonna sonora coinvolgente.<\/em><\/p>\n<\/blockquote>\n<p>[\/vc_column_text][\/vc_column][\/vc_row][vc_row][vc_column][vc_single_image image=&#8221;18578&#8243; img_size=&#8221;medium&#8221; alignment=&#8221;center&#8221;][vc_btn title=&#8221;Spotify&#8221; shape=&#8221;round&#8221; color=&#8221;success&#8221; align=&#8221;center&#8221; i_icon_fontawesome=&#8221;fab fa-spotify&#8221; add_icon=&#8221;true&#8221; link=&#8221;url:https%3A%2F%2Fopen.spotify.com%2Falbum%2F0FzdeKq42lrppTAczrCLYM&#8221;][vc_btn title=&#8221;Apple Music&#8221; shape=&#8221;round&#8221; color=&#8221;default&#8221; align=&#8221;center&#8221; i_icon_fontawesome=&#8221;fab fa-apple&#8221; add_icon=&#8221;true&#8221; link=&#8221;url:https%3A%2F%2Fmusic.apple.com%2Falbum%2F1590118061&#8243;][vc_btn title=&#8221;YouTube Music&#8221; shape=&#8221;round&#8221; color=&#8221;danger&#8221; align=&#8221;center&#8221; i_icon_fontawesome=&#8221;fab fa-youtube&#8221; add_icon=&#8221;true&#8221; link=&#8221;url:https%3A%2F%2Fmusic.youtube.com%2Fplaylist%3Flist%3DOLAK5uy_kX9L9inb2_ebApAMGRPCVAQfjOLaLfcC4%26feature%3Dshare&#8221;][vc_btn title=&#8221;Amazon Music&#8221; shape=&#8221;round&#8221; color=&#8221;orange&#8221; align=&#8221;center&#8221; i_icon_fontawesome=&#8221;fab fa-amazon&#8221; add_icon=&#8221;true&#8221; link=&#8221;url:https%3A%2F%2Fmusic.amazon.com%2Falbums%2FB09JB7QQDD&#8221;][\/vc_column][\/vc_row][vc_row][vc_column][vc_column_text]<\/p>\n<h3><strong><em>Bentornato pap\u00e0<\/em>, il film di Domenico Fortunato<\/strong><\/h3>\n<p>Un\u2019intensa e toccante storia familiare con <strong>Domenico Fortunato<\/strong>, anche nel ruolo di protagonista, <strong>Donatella Finocchiaro<\/strong>, <strong>Riccardo Mandolini<\/strong> (protagonista della serie Netflix <em>Baby<\/em>), l\u2019esordiente <strong>Giuliana Simeone<\/strong>, affiancati da <strong>Dino Abbrescia<\/strong>, <strong>Giorgio Colangeli<\/strong>, <strong>Giulio Beranek<\/strong>, <strong>Silvia Mazzieri<\/strong>, <strong>Sara Putignano <\/strong>e\u00a0<strong>Franco Ferrante<\/strong>.<\/p>\n<p>&nbsp;<\/p>\n<p>Il film racconta la storia di una famiglia con legami profondi, nonostante alcune incomprensioni.<\/p>\n<p>Franco, un padre che ha dedicato la vita ai suoi cari e al lavoro. Il figlio Andrea, studente con le proprie ambizioni e inquietudini. La figlia Alessandra, sensibile e con il sogno di diventare maestra. La moglie Anna apprensiva e amorevole. Il fratello, Silvano, a cui \u00e8 molto legato.<\/p>\n<p>Un tragico evento colpisce Franco improvvisamente, sconvolgendo la sua vita e quella dei suoi cari. Per tutti inizia un percorso terapeutico dell\u2019anima alla ricerca di un nuovo equilibrio. Ma tutto cambier\u00e0 ancora una volta.<\/p>\n<p><strong>Domenico Fortunato<\/strong> parla del film:<\/p>\n<p>&nbsp;<\/p>\n<blockquote>\n<p style=\"padding-left: 40px;\"><em>\u00c8 un film che racconta la vita, quella \u2018bella\u2019, semplice, potente e piena d\u2019amore.<\/em><\/p>\n<p style=\"padding-left: 40px;\"><em>La malattia non \u00e8 solo un momento doloroso, \u00e8 anche la possibilit\u00e0 di abbattere quei muri costruiti involontariamente negli anni, fatti di silenzi e di incomprensioni, l\u2019occasione di riavvicinarsi, di crescere. <\/em><\/p>\n<p style=\"padding-left: 40px;\"><em>Ringrazio quindi Altre Storie, Rai Cinema per aver creduto in me e spero che il pubblico lo apprezzi.<\/em><\/p>\n<\/blockquote>\n<p>&nbsp;<\/p>\n<p style=\"text-align: center;\"><iframe loading=\"lazy\" title=\"YouTube video player\" src=\"https:\/\/www.youtube.com\/embed\/3pNawERlhYY\" width=\"900\" height=\"500\" frameborder=\"0\" allowfullscreen=\"allowfullscreen\"><\/iframe><\/p>\n<p>[\/vc_column_text][\/vc_column][\/vc_row]<\/p>\n<\/div>","protected":false},"excerpt":{"rendered":"<p>[vc_row][vc_column][vc_column_text] Disponibile\u00a0su tutte le piattaforme digitali e in digital download \u201cBENTORNATO PAP\u00c0\u201d, colonna sonora del film di Domenico Fortunato, presentato in anteprima al Bif&amp;st 2021, firmata dalla cantante, pianista e compositrice Silvia Nair, edita e prodotta da Ala Bianca. Dieci composizioni strumentali che raccontano musicalmente le emozioni dei personaggi, l\u2019intensit\u00e0 degli eventi e l\u2019evolversi della [&hellip;]<\/p>\n","protected":false},"author":65,"featured_media":18578,"comment_status":"open","ping_status":"closed","sticky":false,"template":"","format":"standard","meta":{"_acf_changed":false,"footnotes":""},"categories":[7],"tags":[1870,1617,2187,2196,2183,2199,1567,1179,1629,2198,2186,2197,1505,1596,1566],"class_list":["post-18574","post","type-post","status-publish","format-standard","has-post-thumbnail","hentry","category-notizie","tag-ala-bianca","tag-ala-bianca-records","tag-altre-storie","tag-ascolto","tag-bentornato-papa","tag-bifst","tag-colonna-sonora","tag-colonne-sonore","tag-compositore","tag-compositrice","tag-domenico-fortunato","tag-donna","tag-film","tag-musiche-originali","tag-silvia-nair"],"acf":[],"yoast_head":"<!-- This site is optimized with the Yoast SEO plugin v27.4 - https:\/\/yoast.com\/product\/yoast-seo-wordpress\/ -->\n<title>Silvia Nair firma la colonna sonora di &quot;Bentornato pap\u00e0&quot;, il film di Domenico Fortunato - Ala Bianca Group<\/title>\n<meta name=\"description\" content=\"Silvia Nair firma la colonna sonora di &quot;Bentornato pap\u00e0&quot;, il film di Domenico Fortunato\" \/>\n<meta name=\"robots\" content=\"index, follow, max-snippet:-1, max-image-preview:large, max-video-preview:-1\" \/>\n<link rel=\"canonical\" href=\"https:\/\/www.alabianca.it\/it\/notizie\/bentornato-papa-la-colonna-sonora-di-silvia-nair\/\" \/>\n<meta property=\"og:locale\" content=\"it_IT\" \/>\n<meta property=\"og:type\" content=\"article\" \/>\n<meta property=\"og:title\" content=\"Silvia Nair firma la colonna sonora di &quot;Bentornato pap\u00e0&quot;, il film di Domenico Fortunato - Ala Bianca Group\" \/>\n<meta property=\"og:description\" content=\"Silvia Nair firma la colonna sonora di &quot;Bentornato pap\u00e0&quot;, il film di Domenico Fortunato\" \/>\n<meta property=\"og:url\" content=\"https:\/\/www.alabianca.it\/it\/notizie\/bentornato-papa-la-colonna-sonora-di-silvia-nair\/\" \/>\n<meta property=\"og:site_name\" content=\"Ala Bianca Group\" \/>\n<meta property=\"article:published_time\" content=\"2021-10-21T08:34:06+00:00\" \/>\n<meta property=\"article:modified_time\" content=\"2022-09-27T08:02:00+00:00\" \/>\n<meta property=\"og:image\" content=\"https:\/\/www.alabianca.it\/wp-content\/uploads\/2021\/10\/full-1024x1024.png\" \/>\n\t<meta property=\"og:image:width\" content=\"1024\" \/>\n\t<meta property=\"og:image:height\" content=\"1024\" \/>\n\t<meta property=\"og:image:type\" content=\"image\/png\" \/>\n<meta name=\"author\" content=\"Irene\" \/>\n<meta name=\"twitter:card\" content=\"summary_large_image\" \/>\n<meta name=\"twitter:label1\" content=\"Scritto da\" \/>\n\t<meta name=\"twitter:data1\" content=\"Irene\" \/>\n\t<meta name=\"twitter:label2\" content=\"Tempo di lettura stimato\" \/>\n\t<meta name=\"twitter:data2\" content=\"3 minuti\" \/>\n<script type=\"application\/ld+json\" class=\"yoast-schema-graph\">{\"@context\":\"https:\\\/\\\/schema.org\",\"@graph\":[{\"@type\":\"Article\",\"@id\":\"https:\\\/\\\/www.alabianca.it\\\/it\\\/notizie\\\/bentornato-papa-la-colonna-sonora-di-silvia-nair\\\/#article\",\"isPartOf\":{\"@id\":\"https:\\\/\\\/www.alabianca.it\\\/it\\\/notizie\\\/bentornato-papa-la-colonna-sonora-di-silvia-nair\\\/\"},\"author\":{\"name\":\"Irene\",\"@id\":\"https:\\\/\\\/www.alabianca.it\\\/it\\\/#\\\/schema\\\/person\\\/42a393c26bf819be62e5fe5967bb8de8\"},\"headline\":\"Silvia Nair firma la colonna sonora di &#8220;Bentornato pap\u00e0&#8221;, il film di Domenico Fortunato\",\"datePublished\":\"2021-10-21T08:34:06+00:00\",\"dateModified\":\"2022-09-27T08:02:00+00:00\",\"mainEntityOfPage\":{\"@id\":\"https:\\\/\\\/www.alabianca.it\\\/it\\\/notizie\\\/bentornato-papa-la-colonna-sonora-di-silvia-nair\\\/\"},\"wordCount\":644,\"commentCount\":0,\"publisher\":{\"@id\":\"https:\\\/\\\/www.alabianca.it\\\/it\\\/#organization\"},\"image\":{\"@id\":\"https:\\\/\\\/www.alabianca.it\\\/it\\\/notizie\\\/bentornato-papa-la-colonna-sonora-di-silvia-nair\\\/#primaryimage\"},\"thumbnailUrl\":\"https:\\\/\\\/www.alabianca.it\\\/wp-content\\\/uploads\\\/2021\\\/10\\\/full.png\",\"keywords\":[\"ala bianca\",\"ala bianca records\",\"altre storie\",\"ascolto\",\"bentornato pap\u00e0\",\"bif&amp;st\",\"colonna sonora\",\"colonne sonore\",\"compositore\",\"compositrice\",\"domenico fortunato\",\"donna\",\"Film\",\"musiche originali\",\"silvia nair\"],\"articleSection\":[\"Notizie\"],\"inLanguage\":\"it-IT\",\"potentialAction\":[{\"@type\":\"CommentAction\",\"name\":\"Comment\",\"target\":[\"https:\\\/\\\/www.alabianca.it\\\/it\\\/notizie\\\/bentornato-papa-la-colonna-sonora-di-silvia-nair\\\/#respond\"]}]},{\"@type\":\"WebPage\",\"@id\":\"https:\\\/\\\/www.alabianca.it\\\/it\\\/notizie\\\/bentornato-papa-la-colonna-sonora-di-silvia-nair\\\/\",\"url\":\"https:\\\/\\\/www.alabianca.it\\\/it\\\/notizie\\\/bentornato-papa-la-colonna-sonora-di-silvia-nair\\\/\",\"name\":\"Silvia Nair firma la colonna sonora di \\\"Bentornato pap\u00e0\\\", il film di Domenico Fortunato - Ala Bianca Group\",\"isPartOf\":{\"@id\":\"https:\\\/\\\/www.alabianca.it\\\/it\\\/#website\"},\"primaryImageOfPage\":{\"@id\":\"https:\\\/\\\/www.alabianca.it\\\/it\\\/notizie\\\/bentornato-papa-la-colonna-sonora-di-silvia-nair\\\/#primaryimage\"},\"image\":{\"@id\":\"https:\\\/\\\/www.alabianca.it\\\/it\\\/notizie\\\/bentornato-papa-la-colonna-sonora-di-silvia-nair\\\/#primaryimage\"},\"thumbnailUrl\":\"https:\\\/\\\/www.alabianca.it\\\/wp-content\\\/uploads\\\/2021\\\/10\\\/full.png\",\"datePublished\":\"2021-10-21T08:34:06+00:00\",\"dateModified\":\"2022-09-27T08:02:00+00:00\",\"description\":\"Silvia Nair firma la colonna sonora di \\\"Bentornato pap\u00e0\\\", il film di Domenico Fortunato\",\"breadcrumb\":{\"@id\":\"https:\\\/\\\/www.alabianca.it\\\/it\\\/notizie\\\/bentornato-papa-la-colonna-sonora-di-silvia-nair\\\/#breadcrumb\"},\"inLanguage\":\"it-IT\",\"potentialAction\":[{\"@type\":\"ReadAction\",\"target\":[\"https:\\\/\\\/www.alabianca.it\\\/it\\\/notizie\\\/bentornato-papa-la-colonna-sonora-di-silvia-nair\\\/\"]}]},{\"@type\":\"ImageObject\",\"inLanguage\":\"it-IT\",\"@id\":\"https:\\\/\\\/www.alabianca.it\\\/it\\\/notizie\\\/bentornato-papa-la-colonna-sonora-di-silvia-nair\\\/#primaryimage\",\"url\":\"https:\\\/\\\/www.alabianca.it\\\/wp-content\\\/uploads\\\/2021\\\/10\\\/full.png\",\"contentUrl\":\"https:\\\/\\\/www.alabianca.it\\\/wp-content\\\/uploads\\\/2021\\\/10\\\/full.png\",\"width\":1400,\"height\":1400,\"caption\":\"Bentornato pap\u00e0 colonna sonora originale musiche di silvia nair viscardini\"},{\"@type\":\"BreadcrumbList\",\"@id\":\"https:\\\/\\\/www.alabianca.it\\\/it\\\/notizie\\\/bentornato-papa-la-colonna-sonora-di-silvia-nair\\\/#breadcrumb\",\"itemListElement\":[{\"@type\":\"ListItem\",\"position\":1,\"name\":\"Home\",\"item\":\"https:\\\/\\\/www.alabianca.it\\\/it\\\/\"},{\"@type\":\"ListItem\",\"position\":2,\"name\":\"Silvia Nair firma la colonna sonora di &#8220;Bentornato pap\u00e0&#8221;, il film di Domenico Fortunato\"}]},{\"@type\":\"WebSite\",\"@id\":\"https:\\\/\\\/www.alabianca.it\\\/it\\\/#website\",\"url\":\"https:\\\/\\\/www.alabianca.it\\\/it\\\/\",\"name\":\"Ala Bianca Group\",\"description\":\"Editore e produttore discografico\",\"publisher\":{\"@id\":\"https:\\\/\\\/www.alabianca.it\\\/it\\\/#organization\"},\"potentialAction\":[{\"@type\":\"SearchAction\",\"target\":{\"@type\":\"EntryPoint\",\"urlTemplate\":\"https:\\\/\\\/www.alabianca.it\\\/it\\\/?s={search_term_string}\"},\"query-input\":{\"@type\":\"PropertyValueSpecification\",\"valueRequired\":true,\"valueName\":\"search_term_string\"}}],\"inLanguage\":\"it-IT\"},{\"@type\":\"Organization\",\"@id\":\"https:\\\/\\\/www.alabianca.it\\\/it\\\/#organization\",\"name\":\"Alabianca Group S.r.l.\",\"url\":\"https:\\\/\\\/www.alabianca.it\\\/it\\\/\",\"logo\":{\"@type\":\"ImageObject\",\"inLanguage\":\"it-IT\",\"@id\":\"https:\\\/\\\/www.alabianca.it\\\/it\\\/#\\\/schema\\\/logo\\\/image\\\/\",\"url\":\"https:\\\/\\\/www.alabianca.it\\\/wp-content\\\/uploads\\\/2018\\\/01\\\/alabianca-records-logo-2018-h-3.png\",\"contentUrl\":\"https:\\\/\\\/www.alabianca.it\\\/wp-content\\\/uploads\\\/2018\\\/01\\\/alabianca-records-logo-2018-h-3.png\",\"width\":345,\"height\":133,\"caption\":\"Alabianca Group S.r.l.\"},\"image\":{\"@id\":\"https:\\\/\\\/www.alabianca.it\\\/it\\\/#\\\/schema\\\/logo\\\/image\\\/\"}},{\"@type\":\"Person\",\"@id\":\"https:\\\/\\\/www.alabianca.it\\\/it\\\/#\\\/schema\\\/person\\\/42a393c26bf819be62e5fe5967bb8de8\",\"name\":\"Irene\",\"url\":\"https:\\\/\\\/www.alabianca.it\\\/it\\\/author\\\/irene\\\/\"}]}<\/script>\n<!-- \/ Yoast SEO plugin. -->","yoast_head_json":{"title":"Silvia Nair firma la colonna sonora di \"Bentornato pap\u00e0\", il film di Domenico Fortunato - Ala Bianca Group","description":"Silvia Nair firma la colonna sonora di \"Bentornato pap\u00e0\", il film di Domenico Fortunato","robots":{"index":"index","follow":"follow","max-snippet":"max-snippet:-1","max-image-preview":"max-image-preview:large","max-video-preview":"max-video-preview:-1"},"canonical":"https:\/\/www.alabianca.it\/it\/notizie\/bentornato-papa-la-colonna-sonora-di-silvia-nair\/","og_locale":"it_IT","og_type":"article","og_title":"Silvia Nair firma la colonna sonora di \"Bentornato pap\u00e0\", il film di Domenico Fortunato - Ala Bianca Group","og_description":"Silvia Nair firma la colonna sonora di \"Bentornato pap\u00e0\", il film di Domenico Fortunato","og_url":"https:\/\/www.alabianca.it\/it\/notizie\/bentornato-papa-la-colonna-sonora-di-silvia-nair\/","og_site_name":"Ala Bianca Group","article_published_time":"2021-10-21T08:34:06+00:00","article_modified_time":"2022-09-27T08:02:00+00:00","og_image":[{"width":1024,"height":1024,"url":"https:\/\/www.alabianca.it\/wp-content\/uploads\/2021\/10\/full-1024x1024.png","type":"image\/png"}],"author":"Irene","twitter_card":"summary_large_image","twitter_misc":{"Scritto da":"Irene","Tempo di lettura stimato":"3 minuti"},"schema":{"@context":"https:\/\/schema.org","@graph":[{"@type":"Article","@id":"https:\/\/www.alabianca.it\/it\/notizie\/bentornato-papa-la-colonna-sonora-di-silvia-nair\/#article","isPartOf":{"@id":"https:\/\/www.alabianca.it\/it\/notizie\/bentornato-papa-la-colonna-sonora-di-silvia-nair\/"},"author":{"name":"Irene","@id":"https:\/\/www.alabianca.it\/it\/#\/schema\/person\/42a393c26bf819be62e5fe5967bb8de8"},"headline":"Silvia Nair firma la colonna sonora di &#8220;Bentornato pap\u00e0&#8221;, il film di Domenico Fortunato","datePublished":"2021-10-21T08:34:06+00:00","dateModified":"2022-09-27T08:02:00+00:00","mainEntityOfPage":{"@id":"https:\/\/www.alabianca.it\/it\/notizie\/bentornato-papa-la-colonna-sonora-di-silvia-nair\/"},"wordCount":644,"commentCount":0,"publisher":{"@id":"https:\/\/www.alabianca.it\/it\/#organization"},"image":{"@id":"https:\/\/www.alabianca.it\/it\/notizie\/bentornato-papa-la-colonna-sonora-di-silvia-nair\/#primaryimage"},"thumbnailUrl":"https:\/\/www.alabianca.it\/wp-content\/uploads\/2021\/10\/full.png","keywords":["ala bianca","ala bianca records","altre storie","ascolto","bentornato pap\u00e0","bif&amp;st","colonna sonora","colonne sonore","compositore","compositrice","domenico fortunato","donna","Film","musiche originali","silvia nair"],"articleSection":["Notizie"],"inLanguage":"it-IT","potentialAction":[{"@type":"CommentAction","name":"Comment","target":["https:\/\/www.alabianca.it\/it\/notizie\/bentornato-papa-la-colonna-sonora-di-silvia-nair\/#respond"]}]},{"@type":"WebPage","@id":"https:\/\/www.alabianca.it\/it\/notizie\/bentornato-papa-la-colonna-sonora-di-silvia-nair\/","url":"https:\/\/www.alabianca.it\/it\/notizie\/bentornato-papa-la-colonna-sonora-di-silvia-nair\/","name":"Silvia Nair firma la colonna sonora di \"Bentornato pap\u00e0\", il film di Domenico Fortunato - Ala Bianca Group","isPartOf":{"@id":"https:\/\/www.alabianca.it\/it\/#website"},"primaryImageOfPage":{"@id":"https:\/\/www.alabianca.it\/it\/notizie\/bentornato-papa-la-colonna-sonora-di-silvia-nair\/#primaryimage"},"image":{"@id":"https:\/\/www.alabianca.it\/it\/notizie\/bentornato-papa-la-colonna-sonora-di-silvia-nair\/#primaryimage"},"thumbnailUrl":"https:\/\/www.alabianca.it\/wp-content\/uploads\/2021\/10\/full.png","datePublished":"2021-10-21T08:34:06+00:00","dateModified":"2022-09-27T08:02:00+00:00","description":"Silvia Nair firma la colonna sonora di \"Bentornato pap\u00e0\", il film di Domenico Fortunato","breadcrumb":{"@id":"https:\/\/www.alabianca.it\/it\/notizie\/bentornato-papa-la-colonna-sonora-di-silvia-nair\/#breadcrumb"},"inLanguage":"it-IT","potentialAction":[{"@type":"ReadAction","target":["https:\/\/www.alabianca.it\/it\/notizie\/bentornato-papa-la-colonna-sonora-di-silvia-nair\/"]}]},{"@type":"ImageObject","inLanguage":"it-IT","@id":"https:\/\/www.alabianca.it\/it\/notizie\/bentornato-papa-la-colonna-sonora-di-silvia-nair\/#primaryimage","url":"https:\/\/www.alabianca.it\/wp-content\/uploads\/2021\/10\/full.png","contentUrl":"https:\/\/www.alabianca.it\/wp-content\/uploads\/2021\/10\/full.png","width":1400,"height":1400,"caption":"Bentornato pap\u00e0 colonna sonora originale musiche di silvia nair viscardini"},{"@type":"BreadcrumbList","@id":"https:\/\/www.alabianca.it\/it\/notizie\/bentornato-papa-la-colonna-sonora-di-silvia-nair\/#breadcrumb","itemListElement":[{"@type":"ListItem","position":1,"name":"Home","item":"https:\/\/www.alabianca.it\/it\/"},{"@type":"ListItem","position":2,"name":"Silvia Nair firma la colonna sonora di &#8220;Bentornato pap\u00e0&#8221;, il film di Domenico Fortunato"}]},{"@type":"WebSite","@id":"https:\/\/www.alabianca.it\/it\/#website","url":"https:\/\/www.alabianca.it\/it\/","name":"Ala Bianca Group","description":"Editore e produttore discografico","publisher":{"@id":"https:\/\/www.alabianca.it\/it\/#organization"},"potentialAction":[{"@type":"SearchAction","target":{"@type":"EntryPoint","urlTemplate":"https:\/\/www.alabianca.it\/it\/?s={search_term_string}"},"query-input":{"@type":"PropertyValueSpecification","valueRequired":true,"valueName":"search_term_string"}}],"inLanguage":"it-IT"},{"@type":"Organization","@id":"https:\/\/www.alabianca.it\/it\/#organization","name":"Alabianca Group S.r.l.","url":"https:\/\/www.alabianca.it\/it\/","logo":{"@type":"ImageObject","inLanguage":"it-IT","@id":"https:\/\/www.alabianca.it\/it\/#\/schema\/logo\/image\/","url":"https:\/\/www.alabianca.it\/wp-content\/uploads\/2018\/01\/alabianca-records-logo-2018-h-3.png","contentUrl":"https:\/\/www.alabianca.it\/wp-content\/uploads\/2018\/01\/alabianca-records-logo-2018-h-3.png","width":345,"height":133,"caption":"Alabianca Group S.r.l."},"image":{"@id":"https:\/\/www.alabianca.it\/it\/#\/schema\/logo\/image\/"}},{"@type":"Person","@id":"https:\/\/www.alabianca.it\/it\/#\/schema\/person\/42a393c26bf819be62e5fe5967bb8de8","name":"Irene","url":"https:\/\/www.alabianca.it\/it\/author\/irene\/"}]}},"_links":{"self":[{"href":"https:\/\/www.alabianca.it\/it\/wp-json\/wp\/v2\/posts\/18574","targetHints":{"allow":["GET"]}}],"collection":[{"href":"https:\/\/www.alabianca.it\/it\/wp-json\/wp\/v2\/posts"}],"about":[{"href":"https:\/\/www.alabianca.it\/it\/wp-json\/wp\/v2\/types\/post"}],"author":[{"embeddable":true,"href":"https:\/\/www.alabianca.it\/it\/wp-json\/wp\/v2\/users\/65"}],"replies":[{"embeddable":true,"href":"https:\/\/www.alabianca.it\/it\/wp-json\/wp\/v2\/comments?post=18574"}],"version-history":[{"count":10,"href":"https:\/\/www.alabianca.it\/it\/wp-json\/wp\/v2\/posts\/18574\/revisions"}],"predecessor-version":[{"id":19685,"href":"https:\/\/www.alabianca.it\/it\/wp-json\/wp\/v2\/posts\/18574\/revisions\/19685"}],"wp:featuredmedia":[{"embeddable":true,"href":"https:\/\/www.alabianca.it\/it\/wp-json\/wp\/v2\/media\/18578"}],"wp:attachment":[{"href":"https:\/\/www.alabianca.it\/it\/wp-json\/wp\/v2\/media?parent=18574"}],"wp:term":[{"taxonomy":"category","embeddable":true,"href":"https:\/\/www.alabianca.it\/it\/wp-json\/wp\/v2\/categories?post=18574"},{"taxonomy":"post_tag","embeddable":true,"href":"https:\/\/www.alabianca.it\/it\/wp-json\/wp\/v2\/tags?post=18574"}],"curies":[{"name":"wp","href":"https:\/\/api.w.org\/{rel}","templated":true}]}}