{"id":18592,"date":"2021-10-22T12:44:41","date_gmt":"2021-10-22T12:44:41","guid":{"rendered":"https:\/\/www.alabianca.it\/?p=18592"},"modified":"2021-10-22T12:46:06","modified_gmt":"2021-10-22T12:46:06","slug":"bella-ciao-la-vera-storia-del-canto-popolare-piu-famoso-al-mondo","status":"publish","type":"post","link":"https:\/\/www.alabianca.it\/it\/notizie\/bella-ciao-la-vera-storia-del-canto-popolare-piu-famoso-al-mondo\/","title":{"rendered":"Bella Ciao. La vera storia del canto popolare pi\u00f9 famoso al mondo."},"content":{"rendered":"<div class=\"wpb-content-wrapper\"><p>[vc_row][vc_column][vc_column_text]<\/p>\n<h2>Intervista a Toni Verona, di Ala Bianca Group srl, in occasione dell\u2019anteprima italiana il 25 ottobre su History Channel (canale 411 di Sky).<\/h2>\n<p>[\/vc_column_text][vc_single_image image=&#8221;18594&#8243; img_size=&#8221;large&#8221; alignment=&#8221;center&#8221;][\/vc_column][\/vc_row][vc_row][vc_column][vc_column_text]<b>Ala Bianca<\/b><span style=\"font-weight: 400;\"> nasce nel 1978 come casa editrice musicale ma \u00e8 qualche anno dopo, quando <\/span><b>Toni Verona<\/b><span style=\"font-weight: 400;\">, uno dei soci fondatori, decide d\u2019impegnarsi direttamente nella societ\u00e0, che prende le mosse l\u2019attivit\u00e0 discografica.<\/span><span style=\"font-weight: 400;\"><br \/>\n<\/span><span style=\"font-weight: 400;\">\u00c8 la seconda parte degli anni \u201880, \u00e8 il periodo in cui esplode la \u201cdance Made in Italy\u201d e Ala Bianca, pur mantenendo ben solida la parte editoriale, esplora il genere producendo brani che raggiungono il successo internazionale. Lavoro e riconoscimenti permettono all\u2019etichetta di crescere, ampliare la visione e le proprie prospettive intrecciando partnership in tutto il mondo.<\/span><span style=\"font-weight: 400;\"><br \/>\n<\/span><span style=\"font-weight: 400;\">Da allora ad oggi il percorso di Ala Bianca ha affrontato generi diversi, ma con una caratteristica costante: <\/span><b>attenzione e cura dei contenuti<\/b><span style=\"font-weight: 400;\">.<\/span><span style=\"font-weight: 400;\"><br \/>\n<\/span><span style=\"font-weight: 400;\"><br \/>\n<\/span><span style=\"font-weight: 400;\">Nei primi anni \u201890 una collaborazione con il <\/span><b>Club Tenco<\/b><span style=\"font-weight: 400;\"> ha fatto nascere una collana che ha segnato l\u2019inizio del lavoro in ambito cantautorale con figure di primo piano della scena italiana come <\/span><b>Paolo Conte, Fabrizio De Andr\u00e8, Francesco Guccini, Enzo Jannacci ed altri<\/b><span style=\"font-weight: 400;\">. A seguire le prime produzioni di <\/span><b>colonne sonore cinematografiche<\/b><span style=\"font-weight: 400;\"> per film di grande prestigio pluripremiati a livello internazionale. Ma sono <\/span><b>l\u2019interesse e l\u2019impegno legato alla canzone popolare<\/b><span style=\"font-weight: 400;\"> che continuano a fare di Ala Bianca un vero e proprio riferimento.<\/span><span style=\"font-weight: 400;\"><br \/>\n<\/span><span style=\"font-weight: 400;\"><br \/>\n<\/span><span style=\"font-weight: 400;\">L\u2019accordo di collaborazione con l\u2019<\/span><b>Istituto Ernesto De Martino <\/b><span style=\"font-weight: 400;\">ha orientato il lavoro su un genere di enorme <\/span><b>valore storico-culturale<\/b><span style=\"font-weight: 400;\"> e non solo musicale. Un ambito potente e colpevolmente poco considerato in cui \u00e8 stato possibile dare forma a progetti affascinanti e di riscoperta, come la ri-pubblicazione de <\/span><b>I Dischi del Sole<\/b><span style=\"font-weight: 400;\"> a fine anni \u201980-inizi \u201990 che per l\u2019etichetta ha segnato un passaggio fondamentale.<\/span><span style=\"font-weight: 400;\"><br \/>\n<\/span><span style=\"font-weight: 400;\"><br \/>\n<\/span><span style=\"font-weight: 400;\">Tra pochi giorni Ala Bianca vivr\u00e0 un\u2019altra esperienza significativa rispetto al suo rapporto con canzone popolare e lo far\u00e0 con un\u2019opera che riguarda il canto pi\u00f9 iconico nel suo genere: <\/span><b><i>Bella Ciao<\/i><\/b><span style=\"font-weight: 400;\">.<\/span><span style=\"font-weight: 400;\"><br \/>\n<\/span><span style=\"font-weight: 400;\">Il 25 ottobre <\/span><b>History Channel<\/b><span style=\"font-weight: 400;\"> (canale 411 di Sky), trasmetter\u00e0 in prima visione assoluta il docu-film <\/span><b><i>Bella Ciao<\/i><\/b><span style=\"font-weight: 400;\">, co-prodotto da <\/span><b>Millstream Films and Media<\/b><span style=\"font-weight: 400;\"> ed <\/span><b>Ala Bianca Group srl<\/b><span style=\"font-weight: 400;\"> e patrocinato <\/span><b>dall&#8217;ANPI \u2013 Associazione Nazionale Partigiani d\u2019Italia<\/b><span style=\"font-weight: 400;\"> con la regia di <\/span><b>Andrea Vogt<\/b><span style=\"font-weight: 400;\">. <\/span><span style=\"font-weight: 400;\"><br \/>\n<\/span><span style=\"font-weight: 400;\"><br \/>\n<\/span><b>Toni Verona<\/b><span style=\"font-weight: 400;\"> descrive il progetto come un lavoro affascinante nato da un pensiero inatteso che ha preso forma poco per volta. Un\u2019opera che ha richiesto un\u2019attenta attivit\u00e0 di ricerca e che ha incontrato l\u2019entusiasmo di tutti coloro che ne hanno preso parte.<\/span><span style=\"font-weight: 400;\"><br \/>\n<\/span><b><i>Bella Ciao<\/i><\/b><span style=\"font-weight: 400;\"> \u00e8 un canto che ha attraversato le epoche e le generazioni che nasce durante la resistenza senza esserne \u201cil vessillo\u201d perch\u00e9 quel valore lo aveva gi\u00e0 <\/span><i><span style=\"font-weight: 400;\">Fischia il vento <\/span><\/i><span style=\"font-weight: 400;\">che era di derivazione russa e che tutti cantavano con quel significato. <\/span><i><span style=\"font-weight: 400;\">Bella Ciao<\/span><\/i><span style=\"font-weight: 400;\"> rappresenta invece qualcosa che va oltre e che ha assunto il valore che ha oggi perch\u00e9 \u00e8 prima di tutto <\/span><b>un canto di libert\u00e0<\/b><span style=\"font-weight: 400;\">. Unisce, accomuna, fa sentire vicini e diventa patrimonio di tutti perch\u00e9 in quel sentire tutti s\u2019identificano, ha un potere evocativo molto forte ed \u00e8 il <\/span><b>primo canto italiano che acquisisce un\u2019autentica dimensione universale<\/b><span style=\"font-weight: 400;\">.<\/span><span style=\"font-weight: 400;\"><br \/>\n<\/span><span style=\"font-weight: 400;\"><br \/>\n<\/span><span style=\"font-weight: 400;\">Toni Verona ha coinvolto personaggi che attraverso i loro contributi hanno saputo dare sfumature diverse al progetto documentaristico: da <\/span><b>Fausto Amodei<\/b><span style=\"font-weight: 400;\"> a <\/span><b>Skin<\/b><span style=\"font-weight: 400;\">, da <\/span><b>Giovanna Marini<\/b><span style=\"font-weight: 400;\"> ai <\/span><b>Marlene Kuntz<\/b><span style=\"font-weight: 400;\"> fino al <\/span><b>presidente dell\u2019ANPI Gianfranco Pagliarulo<\/b><span style=\"font-weight: 400;\">, ma il docu-film contiene anche le testimonianze di ex partigiani ed altri studiosi, ricercatori, broadcaster quali ad es <\/span><b>Alex Pina<\/b><span style=\"font-weight: 400;\">, ideatore e produttore della famosa serie Netflix: \u2018Casa de papel\u2019<\/span><span style=\"font-weight: 400;\"><br \/>\n<\/span><i><\/i>[\/vc_column_text][vc_single_image image=&#8221;18601&#8243; img_size=&#8221;full&#8221; add_caption=&#8221;yes&#8221; alignment=&#8221;center&#8221;][\/vc_column][\/vc_row][vc_row][vc_column][vc_column_text]<i><span style=\"font-weight: 400;\">Bella Ciao<\/span><\/i><span style=\"font-weight: 400;\"> alterna una parte di carattere pi\u00f9 storico e documentale, in cui non mancano suggestioni e spunti d\u2019interesse, come una sorta di \u201cdisputa sulle origini\u201d pi\u00f9 vicine ai partigiani o alle mondine, con una seconda pi\u00f9 dinamica con passaggi e contenuti decisamente sorprendenti che raggiungono perfino la Thailandia.<\/span><span style=\"font-weight: 400;\"><br \/>\n<\/span><span style=\"font-weight: 400;\"><br \/>\n<\/span><span style=\"font-weight: 400;\">La grande attenzione che Ala Bianca ha da sempre nei confronti della <\/span><b>declinazione visiva di un contenuto musicale<\/b><span style=\"font-weight: 400;\"> ha origine con i videoclip che hanno accompagnato i brani fin dagli anni \u201880, oggi che si vive in un\u2019epoca in cui l\u2019immagine \u00e8 protagonista il videoclip ha cambiato significato, ma un progetto come questo docufilm \u00e8 pi\u00f9 che mai attuale, esattamente come <\/span><i><span style=\"font-weight: 400;\">Bella Ciao<\/span><\/i><span style=\"font-weight: 400;\">.<\/span><\/p>\n<p>&nbsp;<\/p>\n<p><span style=\"font-weight: 400;\">***<\/span><\/p>\n<p>&nbsp;<\/p>\n<p><b><i>Bella Ciao<\/i><\/b><span style=\"font-weight: 400;\"><br \/>\n<\/span><span style=\"font-weight: 400;\">25 ottobre, ore 21.00 <\/span><span style=\"font-weight: 400;\"><br \/>\n<\/span><b>History Channel<\/b><span style=\"font-weight: 400;\"> (canale 411 di Sky<\/span><span style=\"font-weight: 400;\"><br \/>\n<\/span><span style=\"font-weight: 400;\">co-prodotto da <\/span><b>Millstream Films and Media<\/b><span style=\"font-weight: 400;\"> ed <\/span><b>Ala Bianca Group srl<\/b> <span style=\"font-weight: 400;\"><br \/>\n<\/span><span style=\"font-weight: 400;\">Con il patrocinio di <\/span><b>ANPI \u2013 Associazione Nazionale Partigiani d\u2019Italia<\/b> <span style=\"font-weight: 400;\"><br \/>\n<\/span><span style=\"font-weight: 400;\">Regia di <\/span><b>Andrea Vogt<\/b><span style=\"font-weight: 400;\">.<\/span>[\/vc_column_text][\/vc_column][\/vc_row]<\/p>\n<\/div>","protected":false},"excerpt":{"rendered":"<p>[vc_row][vc_column][vc_column_text] Intervista a Toni Verona, di Ala Bianca Group srl, in occasione dell\u2019anteprima italiana il 25 ottobre su History Channel (canale 411 di Sky). [\/vc_column_text][vc_single_image image=&#8221;18594&#8243; img_size=&#8221;large&#8221; alignment=&#8221;center&#8221;][\/vc_column][\/vc_row][vc_row][vc_column][vc_column_text]Ala Bianca nasce nel 1978 come casa editrice musicale ma \u00e8 qualche anno dopo, quando Toni Verona, uno dei soci fondatori, decide d\u2019impegnarsi direttamente nella societ\u00e0, che prende [&hellip;]<\/p>\n","protected":false},"author":65,"featured_media":18599,"comment_status":"open","ping_status":"closed","sticky":false,"template":"","format":"standard","meta":{"_acf_changed":false,"footnotes":""},"categories":[7],"tags":[2218,2220,1957,2222,1590,1534,2221,1918,2216,2219,2223,2217,1441],"class_list":["post-18592","post","type-post","status-publish","format-standard","has-post-thumbnail","hentry","category-notizie","tag-25-ottobre","tag-amodei","tag-andrea-vogt","tag-anpi","tag-anteprima","tag-bella-ciao","tag-casa-di-carta","tag-history-channel","tag-intervista","tag-millstream","tag-partigiani","tag-song-of-rebellion","tag-toni-verona"],"acf":[],"yoast_head":"<!-- This site is optimized with the Yoast SEO plugin v27.4 - https:\/\/yoast.com\/product\/yoast-seo-wordpress\/ -->\n<title>Bella Ciao. La vera storia del canto popolare pi\u00f9 famoso al mondo. | Ala Bianca<\/title>\n<meta name=\"description\" content=\"Leggi Bella Ciao. La vera storia del canto popolare pi\u00f9 famoso al mondo. su Ala Bianca Group Editore e produttore discografico a Modena\" \/>\n<meta name=\"robots\" content=\"index, follow, max-snippet:-1, max-image-preview:large, max-video-preview:-1\" \/>\n<link rel=\"canonical\" href=\"https:\/\/www.alabianca.it\/it\/notizie\/bella-ciao-la-vera-storia-del-canto-popolare-piu-famoso-al-mondo\/\" \/>\n<meta property=\"og:locale\" content=\"it_IT\" \/>\n<meta property=\"og:type\" content=\"article\" \/>\n<meta property=\"og:title\" content=\"Bella Ciao. La vera storia del canto popolare pi\u00f9 famoso al mondo. | Ala Bianca\" \/>\n<meta property=\"og:description\" content=\"Leggi Bella Ciao. La vera storia del canto popolare pi\u00f9 famoso al mondo. su Ala Bianca Group Editore e produttore discografico a Modena\" \/>\n<meta property=\"og:url\" content=\"https:\/\/www.alabianca.it\/it\/notizie\/bella-ciao-la-vera-storia-del-canto-popolare-piu-famoso-al-mondo\/\" \/>\n<meta property=\"og:site_name\" content=\"Ala Bianca Group\" \/>\n<meta property=\"article:published_time\" content=\"2021-10-22T12:44:41+00:00\" \/>\n<meta property=\"article:modified_time\" content=\"2021-10-22T12:46:06+00:00\" \/>\n<meta property=\"og:image\" content=\"https:\/\/www.alabianca.it\/wp-content\/uploads\/2021\/10\/Bella-Ciao-cover-1-1.jpg\" \/>\n\t<meta property=\"og:image:width\" content=\"628\" \/>\n\t<meta property=\"og:image:height\" content=\"628\" \/>\n\t<meta property=\"og:image:type\" content=\"image\/jpeg\" \/>\n<meta name=\"author\" content=\"Irene\" \/>\n<meta name=\"twitter:card\" content=\"summary_large_image\" \/>\n<meta name=\"twitter:label1\" content=\"Scritto da\" \/>\n\t<meta name=\"twitter:data1\" content=\"Irene\" \/>\n\t<meta name=\"twitter:label2\" content=\"Tempo di lettura stimato\" \/>\n\t<meta name=\"twitter:data2\" content=\"4 minuti\" \/>\n<script type=\"application\/ld+json\" class=\"yoast-schema-graph\">{\"@context\":\"https:\\\/\\\/schema.org\",\"@graph\":[{\"@type\":\"Article\",\"@id\":\"https:\\\/\\\/www.alabianca.it\\\/it\\\/notizie\\\/bella-ciao-la-vera-storia-del-canto-popolare-piu-famoso-al-mondo\\\/#article\",\"isPartOf\":{\"@id\":\"https:\\\/\\\/www.alabianca.it\\\/it\\\/notizie\\\/bella-ciao-la-vera-storia-del-canto-popolare-piu-famoso-al-mondo\\\/\"},\"author\":{\"name\":\"Irene\",\"@id\":\"https:\\\/\\\/www.alabianca.it\\\/it\\\/#\\\/schema\\\/person\\\/42a393c26bf819be62e5fe5967bb8de8\"},\"headline\":\"Bella Ciao. La vera storia del canto popolare pi\u00f9 famoso al mondo.\",\"datePublished\":\"2021-10-22T12:44:41+00:00\",\"dateModified\":\"2021-10-22T12:46:06+00:00\",\"mainEntityOfPage\":{\"@id\":\"https:\\\/\\\/www.alabianca.it\\\/it\\\/notizie\\\/bella-ciao-la-vera-storia-del-canto-popolare-piu-famoso-al-mondo\\\/\"},\"wordCount\":794,\"commentCount\":0,\"publisher\":{\"@id\":\"https:\\\/\\\/www.alabianca.it\\\/it\\\/#organization\"},\"image\":{\"@id\":\"https:\\\/\\\/www.alabianca.it\\\/it\\\/notizie\\\/bella-ciao-la-vera-storia-del-canto-popolare-piu-famoso-al-mondo\\\/#primaryimage\"},\"thumbnailUrl\":\"https:\\\/\\\/www.alabianca.it\\\/wp-content\\\/uploads\\\/2021\\\/10\\\/Bella-Ciao-cover-1-1.jpg\",\"keywords\":[\"25 ottobre\",\"amodei\",\"andrea vogt\",\"anpi\",\"anteprima\",\"Bella Ciao\",\"casa di carta\",\"history channel\",\"intervista\",\"millstream\",\"partigiani\",\"song of rebellion\",\"Toni Verona\"],\"articleSection\":[\"Notizie\"],\"inLanguage\":\"it-IT\",\"potentialAction\":[{\"@type\":\"CommentAction\",\"name\":\"Comment\",\"target\":[\"https:\\\/\\\/www.alabianca.it\\\/it\\\/notizie\\\/bella-ciao-la-vera-storia-del-canto-popolare-piu-famoso-al-mondo\\\/#respond\"]}]},{\"@type\":\"WebPage\",\"@id\":\"https:\\\/\\\/www.alabianca.it\\\/it\\\/notizie\\\/bella-ciao-la-vera-storia-del-canto-popolare-piu-famoso-al-mondo\\\/\",\"url\":\"https:\\\/\\\/www.alabianca.it\\\/it\\\/notizie\\\/bella-ciao-la-vera-storia-del-canto-popolare-piu-famoso-al-mondo\\\/\",\"name\":\"Bella Ciao. La vera storia del canto popolare pi\u00f9 famoso al mondo. | Ala Bianca\",\"isPartOf\":{\"@id\":\"https:\\\/\\\/www.alabianca.it\\\/it\\\/#website\"},\"primaryImageOfPage\":{\"@id\":\"https:\\\/\\\/www.alabianca.it\\\/it\\\/notizie\\\/bella-ciao-la-vera-storia-del-canto-popolare-piu-famoso-al-mondo\\\/#primaryimage\"},\"image\":{\"@id\":\"https:\\\/\\\/www.alabianca.it\\\/it\\\/notizie\\\/bella-ciao-la-vera-storia-del-canto-popolare-piu-famoso-al-mondo\\\/#primaryimage\"},\"thumbnailUrl\":\"https:\\\/\\\/www.alabianca.it\\\/wp-content\\\/uploads\\\/2021\\\/10\\\/Bella-Ciao-cover-1-1.jpg\",\"datePublished\":\"2021-10-22T12:44:41+00:00\",\"dateModified\":\"2021-10-22T12:46:06+00:00\",\"description\":\"Leggi Bella Ciao. La vera storia del canto popolare pi\u00f9 famoso al mondo. su Ala Bianca Group Editore e produttore discografico a Modena\",\"breadcrumb\":{\"@id\":\"https:\\\/\\\/www.alabianca.it\\\/it\\\/notizie\\\/bella-ciao-la-vera-storia-del-canto-popolare-piu-famoso-al-mondo\\\/#breadcrumb\"},\"inLanguage\":\"it-IT\",\"potentialAction\":[{\"@type\":\"ReadAction\",\"target\":[\"https:\\\/\\\/www.alabianca.it\\\/it\\\/notizie\\\/bella-ciao-la-vera-storia-del-canto-popolare-piu-famoso-al-mondo\\\/\"]}]},{\"@type\":\"ImageObject\",\"inLanguage\":\"it-IT\",\"@id\":\"https:\\\/\\\/www.alabianca.it\\\/it\\\/notizie\\\/bella-ciao-la-vera-storia-del-canto-popolare-piu-famoso-al-mondo\\\/#primaryimage\",\"url\":\"https:\\\/\\\/www.alabianca.it\\\/wp-content\\\/uploads\\\/2021\\\/10\\\/Bella-Ciao-cover-1-1.jpg\",\"contentUrl\":\"https:\\\/\\\/www.alabianca.it\\\/wp-content\\\/uploads\\\/2021\\\/10\\\/Bella-Ciao-cover-1-1.jpg\",\"width\":628,\"height\":628},{\"@type\":\"BreadcrumbList\",\"@id\":\"https:\\\/\\\/www.alabianca.it\\\/it\\\/notizie\\\/bella-ciao-la-vera-storia-del-canto-popolare-piu-famoso-al-mondo\\\/#breadcrumb\",\"itemListElement\":[{\"@type\":\"ListItem\",\"position\":1,\"name\":\"Home\",\"item\":\"https:\\\/\\\/www.alabianca.it\\\/it\\\/\"},{\"@type\":\"ListItem\",\"position\":2,\"name\":\"Bella Ciao. La vera storia del canto popolare pi\u00f9 famoso al mondo.\"}]},{\"@type\":\"WebSite\",\"@id\":\"https:\\\/\\\/www.alabianca.it\\\/it\\\/#website\",\"url\":\"https:\\\/\\\/www.alabianca.it\\\/it\\\/\",\"name\":\"Ala Bianca Group\",\"description\":\"Editore e produttore discografico\",\"publisher\":{\"@id\":\"https:\\\/\\\/www.alabianca.it\\\/it\\\/#organization\"},\"potentialAction\":[{\"@type\":\"SearchAction\",\"target\":{\"@type\":\"EntryPoint\",\"urlTemplate\":\"https:\\\/\\\/www.alabianca.it\\\/it\\\/?s={search_term_string}\"},\"query-input\":{\"@type\":\"PropertyValueSpecification\",\"valueRequired\":true,\"valueName\":\"search_term_string\"}}],\"inLanguage\":\"it-IT\"},{\"@type\":\"Organization\",\"@id\":\"https:\\\/\\\/www.alabianca.it\\\/it\\\/#organization\",\"name\":\"Alabianca Group S.r.l.\",\"url\":\"https:\\\/\\\/www.alabianca.it\\\/it\\\/\",\"logo\":{\"@type\":\"ImageObject\",\"inLanguage\":\"it-IT\",\"@id\":\"https:\\\/\\\/www.alabianca.it\\\/it\\\/#\\\/schema\\\/logo\\\/image\\\/\",\"url\":\"https:\\\/\\\/www.alabianca.it\\\/wp-content\\\/uploads\\\/2018\\\/01\\\/alabianca-records-logo-2018-h-3.png\",\"contentUrl\":\"https:\\\/\\\/www.alabianca.it\\\/wp-content\\\/uploads\\\/2018\\\/01\\\/alabianca-records-logo-2018-h-3.png\",\"width\":345,\"height\":133,\"caption\":\"Alabianca Group S.r.l.\"},\"image\":{\"@id\":\"https:\\\/\\\/www.alabianca.it\\\/it\\\/#\\\/schema\\\/logo\\\/image\\\/\"}},{\"@type\":\"Person\",\"@id\":\"https:\\\/\\\/www.alabianca.it\\\/it\\\/#\\\/schema\\\/person\\\/42a393c26bf819be62e5fe5967bb8de8\",\"name\":\"Irene\",\"url\":\"https:\\\/\\\/www.alabianca.it\\\/it\\\/author\\\/irene\\\/\"}]}<\/script>\n<!-- \/ Yoast SEO plugin. -->","yoast_head_json":{"title":"Bella Ciao. La vera storia del canto popolare pi\u00f9 famoso al mondo. | Ala Bianca","description":"Leggi Bella Ciao. La vera storia del canto popolare pi\u00f9 famoso al mondo. su Ala Bianca Group Editore e produttore discografico a Modena","robots":{"index":"index","follow":"follow","max-snippet":"max-snippet:-1","max-image-preview":"max-image-preview:large","max-video-preview":"max-video-preview:-1"},"canonical":"https:\/\/www.alabianca.it\/it\/notizie\/bella-ciao-la-vera-storia-del-canto-popolare-piu-famoso-al-mondo\/","og_locale":"it_IT","og_type":"article","og_title":"Bella Ciao. La vera storia del canto popolare pi\u00f9 famoso al mondo. | Ala Bianca","og_description":"Leggi Bella Ciao. La vera storia del canto popolare pi\u00f9 famoso al mondo. su Ala Bianca Group Editore e produttore discografico a Modena","og_url":"https:\/\/www.alabianca.it\/it\/notizie\/bella-ciao-la-vera-storia-del-canto-popolare-piu-famoso-al-mondo\/","og_site_name":"Ala Bianca Group","article_published_time":"2021-10-22T12:44:41+00:00","article_modified_time":"2021-10-22T12:46:06+00:00","og_image":[{"width":628,"height":628,"url":"https:\/\/www.alabianca.it\/wp-content\/uploads\/2021\/10\/Bella-Ciao-cover-1-1.jpg","type":"image\/jpeg"}],"author":"Irene","twitter_card":"summary_large_image","twitter_misc":{"Scritto da":"Irene","Tempo di lettura stimato":"4 minuti"},"schema":{"@context":"https:\/\/schema.org","@graph":[{"@type":"Article","@id":"https:\/\/www.alabianca.it\/it\/notizie\/bella-ciao-la-vera-storia-del-canto-popolare-piu-famoso-al-mondo\/#article","isPartOf":{"@id":"https:\/\/www.alabianca.it\/it\/notizie\/bella-ciao-la-vera-storia-del-canto-popolare-piu-famoso-al-mondo\/"},"author":{"name":"Irene","@id":"https:\/\/www.alabianca.it\/it\/#\/schema\/person\/42a393c26bf819be62e5fe5967bb8de8"},"headline":"Bella Ciao. La vera storia del canto popolare pi\u00f9 famoso al mondo.","datePublished":"2021-10-22T12:44:41+00:00","dateModified":"2021-10-22T12:46:06+00:00","mainEntityOfPage":{"@id":"https:\/\/www.alabianca.it\/it\/notizie\/bella-ciao-la-vera-storia-del-canto-popolare-piu-famoso-al-mondo\/"},"wordCount":794,"commentCount":0,"publisher":{"@id":"https:\/\/www.alabianca.it\/it\/#organization"},"image":{"@id":"https:\/\/www.alabianca.it\/it\/notizie\/bella-ciao-la-vera-storia-del-canto-popolare-piu-famoso-al-mondo\/#primaryimage"},"thumbnailUrl":"https:\/\/www.alabianca.it\/wp-content\/uploads\/2021\/10\/Bella-Ciao-cover-1-1.jpg","keywords":["25 ottobre","amodei","andrea vogt","anpi","anteprima","Bella Ciao","casa di carta","history channel","intervista","millstream","partigiani","song of rebellion","Toni Verona"],"articleSection":["Notizie"],"inLanguage":"it-IT","potentialAction":[{"@type":"CommentAction","name":"Comment","target":["https:\/\/www.alabianca.it\/it\/notizie\/bella-ciao-la-vera-storia-del-canto-popolare-piu-famoso-al-mondo\/#respond"]}]},{"@type":"WebPage","@id":"https:\/\/www.alabianca.it\/it\/notizie\/bella-ciao-la-vera-storia-del-canto-popolare-piu-famoso-al-mondo\/","url":"https:\/\/www.alabianca.it\/it\/notizie\/bella-ciao-la-vera-storia-del-canto-popolare-piu-famoso-al-mondo\/","name":"Bella Ciao. La vera storia del canto popolare pi\u00f9 famoso al mondo. | Ala Bianca","isPartOf":{"@id":"https:\/\/www.alabianca.it\/it\/#website"},"primaryImageOfPage":{"@id":"https:\/\/www.alabianca.it\/it\/notizie\/bella-ciao-la-vera-storia-del-canto-popolare-piu-famoso-al-mondo\/#primaryimage"},"image":{"@id":"https:\/\/www.alabianca.it\/it\/notizie\/bella-ciao-la-vera-storia-del-canto-popolare-piu-famoso-al-mondo\/#primaryimage"},"thumbnailUrl":"https:\/\/www.alabianca.it\/wp-content\/uploads\/2021\/10\/Bella-Ciao-cover-1-1.jpg","datePublished":"2021-10-22T12:44:41+00:00","dateModified":"2021-10-22T12:46:06+00:00","description":"Leggi Bella Ciao. La vera storia del canto popolare pi\u00f9 famoso al mondo. su Ala Bianca Group Editore e produttore discografico a Modena","breadcrumb":{"@id":"https:\/\/www.alabianca.it\/it\/notizie\/bella-ciao-la-vera-storia-del-canto-popolare-piu-famoso-al-mondo\/#breadcrumb"},"inLanguage":"it-IT","potentialAction":[{"@type":"ReadAction","target":["https:\/\/www.alabianca.it\/it\/notizie\/bella-ciao-la-vera-storia-del-canto-popolare-piu-famoso-al-mondo\/"]}]},{"@type":"ImageObject","inLanguage":"it-IT","@id":"https:\/\/www.alabianca.it\/it\/notizie\/bella-ciao-la-vera-storia-del-canto-popolare-piu-famoso-al-mondo\/#primaryimage","url":"https:\/\/www.alabianca.it\/wp-content\/uploads\/2021\/10\/Bella-Ciao-cover-1-1.jpg","contentUrl":"https:\/\/www.alabianca.it\/wp-content\/uploads\/2021\/10\/Bella-Ciao-cover-1-1.jpg","width":628,"height":628},{"@type":"BreadcrumbList","@id":"https:\/\/www.alabianca.it\/it\/notizie\/bella-ciao-la-vera-storia-del-canto-popolare-piu-famoso-al-mondo\/#breadcrumb","itemListElement":[{"@type":"ListItem","position":1,"name":"Home","item":"https:\/\/www.alabianca.it\/it\/"},{"@type":"ListItem","position":2,"name":"Bella Ciao. La vera storia del canto popolare pi\u00f9 famoso al mondo."}]},{"@type":"WebSite","@id":"https:\/\/www.alabianca.it\/it\/#website","url":"https:\/\/www.alabianca.it\/it\/","name":"Ala Bianca Group","description":"Editore e produttore discografico","publisher":{"@id":"https:\/\/www.alabianca.it\/it\/#organization"},"potentialAction":[{"@type":"SearchAction","target":{"@type":"EntryPoint","urlTemplate":"https:\/\/www.alabianca.it\/it\/?s={search_term_string}"},"query-input":{"@type":"PropertyValueSpecification","valueRequired":true,"valueName":"search_term_string"}}],"inLanguage":"it-IT"},{"@type":"Organization","@id":"https:\/\/www.alabianca.it\/it\/#organization","name":"Alabianca Group S.r.l.","url":"https:\/\/www.alabianca.it\/it\/","logo":{"@type":"ImageObject","inLanguage":"it-IT","@id":"https:\/\/www.alabianca.it\/it\/#\/schema\/logo\/image\/","url":"https:\/\/www.alabianca.it\/wp-content\/uploads\/2018\/01\/alabianca-records-logo-2018-h-3.png","contentUrl":"https:\/\/www.alabianca.it\/wp-content\/uploads\/2018\/01\/alabianca-records-logo-2018-h-3.png","width":345,"height":133,"caption":"Alabianca Group S.r.l."},"image":{"@id":"https:\/\/www.alabianca.it\/it\/#\/schema\/logo\/image\/"}},{"@type":"Person","@id":"https:\/\/www.alabianca.it\/it\/#\/schema\/person\/42a393c26bf819be62e5fe5967bb8de8","name":"Irene","url":"https:\/\/www.alabianca.it\/it\/author\/irene\/"}]}},"_links":{"self":[{"href":"https:\/\/www.alabianca.it\/it\/wp-json\/wp\/v2\/posts\/18592","targetHints":{"allow":["GET"]}}],"collection":[{"href":"https:\/\/www.alabianca.it\/it\/wp-json\/wp\/v2\/posts"}],"about":[{"href":"https:\/\/www.alabianca.it\/it\/wp-json\/wp\/v2\/types\/post"}],"author":[{"embeddable":true,"href":"https:\/\/www.alabianca.it\/it\/wp-json\/wp\/v2\/users\/65"}],"replies":[{"embeddable":true,"href":"https:\/\/www.alabianca.it\/it\/wp-json\/wp\/v2\/comments?post=18592"}],"version-history":[{"count":8,"href":"https:\/\/www.alabianca.it\/it\/wp-json\/wp\/v2\/posts\/18592\/revisions"}],"predecessor-version":[{"id":18606,"href":"https:\/\/www.alabianca.it\/it\/wp-json\/wp\/v2\/posts\/18592\/revisions\/18606"}],"wp:featuredmedia":[{"embeddable":true,"href":"https:\/\/www.alabianca.it\/it\/wp-json\/wp\/v2\/media\/18599"}],"wp:attachment":[{"href":"https:\/\/www.alabianca.it\/it\/wp-json\/wp\/v2\/media?parent=18592"}],"wp:term":[{"taxonomy":"category","embeddable":true,"href":"https:\/\/www.alabianca.it\/it\/wp-json\/wp\/v2\/categories?post=18592"},{"taxonomy":"post_tag","embeddable":true,"href":"https:\/\/www.alabianca.it\/it\/wp-json\/wp\/v2\/tags?post=18592"}],"curies":[{"name":"wp","href":"https:\/\/api.w.org\/{rel}","templated":true}]}}