{"id":19603,"date":"2022-06-16T09:14:11","date_gmt":"2022-06-16T09:14:11","guid":{"rendered":"https:\/\/www.alabianca.it\/?p=19603"},"modified":"2022-06-16T09:14:11","modified_gmt":"2022-06-16T09:14:11","slug":"oggi-il-nuovo-singolo-di-alan-sorrenti","status":"publish","type":"post","link":"https:\/\/www.alabianca.it\/it\/notizie\/oggi-il-nuovo-singolo-di-alan-sorrenti\/","title":{"rendered":"\u201cOGGI\u201d, il nuovo singolo di Alan Sorrenti"},"content":{"rendered":"<div class=\"wpb-content-wrapper\"><p>[vc_row][vc_column][vc_column_text]\u201c<em><strong>Oggi<\/strong><\/em>&#8221; \u00e8 il nuovo singolo di <a href=\"https:\/\/www.alabianca.it\/artisti\/alan-sorrenti\/\"><strong>Alan Sorrenti<\/strong><\/a>, in uscita gioved\u00ec 16 Giugno 2022 per <strong>Ala Bianca<\/strong>, in radio e su <a href=\"https:\/\/lnk.fu.ga\/alansorrenti_oggi\/\">tutte le piattaforme digitali<\/a>.<\/p>\n<p>[\/vc_column_text][vc_empty_space][vc_single_image image=&#8221;19601&#8243; img_size=&#8221;400&#215;400&#8243; alignment=&#8221;center&#8221; css_animation=&#8221;fadeIn&#8221;][vc_btn title=&#8221;ASCOLTA ORA!&#8221; style=&#8221;flat&#8221; shape=&#8221;round&#8221; color=&#8221;info&#8221; align=&#8221;center&#8221; css_animation=&#8221;fadeInUp&#8221; link=&#8221;url:https%3A%2F%2Flnk.fu.ga%2Falansorrenti_oggi%2F|target:_blank&#8221;][vc_empty_space][vc_column_text]Un\u2019altra canzone inedita dopo \u201c<strong><em>GIOVANI PER SEMPRE<\/em><\/strong>\u201d (<a href=\"https:\/\/www.alabianca.it\/notizie\/giovani-per-sempre-e-il-brano-che-segna-il-ritorno-di-alan-sorrenti\/\">ne abbiamo parlato qui<\/a>) e il grandissimo successo al <a href=\"https:\/\/www.miamifestival.it\/2022\/index.php\"><strong>MiAmi Festival 2022<\/strong><\/a>, con un pubblico di ogni et\u00e0\u00a0 &#8211; specie giovanissimi &#8211; che dall\u2019inizio alla fine ha applaudito e ballato &#8211;\u00a0 <strong>come vediamo nelle immagini del video &#8220;<em>Oggi<\/em>&#8220;<\/strong>, interamente girato al festival milanese, in uscita lo stesso 16 Giugno.<\/p>\n<p>La <strong>performance live del clip<\/strong> di Sorrenti emana <strong>energia<\/strong> e <strong>speranza<\/strong>, <strong>voglia di vita<\/strong> e di <strong>futuro<\/strong>, come troviamo nel testo di &#8220;<em><strong>Oggi<\/strong><\/em>&#8220;:<em> \u2026&#8221;oggi mi alzer\u00f2 da solo\u201d.<\/em><\/p>\n<p>[\/vc_column_text][vc_column_text]<\/p>\n<p style=\"text-align: center;\"><iframe loading=\"lazy\" title=\"YouTube video player\" src=\"https:\/\/www.youtube.com\/embed\/UyWxYyc95QU\" width=\"900\" height=\"500\" frameborder=\"0\" allowfullscreen=\"allowfullscreen\"><span data-mce-type=\"bookmark\" style=\"display: inline-block; width: 0px; overflow: hidden; line-height: 0;\" class=\"mce_SELRES_start\">\ufeff<\/span><\/iframe><\/p>\n<p>[\/vc_column_text][vc_column_text]&#8221;<em><strong>Oggi<\/strong><\/em>&#8221; va preso per quello che canta l\u2019artista, perch\u00e9 dura poco quindi va vissuto ma, al tempo stesso \u00e8 gi\u00e0 domani: il tempo della magia che scappa, il tempo da cogliere ma sul quale veleggiare leggeri perch\u00e9 domani \u00e8 ad un soffio.<\/p>\n<p>Come sempre nel caso di Alan Sorrenti, il brano nasce con la potenzialit\u00e0 e lo slancio globale che da sempre contraddistinguono non solo il sound, anche l&#8217;idea di canzone che l&#8217;autore porta avanti.<\/p>\n<p>Per il suo ritorno discografico, contemporaneo ed attento alla propria storia, ha scelto di collaborare con <a href=\"https:\/\/www.instagram.com\/ceri_wax\/\"><strong>Stefano Ceri<\/strong><\/a>, produttore artistico demiurgo di tanto street pop italiano, capace di muoversi su livelli produttivi di scrittura diversi, generando\u00a0 straordinari incroci.<\/p>\n<p>[\/vc_column_text][vc_single_image image=&#8221;19548&#8243; img_size=&#8221;large&#8221; alignment=&#8221;center&#8221;][vc_column_text]Si \u00e8 parlato tanto di <strong>musica indie<\/strong> negli ultimi anni, dando a questa parola diverse accezioni semantiche per diversi artisti, ma la storia della musica italiana annovera <strong>Alan Sorrenti<\/strong> tra gli artisti \u2018indie\u2019, poich\u00e9 <strong>fuori da ogni schema, categoria o genere<\/strong>, prima di chiunque altro.<\/p>\n<p>Nell\u2019attitudine, nell\u2019approccio, nel coraggio che l\u2019artista ebbe quando dopo tre dischi di rock progressivo di grande successo, tra il \u201872 e il \u201974, con &#8220;<em><strong>Figli delle Stelle<\/strong><\/em>&#8220;, decise di lasciare la scena prog, conquistando le classifiche italiane ed internazionali.<\/p>\n<p>La carriera di Sorrenti ha sempre prestato attenzione e spazio artistico alla <strong>scena internazionale<\/strong>: dalla collaborazione, agli esordi, nell&#8217;album \u201c<em><strong>Aria<\/strong><\/em>\u201d, con il violinista <strong>Jean Luc Ponty<\/strong> fino all&#8217;inclusione di <strong>Jay Graydon<\/strong>, <strong>David Foster<\/strong> e dei futuri <strong>Toto<\/strong> nei suoi album di maggior successo commerciale, prima &#8220;<em><strong>Figli delle Stelle<\/strong><\/em>&#8221; (1977), poi &#8220;<em><strong>L.A. &amp; N.Y.<\/strong><\/em>&#8220;(1979), infine &#8220;<em><strong>Di notte<\/strong><\/em>&#8221; (1980), lavoro irresistibile che vedeva &#8211; non a caso &#8211; un dispiego di professionisti di provenienza e fama mondiali, insoliti nella discografia italiana.<\/p>\n<p>Alan Sorrenti\u00a0 ha la forza di tenere fermo il punto, la propria aura, il proprio stile.<\/p>\n<p>Perch\u00e9 <strong>stile<\/strong> \u00e8 la chiave, per sempre; <strong>stile<\/strong> \u00e8 ci\u00f2 che fa la differenza e permette di sparigliare le carte sapendo poi dar loro un ordine. <strong>Stile<\/strong> che ci mostra la forza di chi non si \u00e8 fermato a ieri e intende il ritorno non come una replica di un s\u00e9 stesso lontano, ma come una presenza, profonda e nuova, nell&#8217;<em><strong>oggi<\/strong><\/em> e nel domani che sta arrivando.[\/vc_column_text][vc_empty_space][vc_single_image image=&#8221;19601&#8243; img_size=&#8221;400&#215;400&#8243; alignment=&#8221;center&#8221; css_animation=&#8221;fadeIn&#8221;][vc_btn title=&#8221;ASCOLTA ORA!&#8221; style=&#8221;flat&#8221; shape=&#8221;round&#8221; color=&#8221;info&#8221; align=&#8221;center&#8221; css_animation=&#8221;fadeInUp&#8221; link=&#8221;url:https%3A%2F%2Flnk.fu.ga%2Falansorrenti_oggi%2F|target:_blank&#8221;][vc_empty_space][\/vc_column][\/vc_row]<\/p>\n<\/div>","protected":false},"excerpt":{"rendered":"<p>[vc_row][vc_column][vc_column_text]\u201cOggi&#8221; \u00e8 il nuovo singolo di Alan Sorrenti, in uscita gioved\u00ec 16 Giugno 2022 per Ala Bianca, in radio e su tutte le piattaforme digitali. [\/vc_column_text][vc_empty_space][vc_single_image image=&#8221;19601&#8243; img_size=&#8221;400&#215;400&#8243; alignment=&#8221;center&#8221; css_animation=&#8221;fadeIn&#8221;][vc_btn title=&#8221;ASCOLTA ORA!&#8221; style=&#8221;flat&#8221; shape=&#8221;round&#8221; color=&#8221;info&#8221; align=&#8221;center&#8221; css_animation=&#8221;fadeInUp&#8221; link=&#8221;url:https%3A%2F%2Flnk.fu.ga%2Falansorrenti_oggi%2F|target:_blank&#8221;][vc_empty_space][vc_column_text]Un\u2019altra canzone inedita dopo \u201cGIOVANI PER SEMPRE\u201d (ne abbiamo parlato qui) e il grandissimo successo al MiAmi Festival [&hellip;]<\/p>\n","protected":false},"author":88,"featured_media":19601,"comment_status":"open","ping_status":"closed","sticky":false,"template":"","format":"standard","meta":{"_acf_changed":false,"footnotes":""},"categories":[7],"tags":[],"class_list":["post-19603","post","type-post","status-publish","format-standard","has-post-thumbnail","hentry","category-notizie"],"acf":[],"yoast_head":"<!-- This site is optimized with the Yoast SEO plugin v27.4 - https:\/\/yoast.com\/product\/yoast-seo-wordpress\/ -->\n<title>\u201cOGGI\u201d, il nuovo singolo di Alan Sorrenti - Ala Bianca Group<\/title>\n<meta name=\"description\" content=\"\u201cOggi&quot; \u00e8 il nuovo singolo di Alan Sorrenti, in uscita gioved\u00ec 16 Giugno 2022 per Ala Bianca, in radio e su tutte le piattaforme digitali.\" \/>\n<meta name=\"robots\" content=\"index, follow, max-snippet:-1, max-image-preview:large, max-video-preview:-1\" \/>\n<link rel=\"canonical\" href=\"https:\/\/www.alabianca.it\/it\/notizie\/oggi-il-nuovo-singolo-di-alan-sorrenti\/\" \/>\n<meta property=\"og:locale\" content=\"it_IT\" \/>\n<meta property=\"og:type\" content=\"article\" \/>\n<meta property=\"og:title\" content=\"\u201cOGGI\u201d, il nuovo singolo di Alan Sorrenti - Ala Bianca Group\" \/>\n<meta property=\"og:description\" content=\"\u201cOggi&quot; \u00e8 il nuovo singolo di Alan Sorrenti, in uscita gioved\u00ec 16 Giugno 2022 per Ala Bianca, in radio e su tutte le piattaforme digitali.\" \/>\n<meta property=\"og:url\" content=\"https:\/\/www.alabianca.it\/it\/notizie\/oggi-il-nuovo-singolo-di-alan-sorrenti\/\" \/>\n<meta property=\"og:site_name\" content=\"Ala Bianca Group\" \/>\n<meta property=\"article:published_time\" content=\"2022-06-16T09:14:11+00:00\" \/>\n<meta property=\"og:image\" content=\"https:\/\/www.alabianca.it\/wp-content\/uploads\/2022\/06\/Thumbnail.png\" \/>\n\t<meta property=\"og:image:width\" content=\"1200\" \/>\n\t<meta property=\"og:image:height\" content=\"630\" \/>\n\t<meta property=\"og:image:type\" content=\"image\/png\" \/>\n<meta name=\"author\" content=\"Elia Mazzotti\" \/>\n<meta name=\"twitter:card\" content=\"summary_large_image\" \/>\n<meta name=\"twitter:label1\" content=\"Scritto da\" \/>\n\t<meta name=\"twitter:data1\" content=\"Elia Mazzotti\" \/>\n\t<meta name=\"twitter:label2\" content=\"Tempo di lettura stimato\" \/>\n\t<meta name=\"twitter:data2\" content=\"3 minuti\" \/>\n<script type=\"application\/ld+json\" class=\"yoast-schema-graph\">{\"@context\":\"https:\\\/\\\/schema.org\",\"@graph\":[{\"@type\":\"Article\",\"@id\":\"https:\\\/\\\/www.alabianca.it\\\/it\\\/notizie\\\/oggi-il-nuovo-singolo-di-alan-sorrenti\\\/#article\",\"isPartOf\":{\"@id\":\"https:\\\/\\\/www.alabianca.it\\\/it\\\/notizie\\\/oggi-il-nuovo-singolo-di-alan-sorrenti\\\/\"},\"author\":{\"name\":\"Elia Mazzotti\",\"@id\":\"https:\\\/\\\/www.alabianca.it\\\/it\\\/#\\\/schema\\\/person\\\/e3c12e42cfdf21a168836032ca3fa14d\"},\"headline\":\"\u201cOGGI\u201d, il nuovo singolo di Alan Sorrenti\",\"datePublished\":\"2022-06-16T09:14:11+00:00\",\"mainEntityOfPage\":{\"@id\":\"https:\\\/\\\/www.alabianca.it\\\/it\\\/notizie\\\/oggi-il-nuovo-singolo-di-alan-sorrenti\\\/\"},\"wordCount\":614,\"commentCount\":0,\"publisher\":{\"@id\":\"https:\\\/\\\/www.alabianca.it\\\/it\\\/#organization\"},\"image\":{\"@id\":\"https:\\\/\\\/www.alabianca.it\\\/it\\\/notizie\\\/oggi-il-nuovo-singolo-di-alan-sorrenti\\\/#primaryimage\"},\"thumbnailUrl\":\"https:\\\/\\\/www.alabianca.it\\\/wp-content\\\/uploads\\\/2022\\\/06\\\/alan-sorrenti-oggi-ala-bianca.png\",\"articleSection\":[\"Notizie\"],\"inLanguage\":\"it-IT\",\"potentialAction\":[{\"@type\":\"CommentAction\",\"name\":\"Comment\",\"target\":[\"https:\\\/\\\/www.alabianca.it\\\/it\\\/notizie\\\/oggi-il-nuovo-singolo-di-alan-sorrenti\\\/#respond\"]}]},{\"@type\":\"WebPage\",\"@id\":\"https:\\\/\\\/www.alabianca.it\\\/it\\\/notizie\\\/oggi-il-nuovo-singolo-di-alan-sorrenti\\\/\",\"url\":\"https:\\\/\\\/www.alabianca.it\\\/it\\\/notizie\\\/oggi-il-nuovo-singolo-di-alan-sorrenti\\\/\",\"name\":\"\u201cOGGI\u201d, il nuovo singolo di Alan Sorrenti - Ala Bianca Group\",\"isPartOf\":{\"@id\":\"https:\\\/\\\/www.alabianca.it\\\/it\\\/#website\"},\"primaryImageOfPage\":{\"@id\":\"https:\\\/\\\/www.alabianca.it\\\/it\\\/notizie\\\/oggi-il-nuovo-singolo-di-alan-sorrenti\\\/#primaryimage\"},\"image\":{\"@id\":\"https:\\\/\\\/www.alabianca.it\\\/it\\\/notizie\\\/oggi-il-nuovo-singolo-di-alan-sorrenti\\\/#primaryimage\"},\"thumbnailUrl\":\"https:\\\/\\\/www.alabianca.it\\\/wp-content\\\/uploads\\\/2022\\\/06\\\/alan-sorrenti-oggi-ala-bianca.png\",\"datePublished\":\"2022-06-16T09:14:11+00:00\",\"description\":\"\u201cOggi\\\" \u00e8 il nuovo singolo di Alan Sorrenti, in uscita gioved\u00ec 16 Giugno 2022 per Ala Bianca, in radio e su tutte le piattaforme digitali.\",\"breadcrumb\":{\"@id\":\"https:\\\/\\\/www.alabianca.it\\\/it\\\/notizie\\\/oggi-il-nuovo-singolo-di-alan-sorrenti\\\/#breadcrumb\"},\"inLanguage\":\"it-IT\",\"potentialAction\":[{\"@type\":\"ReadAction\",\"target\":[\"https:\\\/\\\/www.alabianca.it\\\/it\\\/notizie\\\/oggi-il-nuovo-singolo-di-alan-sorrenti\\\/\"]}]},{\"@type\":\"ImageObject\",\"inLanguage\":\"it-IT\",\"@id\":\"https:\\\/\\\/www.alabianca.it\\\/it\\\/notizie\\\/oggi-il-nuovo-singolo-di-alan-sorrenti\\\/#primaryimage\",\"url\":\"https:\\\/\\\/www.alabianca.it\\\/wp-content\\\/uploads\\\/2022\\\/06\\\/alan-sorrenti-oggi-ala-bianca.png\",\"contentUrl\":\"https:\\\/\\\/www.alabianca.it\\\/wp-content\\\/uploads\\\/2022\\\/06\\\/alan-sorrenti-oggi-ala-bianca.png\",\"width\":2048,\"height\":2048,\"caption\":\"Alan Sorrenti Oggi Ala Bianca Cover\"},{\"@type\":\"BreadcrumbList\",\"@id\":\"https:\\\/\\\/www.alabianca.it\\\/it\\\/notizie\\\/oggi-il-nuovo-singolo-di-alan-sorrenti\\\/#breadcrumb\",\"itemListElement\":[{\"@type\":\"ListItem\",\"position\":1,\"name\":\"Home\",\"item\":\"https:\\\/\\\/www.alabianca.it\\\/it\\\/\"},{\"@type\":\"ListItem\",\"position\":2,\"name\":\"\u201cOGGI\u201d, il nuovo singolo di Alan Sorrenti\"}]},{\"@type\":\"WebSite\",\"@id\":\"https:\\\/\\\/www.alabianca.it\\\/it\\\/#website\",\"url\":\"https:\\\/\\\/www.alabianca.it\\\/it\\\/\",\"name\":\"Ala Bianca Group\",\"description\":\"Editore e produttore discografico\",\"publisher\":{\"@id\":\"https:\\\/\\\/www.alabianca.it\\\/it\\\/#organization\"},\"potentialAction\":[{\"@type\":\"SearchAction\",\"target\":{\"@type\":\"EntryPoint\",\"urlTemplate\":\"https:\\\/\\\/www.alabianca.it\\\/it\\\/?s={search_term_string}\"},\"query-input\":{\"@type\":\"PropertyValueSpecification\",\"valueRequired\":true,\"valueName\":\"search_term_string\"}}],\"inLanguage\":\"it-IT\"},{\"@type\":\"Organization\",\"@id\":\"https:\\\/\\\/www.alabianca.it\\\/it\\\/#organization\",\"name\":\"Alabianca Group S.r.l.\",\"url\":\"https:\\\/\\\/www.alabianca.it\\\/it\\\/\",\"logo\":{\"@type\":\"ImageObject\",\"inLanguage\":\"it-IT\",\"@id\":\"https:\\\/\\\/www.alabianca.it\\\/it\\\/#\\\/schema\\\/logo\\\/image\\\/\",\"url\":\"https:\\\/\\\/www.alabianca.it\\\/wp-content\\\/uploads\\\/2018\\\/01\\\/alabianca-records-logo-2018-h-3.png\",\"contentUrl\":\"https:\\\/\\\/www.alabianca.it\\\/wp-content\\\/uploads\\\/2018\\\/01\\\/alabianca-records-logo-2018-h-3.png\",\"width\":345,\"height\":133,\"caption\":\"Alabianca Group S.r.l.\"},\"image\":{\"@id\":\"https:\\\/\\\/www.alabianca.it\\\/it\\\/#\\\/schema\\\/logo\\\/image\\\/\"}},{\"@type\":\"Person\",\"@id\":\"https:\\\/\\\/www.alabianca.it\\\/it\\\/#\\\/schema\\\/person\\\/e3c12e42cfdf21a168836032ca3fa14d\",\"name\":\"Elia Mazzotti\",\"url\":\"https:\\\/\\\/www.alabianca.it\\\/it\\\/author\\\/elia\\\/\"}]}<\/script>\n<!-- \/ Yoast SEO plugin. -->","yoast_head_json":{"title":"\u201cOGGI\u201d, il nuovo singolo di Alan Sorrenti - Ala Bianca Group","description":"\u201cOggi\" \u00e8 il nuovo singolo di Alan Sorrenti, in uscita gioved\u00ec 16 Giugno 2022 per Ala Bianca, in radio e su tutte le piattaforme digitali.","robots":{"index":"index","follow":"follow","max-snippet":"max-snippet:-1","max-image-preview":"max-image-preview:large","max-video-preview":"max-video-preview:-1"},"canonical":"https:\/\/www.alabianca.it\/it\/notizie\/oggi-il-nuovo-singolo-di-alan-sorrenti\/","og_locale":"it_IT","og_type":"article","og_title":"\u201cOGGI\u201d, il nuovo singolo di Alan Sorrenti - Ala Bianca Group","og_description":"\u201cOggi\" \u00e8 il nuovo singolo di Alan Sorrenti, in uscita gioved\u00ec 16 Giugno 2022 per Ala Bianca, in radio e su tutte le piattaforme digitali.","og_url":"https:\/\/www.alabianca.it\/it\/notizie\/oggi-il-nuovo-singolo-di-alan-sorrenti\/","og_site_name":"Ala Bianca Group","article_published_time":"2022-06-16T09:14:11+00:00","og_image":[{"width":1200,"height":630,"url":"https:\/\/www.alabianca.it\/wp-content\/uploads\/2022\/06\/Thumbnail.png","type":"image\/png"}],"author":"Elia Mazzotti","twitter_card":"summary_large_image","twitter_misc":{"Scritto da":"Elia Mazzotti","Tempo di lettura stimato":"3 minuti"},"schema":{"@context":"https:\/\/schema.org","@graph":[{"@type":"Article","@id":"https:\/\/www.alabianca.it\/it\/notizie\/oggi-il-nuovo-singolo-di-alan-sorrenti\/#article","isPartOf":{"@id":"https:\/\/www.alabianca.it\/it\/notizie\/oggi-il-nuovo-singolo-di-alan-sorrenti\/"},"author":{"name":"Elia Mazzotti","@id":"https:\/\/www.alabianca.it\/it\/#\/schema\/person\/e3c12e42cfdf21a168836032ca3fa14d"},"headline":"\u201cOGGI\u201d, il nuovo singolo di Alan Sorrenti","datePublished":"2022-06-16T09:14:11+00:00","mainEntityOfPage":{"@id":"https:\/\/www.alabianca.it\/it\/notizie\/oggi-il-nuovo-singolo-di-alan-sorrenti\/"},"wordCount":614,"commentCount":0,"publisher":{"@id":"https:\/\/www.alabianca.it\/it\/#organization"},"image":{"@id":"https:\/\/www.alabianca.it\/it\/notizie\/oggi-il-nuovo-singolo-di-alan-sorrenti\/#primaryimage"},"thumbnailUrl":"https:\/\/www.alabianca.it\/wp-content\/uploads\/2022\/06\/alan-sorrenti-oggi-ala-bianca.png","articleSection":["Notizie"],"inLanguage":"it-IT","potentialAction":[{"@type":"CommentAction","name":"Comment","target":["https:\/\/www.alabianca.it\/it\/notizie\/oggi-il-nuovo-singolo-di-alan-sorrenti\/#respond"]}]},{"@type":"WebPage","@id":"https:\/\/www.alabianca.it\/it\/notizie\/oggi-il-nuovo-singolo-di-alan-sorrenti\/","url":"https:\/\/www.alabianca.it\/it\/notizie\/oggi-il-nuovo-singolo-di-alan-sorrenti\/","name":"\u201cOGGI\u201d, il nuovo singolo di Alan Sorrenti - Ala Bianca Group","isPartOf":{"@id":"https:\/\/www.alabianca.it\/it\/#website"},"primaryImageOfPage":{"@id":"https:\/\/www.alabianca.it\/it\/notizie\/oggi-il-nuovo-singolo-di-alan-sorrenti\/#primaryimage"},"image":{"@id":"https:\/\/www.alabianca.it\/it\/notizie\/oggi-il-nuovo-singolo-di-alan-sorrenti\/#primaryimage"},"thumbnailUrl":"https:\/\/www.alabianca.it\/wp-content\/uploads\/2022\/06\/alan-sorrenti-oggi-ala-bianca.png","datePublished":"2022-06-16T09:14:11+00:00","description":"\u201cOggi\" \u00e8 il nuovo singolo di Alan Sorrenti, in uscita gioved\u00ec 16 Giugno 2022 per Ala Bianca, in radio e su tutte le piattaforme digitali.","breadcrumb":{"@id":"https:\/\/www.alabianca.it\/it\/notizie\/oggi-il-nuovo-singolo-di-alan-sorrenti\/#breadcrumb"},"inLanguage":"it-IT","potentialAction":[{"@type":"ReadAction","target":["https:\/\/www.alabianca.it\/it\/notizie\/oggi-il-nuovo-singolo-di-alan-sorrenti\/"]}]},{"@type":"ImageObject","inLanguage":"it-IT","@id":"https:\/\/www.alabianca.it\/it\/notizie\/oggi-il-nuovo-singolo-di-alan-sorrenti\/#primaryimage","url":"https:\/\/www.alabianca.it\/wp-content\/uploads\/2022\/06\/alan-sorrenti-oggi-ala-bianca.png","contentUrl":"https:\/\/www.alabianca.it\/wp-content\/uploads\/2022\/06\/alan-sorrenti-oggi-ala-bianca.png","width":2048,"height":2048,"caption":"Alan Sorrenti Oggi Ala Bianca Cover"},{"@type":"BreadcrumbList","@id":"https:\/\/www.alabianca.it\/it\/notizie\/oggi-il-nuovo-singolo-di-alan-sorrenti\/#breadcrumb","itemListElement":[{"@type":"ListItem","position":1,"name":"Home","item":"https:\/\/www.alabianca.it\/it\/"},{"@type":"ListItem","position":2,"name":"\u201cOGGI\u201d, il nuovo singolo di Alan Sorrenti"}]},{"@type":"WebSite","@id":"https:\/\/www.alabianca.it\/it\/#website","url":"https:\/\/www.alabianca.it\/it\/","name":"Ala Bianca Group","description":"Editore e produttore discografico","publisher":{"@id":"https:\/\/www.alabianca.it\/it\/#organization"},"potentialAction":[{"@type":"SearchAction","target":{"@type":"EntryPoint","urlTemplate":"https:\/\/www.alabianca.it\/it\/?s={search_term_string}"},"query-input":{"@type":"PropertyValueSpecification","valueRequired":true,"valueName":"search_term_string"}}],"inLanguage":"it-IT"},{"@type":"Organization","@id":"https:\/\/www.alabianca.it\/it\/#organization","name":"Alabianca Group S.r.l.","url":"https:\/\/www.alabianca.it\/it\/","logo":{"@type":"ImageObject","inLanguage":"it-IT","@id":"https:\/\/www.alabianca.it\/it\/#\/schema\/logo\/image\/","url":"https:\/\/www.alabianca.it\/wp-content\/uploads\/2018\/01\/alabianca-records-logo-2018-h-3.png","contentUrl":"https:\/\/www.alabianca.it\/wp-content\/uploads\/2018\/01\/alabianca-records-logo-2018-h-3.png","width":345,"height":133,"caption":"Alabianca Group S.r.l."},"image":{"@id":"https:\/\/www.alabianca.it\/it\/#\/schema\/logo\/image\/"}},{"@type":"Person","@id":"https:\/\/www.alabianca.it\/it\/#\/schema\/person\/e3c12e42cfdf21a168836032ca3fa14d","name":"Elia Mazzotti","url":"https:\/\/www.alabianca.it\/it\/author\/elia\/"}]}},"_links":{"self":[{"href":"https:\/\/www.alabianca.it\/it\/wp-json\/wp\/v2\/posts\/19603","targetHints":{"allow":["GET"]}}],"collection":[{"href":"https:\/\/www.alabianca.it\/it\/wp-json\/wp\/v2\/posts"}],"about":[{"href":"https:\/\/www.alabianca.it\/it\/wp-json\/wp\/v2\/types\/post"}],"author":[{"embeddable":true,"href":"https:\/\/www.alabianca.it\/it\/wp-json\/wp\/v2\/users\/88"}],"replies":[{"embeddable":true,"href":"https:\/\/www.alabianca.it\/it\/wp-json\/wp\/v2\/comments?post=19603"}],"version-history":[{"count":4,"href":"https:\/\/www.alabianca.it\/it\/wp-json\/wp\/v2\/posts\/19603\/revisions"}],"predecessor-version":[{"id":19607,"href":"https:\/\/www.alabianca.it\/it\/wp-json\/wp\/v2\/posts\/19603\/revisions\/19607"}],"wp:featuredmedia":[{"embeddable":true,"href":"https:\/\/www.alabianca.it\/it\/wp-json\/wp\/v2\/media\/19601"}],"wp:attachment":[{"href":"https:\/\/www.alabianca.it\/it\/wp-json\/wp\/v2\/media?parent=19603"}],"wp:term":[{"taxonomy":"category","embeddable":true,"href":"https:\/\/www.alabianca.it\/it\/wp-json\/wp\/v2\/categories?post=19603"},{"taxonomy":"post_tag","embeddable":true,"href":"https:\/\/www.alabianca.it\/it\/wp-json\/wp\/v2\/tags?post=19603"}],"curies":[{"name":"wp","href":"https:\/\/api.w.org\/{rel}","templated":true}]}}