{"id":20144,"date":"2023-08-08T08:54:04","date_gmt":"2023-08-08T08:54:04","guid":{"rendered":"https:\/\/www.alabianca.it\/?p=20144"},"modified":"2023-08-08T08:54:04","modified_gmt":"2023-08-08T08:54:04","slug":"ala-bianca-presente-a-venezia-con-le-colonne-sonore-di-cinque-opere-cinematografiche","status":"publish","type":"post","link":"https:\/\/www.alabianca.it\/it\/notizie\/ala-bianca-presente-a-venezia-con-le-colonne-sonore-di-cinque-opere-cinematografiche\/","title":{"rendered":"Ala Bianca presente a Venezia  con le colonne sonore di cinque opere cinematografiche"},"content":{"rendered":"<h4>All\u2019<a href=\"https:\/\/www.labiennale.org\/it\/cinema\/2023\"><strong>ottantesima Mostra Internazionale d&#8217;Arte Cinematografica<\/strong><\/a> ed alla <a href=\"https:\/\/www.giornatedegliautori.com\/\"><strong>ventesima edizione delle Giornate degli Autori<\/strong><\/a>, cinque titoli di film\/documentari in programma avranno la <strong>colonna sonora edita e prodotta da Ala Bianca<\/strong>.<\/h4>\n<p><a href=\"https:\/\/www.alabianca.it\/chi-siamo\/\"><strong>Ala Bianca Group <\/strong><\/a>\u00e8 una compagnia indipendente di\u00a0<strong>Edizioni<\/strong>\u00a0e\u00a0<strong>Produzioni<\/strong> <strong>Musicali<\/strong>\u00a0sorta in Italia nel 1978, distribuita da\u00a0<strong>Warner Music<\/strong>. A Venezia, <strong>dal 30 agosto al 9 settembre<\/strong>, saranno ben 5 le opere cinematografiche che portano la firma della colonna sonora di Autori-Compositori che hanno affidato la loro creativit\u00e0 e la produzione delle loro musiche ad Ala Bianca.<\/p>\n<p><strong><em>\u00a0<\/em><\/strong><\/p>\n<h3><strong><em>LUBO <\/em>di Giorgio Diritti<\/strong><\/h3>\n<p>Il quinto film di <strong>Giorgio Diritti<\/strong>, candidato\u00a0al\u00a0Leone D&#8217;oro, sar\u00e0 proiettato in anteprima il <strong>7 settembre<\/strong><strong> alle <\/strong><strong>18.30<\/strong><strong> in <\/strong><strong>sala Grande<\/strong><strong>.<\/strong><\/p>\n<p><strong><em>Lubo<\/em><\/strong>, con Franz Rogowski e Christophe Sermet, \u00e8 una produzione italo-svizzera di Indiana Production, Aranciafilm e Rai Cinema, in uscita nelle sale il 9 novembre 2023 con distribuzione 01 Distribution.<\/p>\n<p>La sceneggiatura \u00e8 firmata dal regista <strong>G. Diritti<\/strong> con il documentarista e regista <strong>Fredo Valla.<\/strong><\/p>\n<p>Le musiche originali sono create da <strong>Marco Biscarini<\/strong>, edite e prodotte da <strong>Ala Bianca<\/strong>. Una collaborazione tra Regista \u2013 Compositore &#8211; Editore iniziata con \u201c<strong><em>Volevo Nascondermi\u201d<\/em><\/strong>, vincitore di 7 David di Donatello nel 2021, tra cui quello per il miglior suono a Marco Biscarini, Nastro d\u2019Argento al film dell\u2019anno 2020 e premio come Miglior Attore a Elio Germano della 70esima edizione della Berlinale\u00a02020.<\/p>\n<p><iframe loading=\"lazy\" title=\"YouTube video player\" src=\"https:\/\/www.youtube.com\/embed\/Rvlw9b7yTmQ\" width=\"900\" height=\"600\" frameborder=\"0\" allowfullscreen=\"allowfullscreen\"><span data-mce-type=\"bookmark\" style=\"display: inline-block; width: 0px; overflow: hidden; line-height: 0;\" class=\"mce_SELRES_start\">\ufeff<\/span><\/iframe><\/p>\n<p><strong><em>\u00a0<\/em><\/strong><\/p>\n<h3><strong><em>ENZO JANNACCI, VENGO ANCH\u2019IO <\/em>di Giorgio Verdelli<\/strong><\/h3>\n<p>Docufilm Fuori Concorso con anteprima <strong>l\u20198 settembre, ore 14 in sala Grande<\/strong>. Un percorso sulla vita del poliedrico genio creativo-artistico <strong>Enzo Jannacci<\/strong>, dove lui stesso racconta s\u00e9 stesso. Un film del bravo e collaudato regista <strong>Giorgio Verdelli<\/strong>.<\/p>\n<p>La colonna sonora originale \u00e8 di <strong>Paolo Jannacci<\/strong>, edita e prodotta da <strong>A<\/strong><strong>la Bianca<\/strong> che <strong>collabora anche alla produzione<\/strong> del film, co-prodotto da Indigo Film e Sudovest Produzioni, in associazione con Gianfranco Romano.<\/p>\n<p>Grazie a un sapiente uso del montaggio, lo stesso Jannacci \u00e8 il narratore del film. I momenti topici, le collaborazioni con l&#8217;amico Giorgio Gaber, con Dario Fo, l&#8217;incontro con Cochi &amp; Renato, ma anche le avventure sui palchi, teatri, cantine e quella vocazione di medico che forse gli sarebbe piaciuto seguire di pi\u00f9, vengono raccontate in prima persona, recuperando le sue parole da un&#8217;intervista inedita, rilasciata nel 2005 allo stesso Giorgio Verdelli.<\/p>\n<p>Dopo Venezia, seguiranno la <strong>speciale<\/strong> <strong>anteprima a Milano il 9 settembre in Triennale a Milano <\/strong>nella rassegna Fuori Cinema, e l\u2019<strong>uscita-sala dall\u201911 settembre<\/strong>.<\/p>\n<p><a href=\"https:\/\/www.alabianca.it\/wp-content\/uploads\/2023\/08\/Enzo-Jannacci-Vengo-anchio-di-Giorgio-Verdelli.jpeg\"><img loading=\"lazy\" decoding=\"async\" class=\"aligncenter size-large wp-image-20149\" src=\"https:\/\/www.alabianca.it\/wp-content\/uploads\/2023\/08\/Enzo-Jannacci-Vengo-anchio-di-Giorgio-Verdelli-1024x683.jpeg\" alt=\"Locandina del docufilm Enzo Jannacci - Vengo anch'io di Giorgio Verdelli, con la colonna sonora edita e prodotta da Ala Bianca\" width=\"1024\" height=\"683\" srcset=\"https:\/\/www.alabianca.it\/wp-content\/uploads\/2023\/08\/Enzo-Jannacci-Vengo-anchio-di-Giorgio-Verdelli-1024x683.jpeg 1024w, https:\/\/www.alabianca.it\/wp-content\/uploads\/2023\/08\/Enzo-Jannacci-Vengo-anchio-di-Giorgio-Verdelli-300x200.jpeg 300w, https:\/\/www.alabianca.it\/wp-content\/uploads\/2023\/08\/Enzo-Jannacci-Vengo-anchio-di-Giorgio-Verdelli-768x512.jpeg 768w, https:\/\/www.alabianca.it\/wp-content\/uploads\/2023\/08\/Enzo-Jannacci-Vengo-anchio-di-Giorgio-Verdelli-1536x1024.jpeg 1536w, https:\/\/www.alabianca.it\/wp-content\/uploads\/2023\/08\/Enzo-Jannacci-Vengo-anchio-di-Giorgio-Verdelli.jpeg 1920w\" sizes=\"auto, (max-width: 1024px) 100vw, 1024px\" \/><\/a><\/p>\n<p>&nbsp;<\/p>\n<p>&nbsp;<\/p>\n<p>Saranno 3 invece i film proiettati nella cornice della <strong>ventesima edizione delle Giornate degli Autori<\/strong><\/p>\n<p>&nbsp;<\/p>\n<h3><strong><em>PAROLA AI GIOVANI &#8211; GIOVANNI CACCAMO <\/em>di Angelo Bozzolini<\/strong><\/h3>\n<p>Anteprima del documentario di <strong>Angelo Bozzolini <\/strong>il <strong>1\u00b0 settembre alle<\/strong><strong> ore 18<\/strong> <strong>in<\/strong> <strong>sala Laguna<\/strong><strong>, <\/strong>produzione AUT AUT Production in collaborazione con Ala Bianca. Un viaggio, un\u2019indagine intima alla ricerca delle idee di cambiamento della generazione dell\u2019artista <strong>Giovanni Caccamo<\/strong>, presente nel roster ufficiale Ala Bianca.<\/p>\n<p>Le musiche e le canzoni sincronizzate nell\u2019opera, scritte ed interpretate dallo stesso Caccamo, sono tratte dal prestigioso album \u201c<strong><em>Parola<\/em><\/strong><em>\u201d<\/em>, prodotto da<strong>\u00a0Ala Bianca<\/strong>\u00a0con distribuzione <strong>Warner Music Italia<\/strong>.<\/p>\n<p><a href=\"https:\/\/www.alabianca.it\/wp-content\/uploads\/2023\/08\/Parola-ai-giovani-Giovanni-Caccamo-di-Angelo-Bozzolini-.jpeg\"><img loading=\"lazy\" decoding=\"async\" class=\"aligncenter size-large wp-image-20152\" src=\"https:\/\/www.alabianca.it\/wp-content\/uploads\/2023\/08\/Parola-ai-giovani-Giovanni-Caccamo-di-Angelo-Bozzolini--1024x768.jpeg\" alt=\"Locandina di Parola ai giovani - Giovanni Caccamo di Angelo Bozzolini, con la colonna sonora edita e prodotta da Ala Bianca\" width=\"1024\" height=\"768\" srcset=\"https:\/\/www.alabianca.it\/wp-content\/uploads\/2023\/08\/Parola-ai-giovani-Giovanni-Caccamo-di-Angelo-Bozzolini--1024x768.jpeg 1024w, https:\/\/www.alabianca.it\/wp-content\/uploads\/2023\/08\/Parola-ai-giovani-Giovanni-Caccamo-di-Angelo-Bozzolini--300x225.jpeg 300w, https:\/\/www.alabianca.it\/wp-content\/uploads\/2023\/08\/Parola-ai-giovani-Giovanni-Caccamo-di-Angelo-Bozzolini--768x576.jpeg 768w, https:\/\/www.alabianca.it\/wp-content\/uploads\/2023\/08\/Parola-ai-giovani-Giovanni-Caccamo-di-Angelo-Bozzolini--1536x1152.jpeg 1536w, https:\/\/www.alabianca.it\/wp-content\/uploads\/2023\/08\/Parola-ai-giovani-Giovanni-Caccamo-di-Angelo-Bozzolini-.jpeg 1920w\" sizes=\"auto, (max-width: 1024px) 100vw, 1024px\" \/><\/a><\/p>\n<p>&nbsp;<\/p>\n<h3><strong><em>L\u2019INVENZIONE DELLA NEVE <\/em>di Vittorio Moroni<\/strong><\/h3>\n<p>Il film di <strong>Vittorio Moroni<\/strong>, con Elena Gigliotti, Alessandro Averone, Anna Ferruzzo, Anna Bellato, Eleonora De Luca e Carola Stagnaro, sar\u00e0 presentato in anteprima il <strong>1\u00b0 settembre alle ore 21.15<\/strong> <strong>in sala Laguna<\/strong>, all\u2019interno di <strong><em>Notti Veneziane<\/em><\/strong>, una finestra dedicata al cinema italiano d\u2019autore, voluta dagli organizzatori delle <strong>Giornate degli Autori<\/strong> in accordo con <strong>Isola Edipo<\/strong>.<\/p>\n<p>Il film prodotto da 50N con distribuzione nelle sale dal 14 settembre 2023 a cura di I Wonder Pictures, vede le musiche originali di <strong>Mario Mariani<\/strong>, edite e prodotte da <strong>Ala Bianca<\/strong>.<\/p>\n<p><iframe loading=\"lazy\" title=\"YouTube video player\" src=\"https:\/\/www.youtube.com\/embed\/22Kspw6iHk8\" width=\"900\" height=\"600\" frameborder=\"0\" allowfullscreen=\"allowfullscreen\"><span data-mce-type=\"bookmark\" style=\"display: inline-block; width: 0px; overflow: hidden; line-height: 0;\" class=\"mce_SELRES_start\">\ufeff<\/span><\/iframe><\/p>\n<p>&nbsp;<\/p>\n<h3><strong><em>L\u2019EXPERI\u00c9NCE ZOLA <\/em>di Gianluca Matarrese<\/strong><\/h3>\n<p>Il film di <strong>Gianluca Matarrese<\/strong>, con Anne Barbot e\u00a0Beno\u00eet Dallongeville, a produzione italo-francese Bellota Films e Stemal Entertainment, distribuito da Luce Cinecitt\u00e0 con uscita nelle sale il 15 settembre 2023, verr\u00e0 proiettato come evento speciale alle Giornate degli Autori <strong>v<\/strong><strong>enerd\u00ec\u00a08 <\/strong><strong>s<\/strong><strong>ettembre<\/strong> <strong>alle <\/strong><strong>ore 11.30<\/strong><strong> in<\/strong><strong> sala Perla<\/strong><strong>.<\/strong><\/p>\n<p>Musiche originali di <strong>CANTAUTOMA<\/strong>, edite e prodotte da <strong>A<\/strong><strong>la Bianca<\/strong>.<\/p>\n<p><iframe loading=\"lazy\" title=\"YouTube video player\" src=\"https:\/\/www.youtube.com\/embed\/nD7cV3JGbLE\" width=\"900\" height=\"600\" frameborder=\"0\" allowfullscreen=\"allowfullscreen\"><span data-mce-type=\"bookmark\" style=\"display: inline-block; width: 0px; overflow: hidden; line-height: 0;\" class=\"mce_SELRES_start\">\ufeff<\/span><\/iframe><\/p>\n","protected":false},"excerpt":{"rendered":"<p>All\u2019ottantesima Mostra Internazionale d&#8217;Arte Cinematografica ed alla ventesima edizione delle Giornate degli Autori, cinque titoli di film\/documentari in programma avranno la colonna sonora edita e prodotta da Ala Bianca. Ala Bianca Group \u00e8 una compagnia indipendente di\u00a0Edizioni\u00a0e\u00a0Produzioni Musicali\u00a0sorta in Italia nel 1978, distribuita da\u00a0Warner Music. A Venezia, dal 30 agosto al 9 settembre, saranno ben [&hellip;]<\/p>\n","protected":false},"author":88,"featured_media":20145,"comment_status":"open","ping_status":"closed","sticky":false,"template":"","format":"standard","meta":{"_acf_changed":false,"footnotes":""},"categories":[7],"tags":[],"class_list":["post-20144","post","type-post","status-publish","format-standard","has-post-thumbnail","hentry","category-notizie"],"acf":[],"yoast_head":"<!-- This site is optimized with the Yoast SEO plugin v27.4 - https:\/\/yoast.com\/product\/yoast-seo-wordpress\/ -->\n<title>Ala Bianca presente a Venezia con le colonne sonore di cinque opere cinematografiche - Ala Bianca Group<\/title>\n<meta name=\"description\" content=\"Cinque titoli di film\/documentari in programma a Venezia avranno la colonna sonora edita e prodotta da Ala Bianca\" \/>\n<meta name=\"robots\" content=\"index, follow, max-snippet:-1, max-image-preview:large, max-video-preview:-1\" \/>\n<link rel=\"canonical\" href=\"https:\/\/www.alabianca.it\/it\/notizie\/ala-bianca-presente-a-venezia-con-le-colonne-sonore-di-cinque-opere-cinematografiche\/\" \/>\n<meta property=\"og:locale\" content=\"it_IT\" \/>\n<meta property=\"og:type\" content=\"article\" \/>\n<meta property=\"og:title\" content=\"Ala Bianca presente a Venezia con le colonne sonore di cinque opere cinematografiche - Ala Bianca Group\" \/>\n<meta property=\"og:description\" content=\"Cinque titoli di film\/documentari in programma a Venezia avranno la colonna sonora edita e prodotta da Ala Bianca\" \/>\n<meta property=\"og:url\" content=\"https:\/\/www.alabianca.it\/it\/notizie\/ala-bianca-presente-a-venezia-con-le-colonne-sonore-di-cinque-opere-cinematografiche\/\" \/>\n<meta property=\"og:site_name\" content=\"Ala Bianca Group\" \/>\n<meta property=\"article:published_time\" content=\"2023-08-08T08:54:04+00:00\" \/>\n<meta property=\"og:image\" content=\"https:\/\/www.alabianca.it\/wp-content\/uploads\/2023\/08\/Senza-titolo-1.jpg\" \/>\n\t<meta property=\"og:image:width\" content=\"1200\" \/>\n\t<meta property=\"og:image:height\" content=\"630\" \/>\n\t<meta property=\"og:image:type\" content=\"image\/jpeg\" \/>\n<meta name=\"author\" content=\"Elia Mazzotti\" \/>\n<meta name=\"twitter:card\" content=\"summary_large_image\" \/>\n<meta name=\"twitter:label1\" content=\"Scritto da\" \/>\n\t<meta name=\"twitter:data1\" content=\"Elia Mazzotti\" \/>\n\t<meta name=\"twitter:label2\" content=\"Tempo di lettura stimato\" \/>\n\t<meta name=\"twitter:data2\" content=\"4 minuti\" \/>\n<script type=\"application\/ld+json\" class=\"yoast-schema-graph\">{\"@context\":\"https:\\\/\\\/schema.org\",\"@graph\":[{\"@type\":\"Article\",\"@id\":\"https:\\\/\\\/www.alabianca.it\\\/it\\\/notizie\\\/ala-bianca-presente-a-venezia-con-le-colonne-sonore-di-cinque-opere-cinematografiche\\\/#article\",\"isPartOf\":{\"@id\":\"https:\\\/\\\/www.alabianca.it\\\/it\\\/notizie\\\/ala-bianca-presente-a-venezia-con-le-colonne-sonore-di-cinque-opere-cinematografiche\\\/\"},\"author\":{\"name\":\"Elia Mazzotti\",\"@id\":\"https:\\\/\\\/www.alabianca.it\\\/it\\\/#\\\/schema\\\/person\\\/e3c12e42cfdf21a168836032ca3fa14d\"},\"headline\":\"Ala Bianca presente a Venezia con le colonne sonore di cinque opere cinematografiche\",\"datePublished\":\"2023-08-08T08:54:04+00:00\",\"mainEntityOfPage\":{\"@id\":\"https:\\\/\\\/www.alabianca.it\\\/it\\\/notizie\\\/ala-bianca-presente-a-venezia-con-le-colonne-sonore-di-cinque-opere-cinematografiche\\\/\"},\"wordCount\":659,\"commentCount\":0,\"publisher\":{\"@id\":\"https:\\\/\\\/www.alabianca.it\\\/it\\\/#organization\"},\"image\":{\"@id\":\"https:\\\/\\\/www.alabianca.it\\\/it\\\/notizie\\\/ala-bianca-presente-a-venezia-con-le-colonne-sonore-di-cinque-opere-cinematografiche\\\/#primaryimage\"},\"thumbnailUrl\":\"https:\\\/\\\/www.alabianca.it\\\/wp-content\\\/uploads\\\/2023\\\/08\\\/2023_sito_-_newsletter_7.jpg\",\"articleSection\":[\"Notizie\"],\"inLanguage\":\"it-IT\",\"potentialAction\":[{\"@type\":\"CommentAction\",\"name\":\"Comment\",\"target\":[\"https:\\\/\\\/www.alabianca.it\\\/it\\\/notizie\\\/ala-bianca-presente-a-venezia-con-le-colonne-sonore-di-cinque-opere-cinematografiche\\\/#respond\"]}]},{\"@type\":\"WebPage\",\"@id\":\"https:\\\/\\\/www.alabianca.it\\\/it\\\/notizie\\\/ala-bianca-presente-a-venezia-con-le-colonne-sonore-di-cinque-opere-cinematografiche\\\/\",\"url\":\"https:\\\/\\\/www.alabianca.it\\\/it\\\/notizie\\\/ala-bianca-presente-a-venezia-con-le-colonne-sonore-di-cinque-opere-cinematografiche\\\/\",\"name\":\"Ala Bianca presente a Venezia con le colonne sonore di cinque opere cinematografiche - Ala Bianca Group\",\"isPartOf\":{\"@id\":\"https:\\\/\\\/www.alabianca.it\\\/it\\\/#website\"},\"primaryImageOfPage\":{\"@id\":\"https:\\\/\\\/www.alabianca.it\\\/it\\\/notizie\\\/ala-bianca-presente-a-venezia-con-le-colonne-sonore-di-cinque-opere-cinematografiche\\\/#primaryimage\"},\"image\":{\"@id\":\"https:\\\/\\\/www.alabianca.it\\\/it\\\/notizie\\\/ala-bianca-presente-a-venezia-con-le-colonne-sonore-di-cinque-opere-cinematografiche\\\/#primaryimage\"},\"thumbnailUrl\":\"https:\\\/\\\/www.alabianca.it\\\/wp-content\\\/uploads\\\/2023\\\/08\\\/2023_sito_-_newsletter_7.jpg\",\"datePublished\":\"2023-08-08T08:54:04+00:00\",\"description\":\"Cinque titoli di film\\\/documentari in programma a Venezia avranno la colonna sonora edita e prodotta da Ala Bianca\",\"breadcrumb\":{\"@id\":\"https:\\\/\\\/www.alabianca.it\\\/it\\\/notizie\\\/ala-bianca-presente-a-venezia-con-le-colonne-sonore-di-cinque-opere-cinematografiche\\\/#breadcrumb\"},\"inLanguage\":\"it-IT\",\"potentialAction\":[{\"@type\":\"ReadAction\",\"target\":[\"https:\\\/\\\/www.alabianca.it\\\/it\\\/notizie\\\/ala-bianca-presente-a-venezia-con-le-colonne-sonore-di-cinque-opere-cinematografiche\\\/\"]}]},{\"@type\":\"ImageObject\",\"inLanguage\":\"it-IT\",\"@id\":\"https:\\\/\\\/www.alabianca.it\\\/it\\\/notizie\\\/ala-bianca-presente-a-venezia-con-le-colonne-sonore-di-cinque-opere-cinematografiche\\\/#primaryimage\",\"url\":\"https:\\\/\\\/www.alabianca.it\\\/wp-content\\\/uploads\\\/2023\\\/08\\\/2023_sito_-_newsletter_7.jpg\",\"contentUrl\":\"https:\\\/\\\/www.alabianca.it\\\/wp-content\\\/uploads\\\/2023\\\/08\\\/2023_sito_-_newsletter_7.jpg\",\"width\":600,\"height\":600,\"caption\":\"Biennale del Cinema di Venezia 2023 Ala Bianca Colonne Sonore Soundtracks film docufilm\"},{\"@type\":\"BreadcrumbList\",\"@id\":\"https:\\\/\\\/www.alabianca.it\\\/it\\\/notizie\\\/ala-bianca-presente-a-venezia-con-le-colonne-sonore-di-cinque-opere-cinematografiche\\\/#breadcrumb\",\"itemListElement\":[{\"@type\":\"ListItem\",\"position\":1,\"name\":\"Home\",\"item\":\"https:\\\/\\\/www.alabianca.it\\\/it\\\/\"},{\"@type\":\"ListItem\",\"position\":2,\"name\":\"Ala Bianca presente a Venezia con le colonne sonore di cinque opere cinematografiche\"}]},{\"@type\":\"WebSite\",\"@id\":\"https:\\\/\\\/www.alabianca.it\\\/it\\\/#website\",\"url\":\"https:\\\/\\\/www.alabianca.it\\\/it\\\/\",\"name\":\"Ala Bianca Group\",\"description\":\"Editore e produttore discografico\",\"publisher\":{\"@id\":\"https:\\\/\\\/www.alabianca.it\\\/it\\\/#organization\"},\"potentialAction\":[{\"@type\":\"SearchAction\",\"target\":{\"@type\":\"EntryPoint\",\"urlTemplate\":\"https:\\\/\\\/www.alabianca.it\\\/it\\\/?s={search_term_string}\"},\"query-input\":{\"@type\":\"PropertyValueSpecification\",\"valueRequired\":true,\"valueName\":\"search_term_string\"}}],\"inLanguage\":\"it-IT\"},{\"@type\":\"Organization\",\"@id\":\"https:\\\/\\\/www.alabianca.it\\\/it\\\/#organization\",\"name\":\"Alabianca Group S.r.l.\",\"url\":\"https:\\\/\\\/www.alabianca.it\\\/it\\\/\",\"logo\":{\"@type\":\"ImageObject\",\"inLanguage\":\"it-IT\",\"@id\":\"https:\\\/\\\/www.alabianca.it\\\/it\\\/#\\\/schema\\\/logo\\\/image\\\/\",\"url\":\"https:\\\/\\\/www.alabianca.it\\\/wp-content\\\/uploads\\\/2018\\\/01\\\/alabianca-records-logo-2018-h-3.png\",\"contentUrl\":\"https:\\\/\\\/www.alabianca.it\\\/wp-content\\\/uploads\\\/2018\\\/01\\\/alabianca-records-logo-2018-h-3.png\",\"width\":345,\"height\":133,\"caption\":\"Alabianca Group S.r.l.\"},\"image\":{\"@id\":\"https:\\\/\\\/www.alabianca.it\\\/it\\\/#\\\/schema\\\/logo\\\/image\\\/\"}},{\"@type\":\"Person\",\"@id\":\"https:\\\/\\\/www.alabianca.it\\\/it\\\/#\\\/schema\\\/person\\\/e3c12e42cfdf21a168836032ca3fa14d\",\"name\":\"Elia Mazzotti\",\"url\":\"https:\\\/\\\/www.alabianca.it\\\/it\\\/author\\\/elia\\\/\"}]}<\/script>\n<!-- \/ Yoast SEO plugin. -->","yoast_head_json":{"title":"Ala Bianca presente a Venezia con le colonne sonore di cinque opere cinematografiche - Ala Bianca Group","description":"Cinque titoli di film\/documentari in programma a Venezia avranno la colonna sonora edita e prodotta da Ala Bianca","robots":{"index":"index","follow":"follow","max-snippet":"max-snippet:-1","max-image-preview":"max-image-preview:large","max-video-preview":"max-video-preview:-1"},"canonical":"https:\/\/www.alabianca.it\/it\/notizie\/ala-bianca-presente-a-venezia-con-le-colonne-sonore-di-cinque-opere-cinematografiche\/","og_locale":"it_IT","og_type":"article","og_title":"Ala Bianca presente a Venezia con le colonne sonore di cinque opere cinematografiche - Ala Bianca Group","og_description":"Cinque titoli di film\/documentari in programma a Venezia avranno la colonna sonora edita e prodotta da Ala Bianca","og_url":"https:\/\/www.alabianca.it\/it\/notizie\/ala-bianca-presente-a-venezia-con-le-colonne-sonore-di-cinque-opere-cinematografiche\/","og_site_name":"Ala Bianca Group","article_published_time":"2023-08-08T08:54:04+00:00","og_image":[{"width":1200,"height":630,"url":"https:\/\/www.alabianca.it\/wp-content\/uploads\/2023\/08\/Senza-titolo-1.jpg","type":"image\/jpeg"}],"author":"Elia Mazzotti","twitter_card":"summary_large_image","twitter_misc":{"Scritto da":"Elia Mazzotti","Tempo di lettura stimato":"4 minuti"},"schema":{"@context":"https:\/\/schema.org","@graph":[{"@type":"Article","@id":"https:\/\/www.alabianca.it\/it\/notizie\/ala-bianca-presente-a-venezia-con-le-colonne-sonore-di-cinque-opere-cinematografiche\/#article","isPartOf":{"@id":"https:\/\/www.alabianca.it\/it\/notizie\/ala-bianca-presente-a-venezia-con-le-colonne-sonore-di-cinque-opere-cinematografiche\/"},"author":{"name":"Elia Mazzotti","@id":"https:\/\/www.alabianca.it\/it\/#\/schema\/person\/e3c12e42cfdf21a168836032ca3fa14d"},"headline":"Ala Bianca presente a Venezia con le colonne sonore di cinque opere cinematografiche","datePublished":"2023-08-08T08:54:04+00:00","mainEntityOfPage":{"@id":"https:\/\/www.alabianca.it\/it\/notizie\/ala-bianca-presente-a-venezia-con-le-colonne-sonore-di-cinque-opere-cinematografiche\/"},"wordCount":659,"commentCount":0,"publisher":{"@id":"https:\/\/www.alabianca.it\/it\/#organization"},"image":{"@id":"https:\/\/www.alabianca.it\/it\/notizie\/ala-bianca-presente-a-venezia-con-le-colonne-sonore-di-cinque-opere-cinematografiche\/#primaryimage"},"thumbnailUrl":"https:\/\/www.alabianca.it\/wp-content\/uploads\/2023\/08\/2023_sito_-_newsletter_7.jpg","articleSection":["Notizie"],"inLanguage":"it-IT","potentialAction":[{"@type":"CommentAction","name":"Comment","target":["https:\/\/www.alabianca.it\/it\/notizie\/ala-bianca-presente-a-venezia-con-le-colonne-sonore-di-cinque-opere-cinematografiche\/#respond"]}]},{"@type":"WebPage","@id":"https:\/\/www.alabianca.it\/it\/notizie\/ala-bianca-presente-a-venezia-con-le-colonne-sonore-di-cinque-opere-cinematografiche\/","url":"https:\/\/www.alabianca.it\/it\/notizie\/ala-bianca-presente-a-venezia-con-le-colonne-sonore-di-cinque-opere-cinematografiche\/","name":"Ala Bianca presente a Venezia con le colonne sonore di cinque opere cinematografiche - Ala Bianca Group","isPartOf":{"@id":"https:\/\/www.alabianca.it\/it\/#website"},"primaryImageOfPage":{"@id":"https:\/\/www.alabianca.it\/it\/notizie\/ala-bianca-presente-a-venezia-con-le-colonne-sonore-di-cinque-opere-cinematografiche\/#primaryimage"},"image":{"@id":"https:\/\/www.alabianca.it\/it\/notizie\/ala-bianca-presente-a-venezia-con-le-colonne-sonore-di-cinque-opere-cinematografiche\/#primaryimage"},"thumbnailUrl":"https:\/\/www.alabianca.it\/wp-content\/uploads\/2023\/08\/2023_sito_-_newsletter_7.jpg","datePublished":"2023-08-08T08:54:04+00:00","description":"Cinque titoli di film\/documentari in programma a Venezia avranno la colonna sonora edita e prodotta da Ala Bianca","breadcrumb":{"@id":"https:\/\/www.alabianca.it\/it\/notizie\/ala-bianca-presente-a-venezia-con-le-colonne-sonore-di-cinque-opere-cinematografiche\/#breadcrumb"},"inLanguage":"it-IT","potentialAction":[{"@type":"ReadAction","target":["https:\/\/www.alabianca.it\/it\/notizie\/ala-bianca-presente-a-venezia-con-le-colonne-sonore-di-cinque-opere-cinematografiche\/"]}]},{"@type":"ImageObject","inLanguage":"it-IT","@id":"https:\/\/www.alabianca.it\/it\/notizie\/ala-bianca-presente-a-venezia-con-le-colonne-sonore-di-cinque-opere-cinematografiche\/#primaryimage","url":"https:\/\/www.alabianca.it\/wp-content\/uploads\/2023\/08\/2023_sito_-_newsletter_7.jpg","contentUrl":"https:\/\/www.alabianca.it\/wp-content\/uploads\/2023\/08\/2023_sito_-_newsletter_7.jpg","width":600,"height":600,"caption":"Biennale del Cinema di Venezia 2023 Ala Bianca Colonne Sonore Soundtracks film docufilm"},{"@type":"BreadcrumbList","@id":"https:\/\/www.alabianca.it\/it\/notizie\/ala-bianca-presente-a-venezia-con-le-colonne-sonore-di-cinque-opere-cinematografiche\/#breadcrumb","itemListElement":[{"@type":"ListItem","position":1,"name":"Home","item":"https:\/\/www.alabianca.it\/it\/"},{"@type":"ListItem","position":2,"name":"Ala Bianca presente a Venezia con le colonne sonore di cinque opere cinematografiche"}]},{"@type":"WebSite","@id":"https:\/\/www.alabianca.it\/it\/#website","url":"https:\/\/www.alabianca.it\/it\/","name":"Ala Bianca Group","description":"Editore e produttore discografico","publisher":{"@id":"https:\/\/www.alabianca.it\/it\/#organization"},"potentialAction":[{"@type":"SearchAction","target":{"@type":"EntryPoint","urlTemplate":"https:\/\/www.alabianca.it\/it\/?s={search_term_string}"},"query-input":{"@type":"PropertyValueSpecification","valueRequired":true,"valueName":"search_term_string"}}],"inLanguage":"it-IT"},{"@type":"Organization","@id":"https:\/\/www.alabianca.it\/it\/#organization","name":"Alabianca Group S.r.l.","url":"https:\/\/www.alabianca.it\/it\/","logo":{"@type":"ImageObject","inLanguage":"it-IT","@id":"https:\/\/www.alabianca.it\/it\/#\/schema\/logo\/image\/","url":"https:\/\/www.alabianca.it\/wp-content\/uploads\/2018\/01\/alabianca-records-logo-2018-h-3.png","contentUrl":"https:\/\/www.alabianca.it\/wp-content\/uploads\/2018\/01\/alabianca-records-logo-2018-h-3.png","width":345,"height":133,"caption":"Alabianca Group S.r.l."},"image":{"@id":"https:\/\/www.alabianca.it\/it\/#\/schema\/logo\/image\/"}},{"@type":"Person","@id":"https:\/\/www.alabianca.it\/it\/#\/schema\/person\/e3c12e42cfdf21a168836032ca3fa14d","name":"Elia Mazzotti","url":"https:\/\/www.alabianca.it\/it\/author\/elia\/"}]}},"_links":{"self":[{"href":"https:\/\/www.alabianca.it\/it\/wp-json\/wp\/v2\/posts\/20144","targetHints":{"allow":["GET"]}}],"collection":[{"href":"https:\/\/www.alabianca.it\/it\/wp-json\/wp\/v2\/posts"}],"about":[{"href":"https:\/\/www.alabianca.it\/it\/wp-json\/wp\/v2\/types\/post"}],"author":[{"embeddable":true,"href":"https:\/\/www.alabianca.it\/it\/wp-json\/wp\/v2\/users\/88"}],"replies":[{"embeddable":true,"href":"https:\/\/www.alabianca.it\/it\/wp-json\/wp\/v2\/comments?post=20144"}],"version-history":[{"count":4,"href":"https:\/\/www.alabianca.it\/it\/wp-json\/wp\/v2\/posts\/20144\/revisions"}],"predecessor-version":[{"id":20156,"href":"https:\/\/www.alabianca.it\/it\/wp-json\/wp\/v2\/posts\/20144\/revisions\/20156"}],"wp:featuredmedia":[{"embeddable":true,"href":"https:\/\/www.alabianca.it\/it\/wp-json\/wp\/v2\/media\/20145"}],"wp:attachment":[{"href":"https:\/\/www.alabianca.it\/it\/wp-json\/wp\/v2\/media?parent=20144"}],"wp:term":[{"taxonomy":"category","embeddable":true,"href":"https:\/\/www.alabianca.it\/it\/wp-json\/wp\/v2\/categories?post=20144"},{"taxonomy":"post_tag","embeddable":true,"href":"https:\/\/www.alabianca.it\/it\/wp-json\/wp\/v2\/tags?post=20144"}],"curies":[{"name":"wp","href":"https:\/\/api.w.org\/{rel}","templated":true}]}}