{"id":20368,"date":"2024-02-06T14:21:22","date_gmt":"2024-02-06T14:21:22","guid":{"rendered":"https:\/\/www.alabianca.it\/?p=20368"},"modified":"2024-02-06T14:26:09","modified_gmt":"2024-02-06T14:26:09","slug":"paolo-jannacci-e-stefano-massini-ospiti-al-festival-di-sanremo-con-luomo-nel-lampo","status":"publish","type":"post","link":"https:\/\/www.alabianca.it\/it\/notizie\/paolo-jannacci-e-stefano-massini-ospiti-al-festival-di-sanremo-con-luomo-nel-lampo\/","title":{"rendered":"Paolo Jannacci e Stefano Massini ospiti al Festival di Sanremo con &#8220;L&#8217;uomo nel lampo&#8221;"},"content":{"rendered":"<p><a href=\"\/paolo-jannacci\/\"><strong>Paolo Jannacci<\/strong><\/a>\u00a0(musicista, cantautore e figlio del grande Enzo) e <a href=\"https:\/\/it.wikipedia.org\/wiki\/Stefano_Massini\"><strong>Stefano Massini<\/strong><\/a> (scrittore e narratore, unico italiano ad aver vinto il Tony Award premio Oscar del teatro americano), saranno ospiti alla 74\u00b0 edizione del <a href=\"https:\/\/www.rai.it\/programmi\/sanremo\/\"><strong>Festival di Sanremo<\/strong><\/a> <strong>gioved\u00ec 8 Febbraio<\/strong> con \u201c<strong><em>L\u2019uomo nel lampo<\/em><\/strong>\u201d, un brano inedito di denuncia sociale, con arrangiamento ed orchestra diretta dal Maestro <a href=\"https:\/\/en.wikipedia.org\/wiki\/Maurizio_Bassi\"><strong>Maurizio Bassi<\/strong><\/a>.<\/p>\n<p><strong>Jannacci e Massini<\/strong>, hanno da tempo consolidato il loro rapporto artistico grazie allo spettacolo teatrale \u201c<em>Storie<\/em>\u201d prodotto da <a href=\"https:\/\/www.piccoloteatro.org\/it\">Piccolo Teatro di Milano<\/a> che li ha visti protagonisti nei maggiori teatri italiani dal 2020.<\/p>\n<p>Sul palco dell\u2019Ariston Massini e Jannacci faranno vivere un <strong>brano a forte impatto sociale ed emotivo<\/strong>, un argomento di cui si parla sempre e solo in occasione di gravi accadimenti ai quali non si pone\u00a0 mai rimedio: <strong>le morti sul lavoro!<\/strong> Raccontate spesso con numeri e statistiche, restano vite scomparse improvvisamente, dimenticate il giorno dopo\u2026<\/p>\n<p><a href=\"https:\/\/www.alabianca.it\/wp-content\/uploads\/2024\/02\/Paolo-Jannacci-e-Stefano-Massini.jpg\"><img loading=\"lazy\" decoding=\"async\" class=\"aligncenter size-large wp-image-20371\" src=\"https:\/\/www.alabianca.it\/wp-content\/uploads\/2024\/02\/Paolo-Jannacci-e-Stefano-Massini-1024x735.jpg\" alt=\"Paolo Jannacci e Stefano Massini portano il brano &quot;L'uomo nel lampo&quot; in occasione della 74a edizione del festival di Sanremo. Arrangiamento ed orchestra diretta dal Maestro Maurizio Bassi. Pubblicato da ALA BIANCA su tutte le piattaforme digitali (audio\/video) dopo la performance all\u2019Ariston di Gioved\u00ec 8 Febbraio.\" width=\"1024\" height=\"735\" srcset=\"https:\/\/www.alabianca.it\/wp-content\/uploads\/2024\/02\/Paolo-Jannacci-e-Stefano-Massini-1024x735.jpg 1024w, https:\/\/www.alabianca.it\/wp-content\/uploads\/2024\/02\/Paolo-Jannacci-e-Stefano-Massini-300x215.jpg 300w, https:\/\/www.alabianca.it\/wp-content\/uploads\/2024\/02\/Paolo-Jannacci-e-Stefano-Massini-768x551.jpg 768w, https:\/\/www.alabianca.it\/wp-content\/uploads\/2024\/02\/Paolo-Jannacci-e-Stefano-Massini.jpg 1352w\" sizes=\"auto, (max-width: 1024px) 100vw, 1024px\" \/><\/a><\/p>\n<p>Racconta <strong>Stefano Massini<\/strong>:<\/p>\n<blockquote>\n<p style=\"padding-left: 40px;\"><em>\u201c<strong>L\u2019uomo nel lampo<\/strong>\u201d \u00e8 un dialogo in musica.<br \/>\n<\/em><em>C\u2019\u00e8 un padre morto giovanissimo in un incidente sul lavoro, uno di quelli che funestano le nostre cronache, senza far notizia al punto tale che neppure destano pi\u00f9 scandalo perch\u00e9 il lavoro \u00e8 diventato un far west e i diritti sono un lusso.<br \/>\nL\u2019assuefazione alle cosiddette morte bianche \u00e8 ormai un dato di fatto, e con questo brano di teatro-canzone tentiamo di sollevare il velo della narcosi.<\/em><\/p>\n<p style=\"padding-left: 40px;\"><em>La canzone \u00e8 un piccolo ritratto di vita, drammatica perch\u00e8 cristallizza un dialogo impossibile: da quella fotografia appesa in salotto, il padre non smette mai di parlare al figlio, che nel frattempo cresce nella leggenda di quel pap\u00e0 \u201cmorto dentro un lampo\u201d.<\/em><\/p>\n<p style=\"padding-left: 40px;\"><em>\u00c8 un nuovo capitolo della collaborazione che da anni mi lega a Paolo Jannacci, e che dal 2020 ci ha visti nei teatri di tutta Italia con le repliche di \u201cStorie\u201d del Piccolo Teatro di Milano.<br \/>\nQuesta collaborazione mi rende ancora pi\u00f9 fiero dal momento che si inscrive nella scia di un impegno civile, quello sulle morti cosiddette \u201cbianche\u201d, che tante volte ho denunciato anche per ragioni familiari.<\/em><\/p>\n<\/blockquote>\n<p>&nbsp;<\/p>\n<p>Aggiunge <strong>Paolo Jannacci<\/strong>:<\/p>\n<blockquote>\n<p style=\"padding-left: 40px;\"><em>Riuscire a tutelare e tutelarsi nel mondo del lavoro ci sottrae dalla meschinit\u00e0 che spesso ci domina.<br \/>\n\u201c<strong>L\u2019uomo nel lampo<\/strong>\u201d \u00e8 un piccolo contributo in chiave poetica, per non dimenticare chi \u00e8 morto sul lavoro e per mantenersi sempre in guardia, perch\u00e9 ne va della nostra vita. <\/em><\/p>\n<p style=\"padding-left: 40px;\"><em>L\u2019Italia \u00e8 una Repubblica democratica fondata sul lavoro, ma spesso ce ne dimentichiamo.<br \/>\nAltro non posso dire perch\u00e9 sono solo un saltimbanco\u2026 Ma si sa: i saltimbanchi, da sempre, raccontano amare verit\u00e0<\/em>.<\/p>\n<\/blockquote>\n<p>&nbsp;<\/p>\n<p>\u201c<strong><em>L\u2019uomo nel lampo<\/em><\/strong>\u201d verr\u00e0 pubblicato da <a href=\"\/chi-siamo\/\"><strong>Ala Bianca<\/strong><\/a> su tutte le piattaforme digitali (audio\/video), dopo la performance all\u2019Ariston di Gioved\u00ec 8 Febbraio.<\/p>\n<p><strong><a href=\"https:\/\/www.alabianca.it\/wp-content\/uploads\/2024\/02\/Jannacci-Massini-Luomo-nel-lampo-1080x1080-1.png\"><img loading=\"lazy\" decoding=\"async\" class=\"aligncenter  wp-image-20369\" src=\"https:\/\/www.alabianca.it\/wp-content\/uploads\/2024\/02\/Jannacci-Massini-Luomo-nel-lampo-1080x1080-1-1024x1024.png\" alt=\"Cover del brano &quot;L'uomo nel lampo&quot;, realizzato da Paolo Jannacci e Stefano Massini in occasione della 74a edizione del festival di Sanremo. Arrangiamento ed orchestra diretta dal Maestro Maurizio Bassi. Pubblicato da ALA BIANCA su tutte le piattaforme digitali (audio\/video) dopo la performance all\u2019Ariston di Gioved\u00ec 8 Febbraio.\" width=\"450\" height=\"450\" srcset=\"https:\/\/www.alabianca.it\/wp-content\/uploads\/2024\/02\/Jannacci-Massini-Luomo-nel-lampo-1080x1080-1-1024x1024.png 1024w, https:\/\/www.alabianca.it\/wp-content\/uploads\/2024\/02\/Jannacci-Massini-Luomo-nel-lampo-1080x1080-1-300x300.png 300w, https:\/\/www.alabianca.it\/wp-content\/uploads\/2024\/02\/Jannacci-Massini-Luomo-nel-lampo-1080x1080-1-150x150.png 150w, https:\/\/www.alabianca.it\/wp-content\/uploads\/2024\/02\/Jannacci-Massini-Luomo-nel-lampo-1080x1080-1-768x768.png 768w, https:\/\/www.alabianca.it\/wp-content\/uploads\/2024\/02\/Jannacci-Massini-Luomo-nel-lampo-1080x1080-1-100x100.png 100w, https:\/\/www.alabianca.it\/wp-content\/uploads\/2024\/02\/Jannacci-Massini-Luomo-nel-lampo-1080x1080-1.png 1080w\" sizes=\"auto, (max-width: 450px) 100vw, 450px\" \/><\/a><\/strong><\/p>\n<p><strong>Ala Bianca, <\/strong>da sempre <em>border line<\/em> nel mercato per la sua attenzione verso i contenuti, dalla canzone popolare (<a href=\"\/dischi-del-sole\/\"><em>I Dischi del Sole<\/em><\/a>), alla canzone d\u2019autore (<a href=\"\/i-dischi-del-club-tenco\/\"><em>I Dischi del Club Tenco<\/em><\/a>), i vent\u2019anni di collaborazione artistica con <a href=\"\/enzo-jannacci\/\"><strong>Enzo Jannacci<\/strong><\/a> proseguita con il figlio Paolo, la produzione di colonne sonore per film di registi prestigiosi, presenta quest\u2019opera unica, anche poetica ma di denuncia sociale, grazie a sensibilit\u00e0 ed acutezza dei due artisti-interpreti del brano: <strong>Paolo Jannacci<\/strong> \u2013 canto e pianoforte \u2013 e <strong>Stefano Massini \u2013 <\/strong>recitazione, racconto intenso \u2013.<\/p>\n","protected":false},"excerpt":{"rendered":"<p>Paolo Jannacci\u00a0(musicista, cantautore e figlio del grande Enzo) e Stefano Massini (scrittore e narratore, unico italiano ad aver vinto il Tony Award premio Oscar del teatro americano), saranno ospiti alla 74\u00b0 edizione del Festival di Sanremo gioved\u00ec 8 Febbraio con \u201cL\u2019uomo nel lampo\u201d, un brano inedito di denuncia sociale, con arrangiamento ed orchestra diretta dal [&hellip;]<\/p>\n","protected":false},"author":88,"featured_media":20369,"comment_status":"closed","ping_status":"closed","sticky":false,"template":"","format":"standard","meta":{"_acf_changed":false,"footnotes":""},"categories":[7],"tags":[2283,1274,2282],"class_list":["post-20368","post","type-post","status-publish","format-standard","has-post-thumbnail","hentry","category-notizie","tag-festival-di-sanremo","tag-paolo-jannacci","tag-stefano-massini"],"acf":[],"yoast_head":"<!-- This site is optimized with the Yoast SEO plugin v27.5 - https:\/\/yoast.com\/product\/yoast-seo-wordpress\/ -->\n<title>Paolo Jannacci e Stefano Massini ospiti al Festival di Sanremo con &quot;L&#039;uomo nel lampo&quot; - Ala Bianca Group<\/title>\n<meta name=\"description\" content=\"Paolo Jannacci e Stefano Massini ospiti della 74\u00b0 edizione del Festival di Sanremo con &quot;L&#039;uomo nel lampo&quot;, pubblicato da Ala Bianca.\" \/>\n<meta name=\"robots\" content=\"index, follow, max-snippet:-1, max-image-preview:large, max-video-preview:-1\" \/>\n<link rel=\"canonical\" href=\"https:\/\/www.alabianca.it\/it\/notizie\/paolo-jannacci-e-stefano-massini-ospiti-al-festival-di-sanremo-con-luomo-nel-lampo\/\" \/>\n<meta property=\"og:locale\" content=\"it_IT\" \/>\n<meta property=\"og:type\" content=\"article\" \/>\n<meta property=\"og:title\" content=\"Paolo Jannacci e Stefano Massini ospiti al Festival di Sanremo con &quot;L&#039;uomo nel lampo&quot; - Ala Bianca Group\" \/>\n<meta property=\"og:description\" content=\"Paolo Jannacci e Stefano Massini ospiti della 74\u00b0 edizione del Festival di Sanremo con &quot;L&#039;uomo nel lampo&quot;, pubblicato da Ala Bianca.\" \/>\n<meta property=\"og:url\" content=\"https:\/\/www.alabianca.it\/it\/notizie\/paolo-jannacci-e-stefano-massini-ospiti-al-festival-di-sanremo-con-luomo-nel-lampo\/\" \/>\n<meta property=\"og:site_name\" content=\"Ala Bianca Group\" \/>\n<meta property=\"article:published_time\" content=\"2024-02-06T14:21:22+00:00\" \/>\n<meta property=\"article:modified_time\" content=\"2024-02-06T14:26:09+00:00\" \/>\n<meta property=\"og:image\" content=\"https:\/\/www.alabianca.it\/wp-content\/uploads\/2024\/02\/Paolo-Jannacci-e-Stefano-Massini.jpg\" \/>\n\t<meta property=\"og:image:width\" content=\"1352\" \/>\n\t<meta property=\"og:image:height\" content=\"970\" \/>\n\t<meta property=\"og:image:type\" content=\"image\/jpeg\" \/>\n<meta name=\"author\" content=\"Elia Mazzotti\" \/>\n<meta name=\"twitter:card\" content=\"summary_large_image\" \/>\n<meta name=\"twitter:label1\" content=\"Scritto da\" \/>\n\t<meta name=\"twitter:data1\" content=\"Elia Mazzotti\" \/>\n\t<meta name=\"twitter:label2\" content=\"Tempo di lettura stimato\" \/>\n\t<meta name=\"twitter:data2\" content=\"2 minuti\" \/>\n<script type=\"application\/ld+json\" class=\"yoast-schema-graph\">{\"@context\":\"https:\\\/\\\/schema.org\",\"@graph\":[{\"@type\":\"Article\",\"@id\":\"https:\\\/\\\/www.alabianca.it\\\/it\\\/notizie\\\/paolo-jannacci-e-stefano-massini-ospiti-al-festival-di-sanremo-con-luomo-nel-lampo\\\/#article\",\"isPartOf\":{\"@id\":\"https:\\\/\\\/www.alabianca.it\\\/it\\\/notizie\\\/paolo-jannacci-e-stefano-massini-ospiti-al-festival-di-sanremo-con-luomo-nel-lampo\\\/\"},\"author\":{\"name\":\"Elia Mazzotti\",\"@id\":\"https:\\\/\\\/www.alabianca.it\\\/it\\\/#\\\/schema\\\/person\\\/e3c12e42cfdf21a168836032ca3fa14d\"},\"headline\":\"Paolo Jannacci e Stefano Massini ospiti al Festival di Sanremo con &#8220;L&#8217;uomo nel lampo&#8221;\",\"datePublished\":\"2024-02-06T14:21:22+00:00\",\"dateModified\":\"2024-02-06T14:26:09+00:00\",\"mainEntityOfPage\":{\"@id\":\"https:\\\/\\\/www.alabianca.it\\\/it\\\/notizie\\\/paolo-jannacci-e-stefano-massini-ospiti-al-festival-di-sanremo-con-luomo-nel-lampo\\\/\"},\"wordCount\":538,\"publisher\":{\"@id\":\"https:\\\/\\\/www.alabianca.it\\\/it\\\/#organization\"},\"image\":{\"@id\":\"https:\\\/\\\/www.alabianca.it\\\/it\\\/notizie\\\/paolo-jannacci-e-stefano-massini-ospiti-al-festival-di-sanremo-con-luomo-nel-lampo\\\/#primaryimage\"},\"thumbnailUrl\":\"https:\\\/\\\/www.alabianca.it\\\/wp-content\\\/uploads\\\/2024\\\/02\\\/Jannacci-Massini-Luomo-nel-lampo-1080x1080-1.png\",\"keywords\":[\"Festival di Sanremo\",\"Paolo Jannacci\",\"Stefano Massini\"],\"articleSection\":[\"Notizie\"],\"inLanguage\":\"it-IT\"},{\"@type\":\"WebPage\",\"@id\":\"https:\\\/\\\/www.alabianca.it\\\/it\\\/notizie\\\/paolo-jannacci-e-stefano-massini-ospiti-al-festival-di-sanremo-con-luomo-nel-lampo\\\/\",\"url\":\"https:\\\/\\\/www.alabianca.it\\\/it\\\/notizie\\\/paolo-jannacci-e-stefano-massini-ospiti-al-festival-di-sanremo-con-luomo-nel-lampo\\\/\",\"name\":\"Paolo Jannacci e Stefano Massini ospiti al Festival di Sanremo con \\\"L'uomo nel lampo\\\" - Ala Bianca Group\",\"isPartOf\":{\"@id\":\"https:\\\/\\\/www.alabianca.it\\\/it\\\/#website\"},\"primaryImageOfPage\":{\"@id\":\"https:\\\/\\\/www.alabianca.it\\\/it\\\/notizie\\\/paolo-jannacci-e-stefano-massini-ospiti-al-festival-di-sanremo-con-luomo-nel-lampo\\\/#primaryimage\"},\"image\":{\"@id\":\"https:\\\/\\\/www.alabianca.it\\\/it\\\/notizie\\\/paolo-jannacci-e-stefano-massini-ospiti-al-festival-di-sanremo-con-luomo-nel-lampo\\\/#primaryimage\"},\"thumbnailUrl\":\"https:\\\/\\\/www.alabianca.it\\\/wp-content\\\/uploads\\\/2024\\\/02\\\/Jannacci-Massini-Luomo-nel-lampo-1080x1080-1.png\",\"datePublished\":\"2024-02-06T14:21:22+00:00\",\"dateModified\":\"2024-02-06T14:26:09+00:00\",\"description\":\"Paolo Jannacci e Stefano Massini ospiti della 74\u00b0 edizione del Festival di Sanremo con \\\"L'uomo nel lampo\\\", pubblicato da Ala Bianca.\",\"breadcrumb\":{\"@id\":\"https:\\\/\\\/www.alabianca.it\\\/it\\\/notizie\\\/paolo-jannacci-e-stefano-massini-ospiti-al-festival-di-sanremo-con-luomo-nel-lampo\\\/#breadcrumb\"},\"inLanguage\":\"it-IT\",\"potentialAction\":[{\"@type\":\"ReadAction\",\"target\":[\"https:\\\/\\\/www.alabianca.it\\\/it\\\/notizie\\\/paolo-jannacci-e-stefano-massini-ospiti-al-festival-di-sanremo-con-luomo-nel-lampo\\\/\"]}]},{\"@type\":\"ImageObject\",\"inLanguage\":\"it-IT\",\"@id\":\"https:\\\/\\\/www.alabianca.it\\\/it\\\/notizie\\\/paolo-jannacci-e-stefano-massini-ospiti-al-festival-di-sanremo-con-luomo-nel-lampo\\\/#primaryimage\",\"url\":\"https:\\\/\\\/www.alabianca.it\\\/wp-content\\\/uploads\\\/2024\\\/02\\\/Jannacci-Massini-Luomo-nel-lampo-1080x1080-1.png\",\"contentUrl\":\"https:\\\/\\\/www.alabianca.it\\\/wp-content\\\/uploads\\\/2024\\\/02\\\/Jannacci-Massini-Luomo-nel-lampo-1080x1080-1.png\",\"width\":1080,\"height\":1080,\"caption\":\"Cover del brano \\\"L'uomo nel lampo\\\", realizzato da Paolo Jannacci e Stefano Massini in occasione della 74a edizione del festival di Sanremo. Arrangiamento ed orchestra diretta dal Maestro Maurizio Bassi. Pubblicato da ALA BIANCA su tutte le piattaforme digitali (audio\\\/video) dopo la performance all\u2019Ariston di Gioved\u00ec 8 Febbraio.\"},{\"@type\":\"BreadcrumbList\",\"@id\":\"https:\\\/\\\/www.alabianca.it\\\/it\\\/notizie\\\/paolo-jannacci-e-stefano-massini-ospiti-al-festival-di-sanremo-con-luomo-nel-lampo\\\/#breadcrumb\",\"itemListElement\":[{\"@type\":\"ListItem\",\"position\":1,\"name\":\"Home\",\"item\":\"https:\\\/\\\/www.alabianca.it\\\/it\\\/\"},{\"@type\":\"ListItem\",\"position\":2,\"name\":\"Paolo Jannacci e Stefano Massini ospiti al Festival di Sanremo con &#8220;L&#8217;uomo nel lampo&#8221;\"}]},{\"@type\":\"WebSite\",\"@id\":\"https:\\\/\\\/www.alabianca.it\\\/it\\\/#website\",\"url\":\"https:\\\/\\\/www.alabianca.it\\\/it\\\/\",\"name\":\"Ala Bianca Group\",\"description\":\"Editore e produttore discografico\",\"publisher\":{\"@id\":\"https:\\\/\\\/www.alabianca.it\\\/it\\\/#organization\"},\"potentialAction\":[{\"@type\":\"SearchAction\",\"target\":{\"@type\":\"EntryPoint\",\"urlTemplate\":\"https:\\\/\\\/www.alabianca.it\\\/it\\\/?s={search_term_string}\"},\"query-input\":{\"@type\":\"PropertyValueSpecification\",\"valueRequired\":true,\"valueName\":\"search_term_string\"}}],\"inLanguage\":\"it-IT\"},{\"@type\":\"Organization\",\"@id\":\"https:\\\/\\\/www.alabianca.it\\\/it\\\/#organization\",\"name\":\"Alabianca Group S.r.l.\",\"url\":\"https:\\\/\\\/www.alabianca.it\\\/it\\\/\",\"logo\":{\"@type\":\"ImageObject\",\"inLanguage\":\"it-IT\",\"@id\":\"https:\\\/\\\/www.alabianca.it\\\/it\\\/#\\\/schema\\\/logo\\\/image\\\/\",\"url\":\"https:\\\/\\\/www.alabianca.it\\\/wp-content\\\/uploads\\\/2018\\\/01\\\/alabianca-records-logo-2018-h-3.png\",\"contentUrl\":\"https:\\\/\\\/www.alabianca.it\\\/wp-content\\\/uploads\\\/2018\\\/01\\\/alabianca-records-logo-2018-h-3.png\",\"width\":345,\"height\":133,\"caption\":\"Alabianca Group S.r.l.\"},\"image\":{\"@id\":\"https:\\\/\\\/www.alabianca.it\\\/it\\\/#\\\/schema\\\/logo\\\/image\\\/\"}},{\"@type\":\"Person\",\"@id\":\"https:\\\/\\\/www.alabianca.it\\\/it\\\/#\\\/schema\\\/person\\\/e3c12e42cfdf21a168836032ca3fa14d\",\"name\":\"Elia Mazzotti\",\"url\":\"https:\\\/\\\/www.alabianca.it\\\/it\\\/author\\\/elia\\\/\"}]}<\/script>\n<!-- \/ Yoast SEO plugin. -->","yoast_head_json":{"title":"Paolo Jannacci e Stefano Massini ospiti al Festival di Sanremo con \"L'uomo nel lampo\" - Ala Bianca Group","description":"Paolo Jannacci e Stefano Massini ospiti della 74\u00b0 edizione del Festival di Sanremo con \"L'uomo nel lampo\", pubblicato da Ala Bianca.","robots":{"index":"index","follow":"follow","max-snippet":"max-snippet:-1","max-image-preview":"max-image-preview:large","max-video-preview":"max-video-preview:-1"},"canonical":"https:\/\/www.alabianca.it\/it\/notizie\/paolo-jannacci-e-stefano-massini-ospiti-al-festival-di-sanremo-con-luomo-nel-lampo\/","og_locale":"it_IT","og_type":"article","og_title":"Paolo Jannacci e Stefano Massini ospiti al Festival di Sanremo con \"L'uomo nel lampo\" - Ala Bianca Group","og_description":"Paolo Jannacci e Stefano Massini ospiti della 74\u00b0 edizione del Festival di Sanremo con \"L'uomo nel lampo\", pubblicato da Ala Bianca.","og_url":"https:\/\/www.alabianca.it\/it\/notizie\/paolo-jannacci-e-stefano-massini-ospiti-al-festival-di-sanremo-con-luomo-nel-lampo\/","og_site_name":"Ala Bianca Group","article_published_time":"2024-02-06T14:21:22+00:00","article_modified_time":"2024-02-06T14:26:09+00:00","og_image":[{"width":1352,"height":970,"url":"https:\/\/www.alabianca.it\/wp-content\/uploads\/2024\/02\/Paolo-Jannacci-e-Stefano-Massini.jpg","type":"image\/jpeg"}],"author":"Elia Mazzotti","twitter_card":"summary_large_image","twitter_misc":{"Scritto da":"Elia Mazzotti","Tempo di lettura stimato":"2 minuti"},"schema":{"@context":"https:\/\/schema.org","@graph":[{"@type":"Article","@id":"https:\/\/www.alabianca.it\/it\/notizie\/paolo-jannacci-e-stefano-massini-ospiti-al-festival-di-sanremo-con-luomo-nel-lampo\/#article","isPartOf":{"@id":"https:\/\/www.alabianca.it\/it\/notizie\/paolo-jannacci-e-stefano-massini-ospiti-al-festival-di-sanremo-con-luomo-nel-lampo\/"},"author":{"name":"Elia Mazzotti","@id":"https:\/\/www.alabianca.it\/it\/#\/schema\/person\/e3c12e42cfdf21a168836032ca3fa14d"},"headline":"Paolo Jannacci e Stefano Massini ospiti al Festival di Sanremo con &#8220;L&#8217;uomo nel lampo&#8221;","datePublished":"2024-02-06T14:21:22+00:00","dateModified":"2024-02-06T14:26:09+00:00","mainEntityOfPage":{"@id":"https:\/\/www.alabianca.it\/it\/notizie\/paolo-jannacci-e-stefano-massini-ospiti-al-festival-di-sanremo-con-luomo-nel-lampo\/"},"wordCount":538,"publisher":{"@id":"https:\/\/www.alabianca.it\/it\/#organization"},"image":{"@id":"https:\/\/www.alabianca.it\/it\/notizie\/paolo-jannacci-e-stefano-massini-ospiti-al-festival-di-sanremo-con-luomo-nel-lampo\/#primaryimage"},"thumbnailUrl":"https:\/\/www.alabianca.it\/wp-content\/uploads\/2024\/02\/Jannacci-Massini-Luomo-nel-lampo-1080x1080-1.png","keywords":["Festival di Sanremo","Paolo Jannacci","Stefano Massini"],"articleSection":["Notizie"],"inLanguage":"it-IT"},{"@type":"WebPage","@id":"https:\/\/www.alabianca.it\/it\/notizie\/paolo-jannacci-e-stefano-massini-ospiti-al-festival-di-sanremo-con-luomo-nel-lampo\/","url":"https:\/\/www.alabianca.it\/it\/notizie\/paolo-jannacci-e-stefano-massini-ospiti-al-festival-di-sanremo-con-luomo-nel-lampo\/","name":"Paolo Jannacci e Stefano Massini ospiti al Festival di Sanremo con \"L'uomo nel lampo\" - Ala Bianca Group","isPartOf":{"@id":"https:\/\/www.alabianca.it\/it\/#website"},"primaryImageOfPage":{"@id":"https:\/\/www.alabianca.it\/it\/notizie\/paolo-jannacci-e-stefano-massini-ospiti-al-festival-di-sanremo-con-luomo-nel-lampo\/#primaryimage"},"image":{"@id":"https:\/\/www.alabianca.it\/it\/notizie\/paolo-jannacci-e-stefano-massini-ospiti-al-festival-di-sanremo-con-luomo-nel-lampo\/#primaryimage"},"thumbnailUrl":"https:\/\/www.alabianca.it\/wp-content\/uploads\/2024\/02\/Jannacci-Massini-Luomo-nel-lampo-1080x1080-1.png","datePublished":"2024-02-06T14:21:22+00:00","dateModified":"2024-02-06T14:26:09+00:00","description":"Paolo Jannacci e Stefano Massini ospiti della 74\u00b0 edizione del Festival di Sanremo con \"L'uomo nel lampo\", pubblicato da Ala Bianca.","breadcrumb":{"@id":"https:\/\/www.alabianca.it\/it\/notizie\/paolo-jannacci-e-stefano-massini-ospiti-al-festival-di-sanremo-con-luomo-nel-lampo\/#breadcrumb"},"inLanguage":"it-IT","potentialAction":[{"@type":"ReadAction","target":["https:\/\/www.alabianca.it\/it\/notizie\/paolo-jannacci-e-stefano-massini-ospiti-al-festival-di-sanremo-con-luomo-nel-lampo\/"]}]},{"@type":"ImageObject","inLanguage":"it-IT","@id":"https:\/\/www.alabianca.it\/it\/notizie\/paolo-jannacci-e-stefano-massini-ospiti-al-festival-di-sanremo-con-luomo-nel-lampo\/#primaryimage","url":"https:\/\/www.alabianca.it\/wp-content\/uploads\/2024\/02\/Jannacci-Massini-Luomo-nel-lampo-1080x1080-1.png","contentUrl":"https:\/\/www.alabianca.it\/wp-content\/uploads\/2024\/02\/Jannacci-Massini-Luomo-nel-lampo-1080x1080-1.png","width":1080,"height":1080,"caption":"Cover del brano \"L'uomo nel lampo\", realizzato da Paolo Jannacci e Stefano Massini in occasione della 74a edizione del festival di Sanremo. Arrangiamento ed orchestra diretta dal Maestro Maurizio Bassi. Pubblicato da ALA BIANCA su tutte le piattaforme digitali (audio\/video) dopo la performance all\u2019Ariston di Gioved\u00ec 8 Febbraio."},{"@type":"BreadcrumbList","@id":"https:\/\/www.alabianca.it\/it\/notizie\/paolo-jannacci-e-stefano-massini-ospiti-al-festival-di-sanremo-con-luomo-nel-lampo\/#breadcrumb","itemListElement":[{"@type":"ListItem","position":1,"name":"Home","item":"https:\/\/www.alabianca.it\/it\/"},{"@type":"ListItem","position":2,"name":"Paolo Jannacci e Stefano Massini ospiti al Festival di Sanremo con &#8220;L&#8217;uomo nel lampo&#8221;"}]},{"@type":"WebSite","@id":"https:\/\/www.alabianca.it\/it\/#website","url":"https:\/\/www.alabianca.it\/it\/","name":"Ala Bianca Group","description":"Editore e produttore discografico","publisher":{"@id":"https:\/\/www.alabianca.it\/it\/#organization"},"potentialAction":[{"@type":"SearchAction","target":{"@type":"EntryPoint","urlTemplate":"https:\/\/www.alabianca.it\/it\/?s={search_term_string}"},"query-input":{"@type":"PropertyValueSpecification","valueRequired":true,"valueName":"search_term_string"}}],"inLanguage":"it-IT"},{"@type":"Organization","@id":"https:\/\/www.alabianca.it\/it\/#organization","name":"Alabianca Group S.r.l.","url":"https:\/\/www.alabianca.it\/it\/","logo":{"@type":"ImageObject","inLanguage":"it-IT","@id":"https:\/\/www.alabianca.it\/it\/#\/schema\/logo\/image\/","url":"https:\/\/www.alabianca.it\/wp-content\/uploads\/2018\/01\/alabianca-records-logo-2018-h-3.png","contentUrl":"https:\/\/www.alabianca.it\/wp-content\/uploads\/2018\/01\/alabianca-records-logo-2018-h-3.png","width":345,"height":133,"caption":"Alabianca Group S.r.l."},"image":{"@id":"https:\/\/www.alabianca.it\/it\/#\/schema\/logo\/image\/"}},{"@type":"Person","@id":"https:\/\/www.alabianca.it\/it\/#\/schema\/person\/e3c12e42cfdf21a168836032ca3fa14d","name":"Elia Mazzotti","url":"https:\/\/www.alabianca.it\/it\/author\/elia\/"}]}},"_links":{"self":[{"href":"https:\/\/www.alabianca.it\/it\/wp-json\/wp\/v2\/posts\/20368","targetHints":{"allow":["GET"]}}],"collection":[{"href":"https:\/\/www.alabianca.it\/it\/wp-json\/wp\/v2\/posts"}],"about":[{"href":"https:\/\/www.alabianca.it\/it\/wp-json\/wp\/v2\/types\/post"}],"author":[{"embeddable":true,"href":"https:\/\/www.alabianca.it\/it\/wp-json\/wp\/v2\/users\/88"}],"replies":[{"embeddable":true,"href":"https:\/\/www.alabianca.it\/it\/wp-json\/wp\/v2\/comments?post=20368"}],"version-history":[{"count":4,"href":"https:\/\/www.alabianca.it\/it\/wp-json\/wp\/v2\/posts\/20368\/revisions"}],"predecessor-version":[{"id":20376,"href":"https:\/\/www.alabianca.it\/it\/wp-json\/wp\/v2\/posts\/20368\/revisions\/20376"}],"wp:featuredmedia":[{"embeddable":true,"href":"https:\/\/www.alabianca.it\/it\/wp-json\/wp\/v2\/media\/20369"}],"wp:attachment":[{"href":"https:\/\/www.alabianca.it\/it\/wp-json\/wp\/v2\/media?parent=20368"}],"wp:term":[{"taxonomy":"category","embeddable":true,"href":"https:\/\/www.alabianca.it\/it\/wp-json\/wp\/v2\/categories?post=20368"},{"taxonomy":"post_tag","embeddable":true,"href":"https:\/\/www.alabianca.it\/it\/wp-json\/wp\/v2\/tags?post=20368"}],"curies":[{"name":"wp","href":"https:\/\/api.w.org\/{rel}","templated":true}]}}