{"id":20760,"date":"2024-09-13T00:01:21","date_gmt":"2024-09-12T22:01:21","guid":{"rendered":"https:\/\/www.alabianca.it\/?p=20760"},"modified":"2024-09-12T21:53:05","modified_gmt":"2024-09-12T19:53:05","slug":"nomadic-canto-per-la-biodiversita","status":"publish","type":"post","link":"https:\/\/www.alabianca.it\/it\/notizie\/nomadic-canto-per-la-biodiversita\/","title":{"rendered":"NOMADIC &#8211; Canto per la biodiversit\u00e0"},"content":{"rendered":"<p><span style=\"text-decoration: underline;\"><a href=\"https:\/\/www.nbfc.it\/\"><strong>NATIONAL BIODIVERSITY FUTURE CENTER<\/strong><\/a><\/span>, in collaborazione con<strong>\u00a0<span style=\"text-decoration: underline;\"><a href=\"https:\/\/internationalmusic.it\/\">IMARTS &#8211; INTERNATIONAL MUSIC AND ARTS<\/a><\/span><\/strong>, sono orgogliosi di presentare<strong><em>\u00a0NOMADIC &#8211; Canto per la Biodiversit\u00e0<\/em><\/strong>, spettacolo inedito di\u00a0<strong>Telmo Pievani e Gianni Maroccolo<\/strong><\/p>\n<p><strong>Lo spettacolo ha ottenuto un ampio consenso<\/strong>, suscitando vivo entusiasmo e profondo interesse nel pubblico, tale da generare la richiesta di un tour. Lo spettacolo integrale, ripreso da Rai, \u00e8 stato poi trasmesso su\u00a0<strong>Rai Scuola\u00a0<\/strong>e un frammento dello stesso ripreso da<strong>\u00a0Alberto Angela\u00a0<\/strong>nella sua trasmissione Rai uno,<strong>\u00a0NOOS.<\/strong><\/p>\n<p>In concomitanza della prima data del tour ad Assisi, il 13 settembre, viene pubblicato anche l\u2019album, prodotto da<strong>\u00a0Ala Bianca\u00a0<\/strong>(label\u00a0<strong>Al-Kemi Records), <\/strong>in un <strong>esclusivo doppio cd<\/strong>\u00a0con libretto contenente\u00a0<strong>testi<\/strong>\u00a0di\u00a0<strong>Telmo Pievani\u00a0<\/strong>e\u00a0<strong>illustrazioni di Marco Cazzato<\/strong>. Sar\u00e0 possibile acquistare il doppio cd esclusivamente durante i concerti o <a href=\"https:\/\/www.alabianca.it\/it\/store\/pop-rock\/al-kemi-records\/nomadic-canto-per-la-biodiversita\/\"><strong>sul nostro sito<\/strong><\/a>. In versione digitale sar\u00e0 disponibile <span style=\"text-decoration: underline;\"><a href=\"https:\/\/lnk.fuga.com\/pievanimaroccolo_nomadic\">su tutte le piattaforme di streaming e download<\/a><\/span>.<\/p>\n<p>&nbsp;<\/p>\n<p><strong><a href=\"https:\/\/www.alabianca.it\/wp-content\/uploads\/2024\/09\/NOMADIC-digipackcd-mockup.png\"><img loading=\"lazy\" decoding=\"async\" class=\"aligncenter size-large wp-image-20751\" src=\"https:\/\/www.alabianca.it\/wp-content\/uploads\/2024\/09\/NOMADIC-digipackcd-mockup-1024x1024.png\" alt=\"Doppio CD di Telmo Pievani e Gianni Maroccolo, &quot;Nomadic. Canto per la biodiversit\u00e0&quot;, prodotto da Ala Bianca\" width=\"1024\" height=\"1024\" srcset=\"https:\/\/www.alabianca.it\/wp-content\/uploads\/2024\/09\/NOMADIC-digipackcd-mockup-1024x1024.png 1024w, https:\/\/www.alabianca.it\/wp-content\/uploads\/2024\/09\/NOMADIC-digipackcd-mockup-300x300.png 300w, https:\/\/www.alabianca.it\/wp-content\/uploads\/2024\/09\/NOMADIC-digipackcd-mockup-150x150.png 150w, https:\/\/www.alabianca.it\/wp-content\/uploads\/2024\/09\/NOMADIC-digipackcd-mockup-768x768.png 768w, https:\/\/www.alabianca.it\/wp-content\/uploads\/2024\/09\/NOMADIC-digipackcd-mockup-1536x1536.png 1536w, https:\/\/www.alabianca.it\/wp-content\/uploads\/2024\/09\/NOMADIC-digipackcd-mockup-100x100.png 100w, https:\/\/www.alabianca.it\/wp-content\/uploads\/2024\/09\/NOMADIC-digipackcd-mockup.png 1920w\" sizes=\"auto, (max-width: 1024px) 100vw, 1024px\" \/><\/a><\/strong><\/p>\n<p>&nbsp;<\/p>\n<p>In un momento storico segnato dalle\u00a0<strong>crisi migratorie<\/strong>,\u00a0<strong><em>NOMADIC &#8211; Canto per la Biodiversit\u00e0\u00a0<\/em><\/strong>esplora le rotte migratorie umane e animali con empatia e profondit\u00e0, ponendoci di fronte alla realt\u00e0 che<strong>\u00a0tutti i popoli della Terra hanno una radice comune<\/strong>\u00a0e invitando a\u00a0<strong>superare le barriere mentali e fisiche\u00a0<\/strong>che abbiamo eretto.<\/p>\n<p>Con la\u00a0<strong>direzione musicale di Gianni Maroccolo<\/strong>\u00a0e i\u00a0<strong>testi e la voce narrante di Telmo Pievani<\/strong>, lo spettacolo si avvale della partecipazione di artisti quali<strong>\u00a0Angela Baraldi, Andrea Chimenti, Antonio Aiazzi, Simone Beneventi\u00a0<\/strong>e<strong>\u00a0Simone Filippi<\/strong>.<br \/>\nRegia e light design a cura di<strong>\u00a0Mariano De Tassis<\/strong>\u00a0con\u00a0<strong>Vladimir Jagodic<\/strong>\u00a0sound engineer. A completamento, le illustrazioni di\u00a0<strong>Marco Cazzato<\/strong>\u00a0ed i video in animazione di\u00a0<strong>Michele Bernardi<\/strong>.<\/p>\n<p>Attraverso le musiche di<strong>\u00a0C.S.I., Philip Glass, Litfiba, Claudio Rocchi, Marlene Kuntz, Gianni Maroccolo, PGR &amp; Franco Battiato<\/strong>, questo spettacolo rappresenta<strong>\u00a0un&#8217;esperienza inedita e immersiva\u00a0<\/strong>che lascia spazio alla riflessione e alla scoperta,<strong>\u00a0un ponte tra arte e scienza<\/strong>\u00a0che conferma come queste due sfere possano unirsi per comunicare temi complessi in modo accessibile e coinvolgente, nonch\u00e8 una testimonianza del potere dell&#8217;arte di ispirare cambiamento e consapevolezza, portando lo spettatore a interrogarsi sul\u00a0<strong>significato profondo della migrazione e sulla nostra connessione con il mondo naturale<\/strong>.<\/p>\n<p>&nbsp;<\/p>\n<h3>Il tour<\/h3>\n<p><strong>Il tour partir\u00e0 il 13 settembre da Assisi<\/strong>\u00a0(Teatro Lyric, Umbria Green Festival) per proseguire verso\u00a0<strong>Firenze (Teatro Puccini) il 23 settembre<\/strong>, passando poi per\u00a0<strong>Milano (Teatro dell&#8217;Arte, Triennale) il 29 settembre<\/strong>. Successivamente, il tour far\u00e0 tappa a\u00a0<strong>Padova<\/strong>\u00a0<strong>(Teatro Verdi) il 25 ottobre<\/strong>, per concludersi a\u00a0<strong>Trento (Auditorium Santa Chiara, Centro Santa Chiara in collaborazione con BITM) il 15 novembre<\/strong>. <strong>Le prevendite sono aperte <span style=\"text-decoration: underline;\"><a href=\"https:\/\/linktr.ee\/nomadictour\">a questo link<\/a><\/span><\/strong><strong>.<\/strong><\/p>\n<p>Uno spettacolo unico, che arriva in un <strong>periodo storico cruciale<\/strong>, ponendosi come fonte di\u00a0<strong>intrattenimento, divulgazione e ispirazione<\/strong>, a ricordare l&#8217;importanza di guardare al nostro passato migratorio comune per<strong>\u00a0affrontare le sfide del presente e del futuro con una nuova prospettiva<\/strong>, fondata sulla<strong>\u00a0connessione e sul rispetto reciproco tra tutte le forme di vita<\/strong>.<\/p>\n<p><strong><em>NOMADIC &#8211; Canto per la Biodiversit\u00e0<\/em><\/strong>, \u00e8 un potente invito a riconoscere e celebrare la diversit\u00e0 come nostra pi\u00f9 grande ricchezza e fonte di resilienza.<\/p>\n","protected":false},"excerpt":{"rendered":"<p>NATIONAL BIODIVERSITY FUTURE CENTER, in collaborazione con\u00a0IMARTS &#8211; INTERNATIONAL MUSIC AND ARTS, sono orgogliosi di presentare\u00a0NOMADIC &#8211; Canto per la Biodiversit\u00e0, spettacolo inedito di\u00a0Telmo Pievani e Gianni Maroccolo Lo spettacolo ha ottenuto un ampio consenso, suscitando vivo entusiasmo e profondo interesse nel pubblico, tale da generare la richiesta di un tour. Lo spettacolo integrale, ripreso [&hellip;]<\/p>\n","protected":false},"author":88,"featured_media":20749,"comment_status":"closed","ping_status":"closed","sticky":false,"template":"","format":"standard","meta":{"_acf_changed":false,"footnotes":""},"categories":[7],"tags":[1275,2370,2371],"class_list":["post-20760","post","type-post","status-publish","format-standard","has-post-thumbnail","hentry","category-notizie","tag-gianni-maroccolo","tag-nomadic","tag-telmo-pievani"],"acf":[],"yoast_head":"<!-- This site is optimized with the Yoast SEO plugin v27.5 - https:\/\/yoast.com\/product\/yoast-seo-wordpress\/ -->\n<title>NOMADIC - Canto per la biodiversit\u00e0 - Ala Bianca Group<\/title>\n<meta name=\"description\" content=\"Doppio CD &quot;NOMADIC - Canto per la biodiversit\u00e0&quot;, di Telmo Pievani e Gianni Maroccolo, in uscita per Ala Bianca (Al-Kemi Records).\" \/>\n<meta name=\"robots\" content=\"index, follow, max-snippet:-1, max-image-preview:large, max-video-preview:-1\" \/>\n<link rel=\"canonical\" href=\"https:\/\/www.alabianca.it\/it\/notizie\/nomadic-canto-per-la-biodiversita\/\" \/>\n<meta property=\"og:locale\" content=\"it_IT\" \/>\n<meta property=\"og:type\" content=\"article\" \/>\n<meta property=\"og:title\" content=\"NOMADIC - Canto per la biodiversit\u00e0 - Ala Bianca Group\" \/>\n<meta property=\"og:description\" content=\"Doppio CD &quot;NOMADIC - Canto per la biodiversit\u00e0&quot;, di Telmo Pievani e Gianni Maroccolo, in uscita per Ala Bianca (Al-Kemi Records).\" \/>\n<meta property=\"og:url\" content=\"https:\/\/www.alabianca.it\/it\/notizie\/nomadic-canto-per-la-biodiversita\/\" \/>\n<meta property=\"og:site_name\" content=\"Ala Bianca Group\" \/>\n<meta property=\"article:published_time\" content=\"2024-09-12T22:01:21+00:00\" \/>\n<meta property=\"og:image\" content=\"https:\/\/www.alabianca.it\/wp-content\/uploads\/2024\/09\/NOMADIC-cover-1080x1080-B.png\" \/>\n\t<meta property=\"og:image:width\" content=\"1080\" \/>\n\t<meta property=\"og:image:height\" content=\"1080\" \/>\n\t<meta property=\"og:image:type\" content=\"image\/png\" \/>\n<meta name=\"author\" content=\"Elia Mazzotti\" \/>\n<meta name=\"twitter:card\" content=\"summary_large_image\" \/>\n<meta name=\"twitter:label1\" content=\"Scritto da\" \/>\n\t<meta name=\"twitter:data1\" content=\"Elia Mazzotti\" \/>\n\t<meta name=\"twitter:label2\" content=\"Tempo di lettura stimato\" \/>\n\t<meta name=\"twitter:data2\" content=\"4 minuti\" \/>\n<script type=\"application\/ld+json\" class=\"yoast-schema-graph\">{\"@context\":\"https:\\\/\\\/schema.org\",\"@graph\":[{\"@type\":\"Article\",\"@id\":\"https:\\\/\\\/www.alabianca.it\\\/it\\\/notizie\\\/nomadic-canto-per-la-biodiversita\\\/#article\",\"isPartOf\":{\"@id\":\"https:\\\/\\\/www.alabianca.it\\\/it\\\/notizie\\\/nomadic-canto-per-la-biodiversita\\\/\"},\"author\":{\"name\":\"Elia Mazzotti\",\"@id\":\"https:\\\/\\\/www.alabianca.it\\\/it\\\/#\\\/schema\\\/person\\\/e3c12e42cfdf21a168836032ca3fa14d\"},\"headline\":\"NOMADIC &#8211; Canto per la biodiversit\u00e0\",\"datePublished\":\"2024-09-12T22:01:21+00:00\",\"mainEntityOfPage\":{\"@id\":\"https:\\\/\\\/www.alabianca.it\\\/it\\\/notizie\\\/nomadic-canto-per-la-biodiversita\\\/\"},\"wordCount\":510,\"publisher\":{\"@id\":\"https:\\\/\\\/www.alabianca.it\\\/it\\\/#organization\"},\"image\":{\"@id\":\"https:\\\/\\\/www.alabianca.it\\\/it\\\/notizie\\\/nomadic-canto-per-la-biodiversita\\\/#primaryimage\"},\"thumbnailUrl\":\"https:\\\/\\\/www.alabianca.it\\\/wp-content\\\/uploads\\\/2024\\\/09\\\/NOMADIC-cover-1080x1080-B.png\",\"keywords\":[\"Gianni Maroccolo\",\"Nomadic\",\"Telmo Pievani\"],\"articleSection\":[\"Notizie\"],\"inLanguage\":\"it-IT\"},{\"@type\":\"WebPage\",\"@id\":\"https:\\\/\\\/www.alabianca.it\\\/it\\\/notizie\\\/nomadic-canto-per-la-biodiversita\\\/\",\"url\":\"https:\\\/\\\/www.alabianca.it\\\/it\\\/notizie\\\/nomadic-canto-per-la-biodiversita\\\/\",\"name\":\"NOMADIC - Canto per la biodiversit\u00e0 - Ala Bianca Group\",\"isPartOf\":{\"@id\":\"https:\\\/\\\/www.alabianca.it\\\/it\\\/#website\"},\"primaryImageOfPage\":{\"@id\":\"https:\\\/\\\/www.alabianca.it\\\/it\\\/notizie\\\/nomadic-canto-per-la-biodiversita\\\/#primaryimage\"},\"image\":{\"@id\":\"https:\\\/\\\/www.alabianca.it\\\/it\\\/notizie\\\/nomadic-canto-per-la-biodiversita\\\/#primaryimage\"},\"thumbnailUrl\":\"https:\\\/\\\/www.alabianca.it\\\/wp-content\\\/uploads\\\/2024\\\/09\\\/NOMADIC-cover-1080x1080-B.png\",\"datePublished\":\"2024-09-12T22:01:21+00:00\",\"description\":\"Doppio CD \\\"NOMADIC - Canto per la biodiversit\u00e0\\\", di Telmo Pievani e Gianni Maroccolo, in uscita per Ala Bianca (Al-Kemi Records).\",\"breadcrumb\":{\"@id\":\"https:\\\/\\\/www.alabianca.it\\\/it\\\/notizie\\\/nomadic-canto-per-la-biodiversita\\\/#breadcrumb\"},\"inLanguage\":\"it-IT\",\"potentialAction\":[{\"@type\":\"ReadAction\",\"target\":[\"https:\\\/\\\/www.alabianca.it\\\/it\\\/notizie\\\/nomadic-canto-per-la-biodiversita\\\/\"]}]},{\"@type\":\"ImageObject\",\"inLanguage\":\"it-IT\",\"@id\":\"https:\\\/\\\/www.alabianca.it\\\/it\\\/notizie\\\/nomadic-canto-per-la-biodiversita\\\/#primaryimage\",\"url\":\"https:\\\/\\\/www.alabianca.it\\\/wp-content\\\/uploads\\\/2024\\\/09\\\/NOMADIC-cover-1080x1080-B.png\",\"contentUrl\":\"https:\\\/\\\/www.alabianca.it\\\/wp-content\\\/uploads\\\/2024\\\/09\\\/NOMADIC-cover-1080x1080-B.png\",\"width\":1080,\"height\":1080,\"caption\":\"Cover del doppio CD di Telmo Pievani e Gianni Maroccolo, \\\"Nomadic. Canto per la biodiversit\u00e0\\\", prodotto da Ala Bianca\"},{\"@type\":\"BreadcrumbList\",\"@id\":\"https:\\\/\\\/www.alabianca.it\\\/it\\\/notizie\\\/nomadic-canto-per-la-biodiversita\\\/#breadcrumb\",\"itemListElement\":[{\"@type\":\"ListItem\",\"position\":1,\"name\":\"Home\",\"item\":\"https:\\\/\\\/www.alabianca.it\\\/it\\\/\"},{\"@type\":\"ListItem\",\"position\":2,\"name\":\"NOMADIC &#8211; Canto per la biodiversit\u00e0\"}]},{\"@type\":\"WebSite\",\"@id\":\"https:\\\/\\\/www.alabianca.it\\\/it\\\/#website\",\"url\":\"https:\\\/\\\/www.alabianca.it\\\/it\\\/\",\"name\":\"Ala Bianca Group\",\"description\":\"Editore e produttore discografico\",\"publisher\":{\"@id\":\"https:\\\/\\\/www.alabianca.it\\\/it\\\/#organization\"},\"potentialAction\":[{\"@type\":\"SearchAction\",\"target\":{\"@type\":\"EntryPoint\",\"urlTemplate\":\"https:\\\/\\\/www.alabianca.it\\\/it\\\/?s={search_term_string}\"},\"query-input\":{\"@type\":\"PropertyValueSpecification\",\"valueRequired\":true,\"valueName\":\"search_term_string\"}}],\"inLanguage\":\"it-IT\"},{\"@type\":\"Organization\",\"@id\":\"https:\\\/\\\/www.alabianca.it\\\/it\\\/#organization\",\"name\":\"Alabianca Group S.r.l.\",\"url\":\"https:\\\/\\\/www.alabianca.it\\\/it\\\/\",\"logo\":{\"@type\":\"ImageObject\",\"inLanguage\":\"it-IT\",\"@id\":\"https:\\\/\\\/www.alabianca.it\\\/it\\\/#\\\/schema\\\/logo\\\/image\\\/\",\"url\":\"https:\\\/\\\/www.alabianca.it\\\/wp-content\\\/uploads\\\/2018\\\/01\\\/alabianca-records-logo-2018-h-3.png\",\"contentUrl\":\"https:\\\/\\\/www.alabianca.it\\\/wp-content\\\/uploads\\\/2018\\\/01\\\/alabianca-records-logo-2018-h-3.png\",\"width\":345,\"height\":133,\"caption\":\"Alabianca Group S.r.l.\"},\"image\":{\"@id\":\"https:\\\/\\\/www.alabianca.it\\\/it\\\/#\\\/schema\\\/logo\\\/image\\\/\"}},{\"@type\":\"Person\",\"@id\":\"https:\\\/\\\/www.alabianca.it\\\/it\\\/#\\\/schema\\\/person\\\/e3c12e42cfdf21a168836032ca3fa14d\",\"name\":\"Elia Mazzotti\",\"url\":\"https:\\\/\\\/www.alabianca.it\\\/it\\\/author\\\/elia\\\/\"}]}<\/script>\n<!-- \/ Yoast SEO plugin. -->","yoast_head_json":{"title":"NOMADIC - Canto per la biodiversit\u00e0 - Ala Bianca Group","description":"Doppio CD \"NOMADIC - Canto per la biodiversit\u00e0\", di Telmo Pievani e Gianni Maroccolo, in uscita per Ala Bianca (Al-Kemi Records).","robots":{"index":"index","follow":"follow","max-snippet":"max-snippet:-1","max-image-preview":"max-image-preview:large","max-video-preview":"max-video-preview:-1"},"canonical":"https:\/\/www.alabianca.it\/it\/notizie\/nomadic-canto-per-la-biodiversita\/","og_locale":"it_IT","og_type":"article","og_title":"NOMADIC - Canto per la biodiversit\u00e0 - Ala Bianca Group","og_description":"Doppio CD \"NOMADIC - Canto per la biodiversit\u00e0\", di Telmo Pievani e Gianni Maroccolo, in uscita per Ala Bianca (Al-Kemi Records).","og_url":"https:\/\/www.alabianca.it\/it\/notizie\/nomadic-canto-per-la-biodiversita\/","og_site_name":"Ala Bianca Group","article_published_time":"2024-09-12T22:01:21+00:00","og_image":[{"width":1080,"height":1080,"url":"https:\/\/www.alabianca.it\/wp-content\/uploads\/2024\/09\/NOMADIC-cover-1080x1080-B.png","type":"image\/png"}],"author":"Elia Mazzotti","twitter_card":"summary_large_image","twitter_misc":{"Scritto da":"Elia Mazzotti","Tempo di lettura stimato":"4 minuti"},"schema":{"@context":"https:\/\/schema.org","@graph":[{"@type":"Article","@id":"https:\/\/www.alabianca.it\/it\/notizie\/nomadic-canto-per-la-biodiversita\/#article","isPartOf":{"@id":"https:\/\/www.alabianca.it\/it\/notizie\/nomadic-canto-per-la-biodiversita\/"},"author":{"name":"Elia Mazzotti","@id":"https:\/\/www.alabianca.it\/it\/#\/schema\/person\/e3c12e42cfdf21a168836032ca3fa14d"},"headline":"NOMADIC &#8211; Canto per la biodiversit\u00e0","datePublished":"2024-09-12T22:01:21+00:00","mainEntityOfPage":{"@id":"https:\/\/www.alabianca.it\/it\/notizie\/nomadic-canto-per-la-biodiversita\/"},"wordCount":510,"publisher":{"@id":"https:\/\/www.alabianca.it\/it\/#organization"},"image":{"@id":"https:\/\/www.alabianca.it\/it\/notizie\/nomadic-canto-per-la-biodiversita\/#primaryimage"},"thumbnailUrl":"https:\/\/www.alabianca.it\/wp-content\/uploads\/2024\/09\/NOMADIC-cover-1080x1080-B.png","keywords":["Gianni Maroccolo","Nomadic","Telmo Pievani"],"articleSection":["Notizie"],"inLanguage":"it-IT"},{"@type":"WebPage","@id":"https:\/\/www.alabianca.it\/it\/notizie\/nomadic-canto-per-la-biodiversita\/","url":"https:\/\/www.alabianca.it\/it\/notizie\/nomadic-canto-per-la-biodiversita\/","name":"NOMADIC - Canto per la biodiversit\u00e0 - Ala Bianca Group","isPartOf":{"@id":"https:\/\/www.alabianca.it\/it\/#website"},"primaryImageOfPage":{"@id":"https:\/\/www.alabianca.it\/it\/notizie\/nomadic-canto-per-la-biodiversita\/#primaryimage"},"image":{"@id":"https:\/\/www.alabianca.it\/it\/notizie\/nomadic-canto-per-la-biodiversita\/#primaryimage"},"thumbnailUrl":"https:\/\/www.alabianca.it\/wp-content\/uploads\/2024\/09\/NOMADIC-cover-1080x1080-B.png","datePublished":"2024-09-12T22:01:21+00:00","description":"Doppio CD \"NOMADIC - Canto per la biodiversit\u00e0\", di Telmo Pievani e Gianni Maroccolo, in uscita per Ala Bianca (Al-Kemi Records).","breadcrumb":{"@id":"https:\/\/www.alabianca.it\/it\/notizie\/nomadic-canto-per-la-biodiversita\/#breadcrumb"},"inLanguage":"it-IT","potentialAction":[{"@type":"ReadAction","target":["https:\/\/www.alabianca.it\/it\/notizie\/nomadic-canto-per-la-biodiversita\/"]}]},{"@type":"ImageObject","inLanguage":"it-IT","@id":"https:\/\/www.alabianca.it\/it\/notizie\/nomadic-canto-per-la-biodiversita\/#primaryimage","url":"https:\/\/www.alabianca.it\/wp-content\/uploads\/2024\/09\/NOMADIC-cover-1080x1080-B.png","contentUrl":"https:\/\/www.alabianca.it\/wp-content\/uploads\/2024\/09\/NOMADIC-cover-1080x1080-B.png","width":1080,"height":1080,"caption":"Cover del doppio CD di Telmo Pievani e Gianni Maroccolo, \"Nomadic. Canto per la biodiversit\u00e0\", prodotto da Ala Bianca"},{"@type":"BreadcrumbList","@id":"https:\/\/www.alabianca.it\/it\/notizie\/nomadic-canto-per-la-biodiversita\/#breadcrumb","itemListElement":[{"@type":"ListItem","position":1,"name":"Home","item":"https:\/\/www.alabianca.it\/it\/"},{"@type":"ListItem","position":2,"name":"NOMADIC &#8211; Canto per la biodiversit\u00e0"}]},{"@type":"WebSite","@id":"https:\/\/www.alabianca.it\/it\/#website","url":"https:\/\/www.alabianca.it\/it\/","name":"Ala Bianca Group","description":"Editore e produttore discografico","publisher":{"@id":"https:\/\/www.alabianca.it\/it\/#organization"},"potentialAction":[{"@type":"SearchAction","target":{"@type":"EntryPoint","urlTemplate":"https:\/\/www.alabianca.it\/it\/?s={search_term_string}"},"query-input":{"@type":"PropertyValueSpecification","valueRequired":true,"valueName":"search_term_string"}}],"inLanguage":"it-IT"},{"@type":"Organization","@id":"https:\/\/www.alabianca.it\/it\/#organization","name":"Alabianca Group S.r.l.","url":"https:\/\/www.alabianca.it\/it\/","logo":{"@type":"ImageObject","inLanguage":"it-IT","@id":"https:\/\/www.alabianca.it\/it\/#\/schema\/logo\/image\/","url":"https:\/\/www.alabianca.it\/wp-content\/uploads\/2018\/01\/alabianca-records-logo-2018-h-3.png","contentUrl":"https:\/\/www.alabianca.it\/wp-content\/uploads\/2018\/01\/alabianca-records-logo-2018-h-3.png","width":345,"height":133,"caption":"Alabianca Group S.r.l."},"image":{"@id":"https:\/\/www.alabianca.it\/it\/#\/schema\/logo\/image\/"}},{"@type":"Person","@id":"https:\/\/www.alabianca.it\/it\/#\/schema\/person\/e3c12e42cfdf21a168836032ca3fa14d","name":"Elia Mazzotti","url":"https:\/\/www.alabianca.it\/it\/author\/elia\/"}]}},"_links":{"self":[{"href":"https:\/\/www.alabianca.it\/it\/wp-json\/wp\/v2\/posts\/20760","targetHints":{"allow":["GET"]}}],"collection":[{"href":"https:\/\/www.alabianca.it\/it\/wp-json\/wp\/v2\/posts"}],"about":[{"href":"https:\/\/www.alabianca.it\/it\/wp-json\/wp\/v2\/types\/post"}],"author":[{"embeddable":true,"href":"https:\/\/www.alabianca.it\/it\/wp-json\/wp\/v2\/users\/88"}],"replies":[{"embeddable":true,"href":"https:\/\/www.alabianca.it\/it\/wp-json\/wp\/v2\/comments?post=20760"}],"version-history":[{"count":3,"href":"https:\/\/www.alabianca.it\/it\/wp-json\/wp\/v2\/posts\/20760\/revisions"}],"predecessor-version":[{"id":20766,"href":"https:\/\/www.alabianca.it\/it\/wp-json\/wp\/v2\/posts\/20760\/revisions\/20766"}],"wp:featuredmedia":[{"embeddable":true,"href":"https:\/\/www.alabianca.it\/it\/wp-json\/wp\/v2\/media\/20749"}],"wp:attachment":[{"href":"https:\/\/www.alabianca.it\/it\/wp-json\/wp\/v2\/media?parent=20760"}],"wp:term":[{"taxonomy":"category","embeddable":true,"href":"https:\/\/www.alabianca.it\/it\/wp-json\/wp\/v2\/categories?post=20760"},{"taxonomy":"post_tag","embeddable":true,"href":"https:\/\/www.alabianca.it\/it\/wp-json\/wp\/v2\/tags?post=20760"}],"curies":[{"name":"wp","href":"https:\/\/api.w.org\/{rel}","templated":true}]}}