{"id":21000,"date":"2025-04-04T10:01:13","date_gmt":"2025-04-04T08:01:13","guid":{"rendered":"https:\/\/www.alabianca.it\/?p=21000"},"modified":"2025-04-04T11:37:51","modified_gmt":"2025-04-04T09:37:51","slug":"stammi-accanto-il-nuovo-album-solista-di-cristiano-godano","status":"publish","type":"post","link":"https:\/\/www.alabianca.it\/it\/notizie\/stammi-accanto-il-nuovo-album-solista-di-cristiano-godano\/","title":{"rendered":"\u201cStammi Accanto\u201d, il nuovo album solista di Cristiano Godano"},"content":{"rendered":"<div class=\"wpb-content-wrapper\"><p>[vc_row][vc_column width=&#8221;1\/3&#8243;][vc_single_image image=&#8221;20996&#8243; img_size=&#8221;full&#8221; alignment=&#8221;center&#8221; css=&#8221;&#8221;][\/vc_column][vc_column width=&#8221;2\/3&#8243;][vc_column_text css=&#8221;&#8221;]<\/p>\n<h2><span style=\"color: #000000;\"><em>Stammi Accanto<\/em> \u00e8 il nuovo album solista di <span style=\"text-decoration: underline;\"><a style=\"color: #000000; text-decoration: underline;\" href=\"https:\/\/www.alabianca.it\/it\/artisti\/cristiano-godano\/\">Cristiano Godano<\/a><\/span>.<\/span><\/h2>\n<h4><span style=\"color: #000000;\"><strong>Otto tracce inedite con la partecipazione di Samuele Bersani nel brano \u201c<em>Dentro la ferita<\/em>\u201d.<br \/>\n<\/strong><strong>Il singolo <em>\u201cEppure so\u201d <\/em>in radio e in <span style=\"text-decoration: underline;\"><a style=\"color: #000000; text-decoration: underline;\" href=\"https:\/\/www.youtube.com\/watch?v=pwSvKXRkQFg&amp;ab_channel=CristianoGodano\">video su YouTube<\/a><\/span>.<br \/>\n<\/strong><strong>Dall\u20198 aprile in concerto nei club con <\/strong><strong>\u201cSTAMMI ACCANTO TOUR\u201d, <\/strong><strong>accompagnato dai <span style=\"text-decoration: underline;\"><a style=\"color: #000000; text-decoration: underline;\" href=\"https:\/\/guano-padano.bandcamp.com\/\">Guano Padano<\/a><\/span>.<\/strong><\/span><\/h4>\n<p>[\/vc_column_text][\/vc_column][\/vc_row][vc_row][vc_column][vc_btn title=&#8221;ASCOLTA ORA!&#8221; style=&#8221;flat&#8221; shape=&#8221;square&#8221; color=&#8221;pink&#8221; align=&#8221;center&#8221; css=&#8221;.vc_custom_1743753369043{margin-top: 30px !important;margin-bottom: 30px !important;}&#8221; link=&#8221;url:https%3A%2F%2Flnk.fuga.com%2Fcristianogodano_stammiaccanto|target:_blank&#8221;][vc_column_text css=&#8221;&#8221;]<\/p>\n<blockquote>\n<p style=\"padding-left: 40px;\"><em>&#8220;Stammi accanto&#8221; \u00e8 un disco puro, e non cerca colpi ad effetto perch\u00e9 \u00e8 fiducioso nella musica: forse proprio per questo, di questi tempi, potrebbe quasi apparire alieno. <\/em><\/p>\n<p style=\"padding-left: 40px;\"><em>Il contesto sociale in cui viviamo \u00e8 nuovamente sfibrato, estenuato, impaurito, incredulo per tutto quello che sta accadendo, fantasmi della guerra inclusi, e la dignitosa vulnerabilit\u00e0 di &#8220;Stammi accanto&#8221;, nato nel periodo della pandemia, \u00e8 tornata a sembrarmi plausibile e adeguata. <\/em><\/p>\n<p style=\"padding-left: 40px;\"><em>Servono il coraggio della fragilit\u00e0 e della sensibilit\u00e0, serve non aver paura di riconoscersi deboli e impauriti, serve tenere in vita la speranza dopo aver preso consapevolezza che in sua assenza ci ritroveremmo immobili e irrigiditi nell&#8217;angoscia.<\/em><\/p>\n<p style=\"padding-left: 40px;\">Cristiano Godano<\/p>\n<\/blockquote>\n<p><strong>\u00a0<\/strong><\/p>\n<p><strong>\u201c<em>Stammi accanto<\/em>\u201d, <\/strong>(etichetta Al-Kemi Records di Ala Bianca Group \/ distribuzione fisico Warner Music \/ distribuzione digital Fuga) con testi e musica di Cristiano Godano, prodotto insieme a Luca Rossi (Ustmam\u00f2, ecc.), \u00e8 composto da<strong> otto brani inediti tra cui <em>\u201cDentro la ferita\u201d<\/em> con Samuele Bersani. <\/strong><\/p>\n<p><strong>Tracklist dell&#8217;album: <\/strong><\/p>\n<ol>\n<li><em>Stammi accanto<\/em><\/li>\n<li><em>Nel respiro dell\u2019aria<\/em><\/li>\n<li><em>Dentro la ferita <\/em>(con Samuele Bersani)<\/li>\n<li><em>Eppure so<\/em><\/li>\n<li><em>Lode all\u2019istante<\/em><\/li>\n<li><em>Cerco il nulla<\/em><\/li>\n<li><em>Ti parler\u00f2<\/em><\/li>\n<li><em>Vacuit\u00e0<\/em><\/li>\n<\/ol>\n<p>&nbsp;<\/p>\n<p>In radio il <strong>singolo \u201c<em>Eppure so<\/em>\u201d <\/strong>accompagnato da un video girato alla Capitolium Art di Brescia con regia, fotografia e montaggio di <strong>Marco Jeannin.<\/strong><\/p>\n<p>&nbsp;<\/p>\n<blockquote>\n<p style=\"padding-left: 40px;\"><em>\u00c8 la canzone probabilmente pi\u00f9 positiva del disco, perch\u00e9 contiene l&#8217;idea del sogno ad occhi aperti e della speranza, che \u00e8 il valore di cui tutti noi abbiamo bisogno per non lasciarci tramortire dal timore nei confronti di un pessimo orizzonte temporale.<\/em><\/p>\n<p style=\"padding-left: 40px;\">Cristiano Godano<\/p>\n<\/blockquote>\n<p><strong>\u00a0<\/strong>[\/vc_column_text][vc_video link=&#8221;https:\/\/www.youtube.com\/watch?v=pwSvKXRkQFg&amp;ab_channel=CristianoGodano&#8221; align=&#8221;center&#8221; css=&#8221;&#8221;][\/vc_column][\/vc_row][vc_row][vc_column][vc_column_text css=&#8221;&#8221;]<strong>Il disco verr\u00e0 presentato live in tour da<\/strong> <strong>Cristiano Godano accompagnato dai Guano Padano<\/strong>, la super band composta dal chitarrista Alessandro &#8220;Asso&#8221; Stefana (<a href=\"https:\/\/it.wikipedia.org\/wiki\/Vinicio_Capossela\">Vinicio Capossela<\/a>,\u00a0<a href=\"https:\/\/it.wikipedia.org\/wiki\/PJ_Harvey\">PJ Harvey<\/a>, Mike Patton, Micah P. Hinson, Calexico), dal bassista e contrabbassista Danilo Gallo (cofondatore del collettivo indipendente El Gallo Rojo Records) e dal batterista Zeno De Rossi (batterista dell\u2019anno Musica Jazz 2011).<\/p>\n<p>&nbsp;<\/p>\n<p><strong>Di seguito le prime date del \u201cStammi accanto tour\u201d nei club: <\/strong><\/p>\n<p>8 aprile al Monk di <strong>Roma<br \/>\n<\/strong>12 aprile al The Factory di <strong>Verona<br \/>\n<\/strong>13 aprile al Locomotiv di <strong>Bologna<br \/>\n<\/strong>16 aprile alla Santeria Toscana 31 di <strong>Milano<br \/>\n<\/strong>17 aprile all\u2019Hiroshima Mon Amour di <strong>Torino<\/strong><strong>\u00a0<\/strong><\/p>\n<p><strong>Le prevendite sono disponibili su <\/strong><a href=\"https:\/\/bit.ly\/stammiaccanto-tour\">kashmirmusic.it, vivaticket.com e circuiti autorizzati<\/a>.\u00a0Il tour \u00e8 prodotto da Kashmir.<\/p>\n<p><strong>\u00a0<\/strong>[\/vc_column_text][vc_single_image image=&#8221;21009&#8243; img_size=&#8221;full&#8221; alignment=&#8221;center&#8221; css=&#8221;&#8221;][vc_column_text css=&#8221;&#8221;]<\/p>\n<h2><strong>Cristiano Godano\u00a0<\/strong><\/h2>\n<p>Cristiano Godano si \u00e8 aggiudicato la <strong>targa Gran Torino del Premio Buscaglione 2025 assegnata ogni anno a un cantautore che con la sua carriera artistica ha profondamente influenzato la musica italiana<\/strong>.<\/p>\n<p>Dopo oltre 30 anni di carriera come leader dei Marlene Kuntz, il progetto artistico <strong>solista di Cristiano Godano <\/strong>\u00e8 <strong>iniziato 5 anni<\/strong> <strong>fa con l\u2019album<\/strong> <strong>&#8220;Mi ero perso il cuore&#8221;,<\/strong> un esordio apprezzato dalla critica per la sua poetica e la sua musicalit\u00e0, suonato in oltre 200 live in ogni area d\u2019Italia, arrivato finalista alle Targhe Tenco.<\/p>\n<p>Godano \u00e8 un intellettuale capace di parlare al cuore ed alla mente di pi\u00f9 generazioni, una voce unica nel panorama musicale italiano che emoziona e ispira riflessioni, un punto di riferimento imprescindibile nel cantautorato.<\/p>\n<p>Ha da poco pubblicato \u201c<strong>Nuotando nell\u2019aria\u201d<\/strong> per La nave di Teseo e <strong>\u201cIl suono della rabbia. Pensieri sulla musica e il mondo\u201d<\/strong> per Il Saggiatore. \u00c8 in tour nei teatri con il reading musicale \u201c<strong>Canto d\u2019Acqua\u201d<\/strong> con <strong>Telmo Pievani <\/strong>(filosofo della biologia, evoluzionista).[\/vc_column_text][\/vc_column][\/vc_row]<\/p>\n<\/div>","protected":false},"excerpt":{"rendered":"<p>[vc_row][vc_column width=&#8221;1\/3&#8243;][vc_single_image image=&#8221;20996&#8243; img_size=&#8221;full&#8221; alignment=&#8221;center&#8221; css=&#8221;&#8221;][\/vc_column][vc_column width=&#8221;2\/3&#8243;][vc_column_text css=&#8221;&#8221;] Stammi Accanto \u00e8 il nuovo album solista di Cristiano Godano. Otto tracce inedite con la partecipazione di Samuele Bersani nel brano \u201cDentro la ferita\u201d. Il singolo \u201cEppure so\u201d in radio e in video su YouTube. Dall\u20198 aprile in concerto nei club con \u201cSTAMMI ACCANTO TOUR\u201d, accompagnato dai [&hellip;]<\/p>\n","protected":false},"author":88,"featured_media":20996,"comment_status":"closed","ping_status":"closed","sticky":false,"template":"","format":"standard","meta":{"_acf_changed":false,"footnotes":""},"categories":[7],"tags":[1714,2374],"class_list":["post-21000","post","type-post","status-publish","format-standard","has-post-thumbnail","hentry","category-notizie","tag-cristiano-godano","tag-stammi-accanto"],"acf":[],"yoast_head":"<!-- This site is optimized with the Yoast SEO plugin v27.4 - https:\/\/yoast.com\/product\/yoast-seo-wordpress\/ -->\n<title>\u201cStammi Accanto\u201d, il nuovo album solista di Cristiano Godano - Ala Bianca Group<\/title>\n<meta name=\"description\" content=\"Disponibile in digitale, CD e vinile \u201cStammi accanto\u201d, il nuovo album di inediti di Cristiano Godano (Al-Kemi Records\/Ala Bianca Group).\" \/>\n<meta name=\"robots\" content=\"index, follow, max-snippet:-1, max-image-preview:large, max-video-preview:-1\" \/>\n<link rel=\"canonical\" href=\"https:\/\/www.alabianca.it\/it\/notizie\/stammi-accanto-il-nuovo-album-solista-di-cristiano-godano\/\" \/>\n<meta property=\"og:locale\" content=\"it_IT\" \/>\n<meta property=\"og:type\" content=\"article\" \/>\n<meta property=\"og:title\" content=\"\u201cStammi Accanto\u201d, il nuovo album solista di Cristiano Godano - Ala Bianca Group\" \/>\n<meta property=\"og:description\" content=\"Disponibile in digitale, CD e vinile \u201cStammi accanto\u201d, il nuovo album di inediti di Cristiano Godano (Al-Kemi Records\/Ala Bianca Group).\" \/>\n<meta property=\"og:url\" content=\"https:\/\/www.alabianca.it\/it\/notizie\/stammi-accanto-il-nuovo-album-solista-di-cristiano-godano\/\" \/>\n<meta property=\"og:site_name\" content=\"Ala Bianca Group\" \/>\n<meta property=\"article:published_time\" content=\"2025-04-04T08:01:13+00:00\" \/>\n<meta property=\"article:modified_time\" content=\"2025-04-04T09:37:51+00:00\" \/>\n<meta property=\"og:image\" content=\"https:\/\/www.alabianca.it\/wp-content\/uploads\/2025\/04\/Cristiano-Godano-Stammi-Accanto-cover-1080x1080px.png\" \/>\n\t<meta property=\"og:image:width\" content=\"1080\" \/>\n\t<meta property=\"og:image:height\" content=\"1080\" \/>\n\t<meta property=\"og:image:type\" content=\"image\/png\" \/>\n<meta name=\"author\" content=\"Elia Mazzotti\" \/>\n<meta name=\"twitter:card\" content=\"summary_large_image\" \/>\n<meta name=\"twitter:label1\" content=\"Scritto da\" \/>\n\t<meta name=\"twitter:data1\" content=\"Elia Mazzotti\" \/>\n\t<meta name=\"twitter:label2\" content=\"Tempo di lettura stimato\" \/>\n\t<meta name=\"twitter:data2\" content=\"3 minuti\" \/>\n<script type=\"application\/ld+json\" class=\"yoast-schema-graph\">{\"@context\":\"https:\\\/\\\/schema.org\",\"@graph\":[{\"@type\":\"Article\",\"@id\":\"https:\\\/\\\/www.alabianca.it\\\/it\\\/notizie\\\/stammi-accanto-il-nuovo-album-solista-di-cristiano-godano\\\/#article\",\"isPartOf\":{\"@id\":\"https:\\\/\\\/www.alabianca.it\\\/it\\\/notizie\\\/stammi-accanto-il-nuovo-album-solista-di-cristiano-godano\\\/\"},\"author\":{\"name\":\"Elia Mazzotti\",\"@id\":\"https:\\\/\\\/www.alabianca.it\\\/it\\\/#\\\/schema\\\/person\\\/e3c12e42cfdf21a168836032ca3fa14d\"},\"headline\":\"\u201cStammi Accanto\u201d, il nuovo album solista di Cristiano Godano\",\"datePublished\":\"2025-04-04T08:01:13+00:00\",\"dateModified\":\"2025-04-04T09:37:51+00:00\",\"mainEntityOfPage\":{\"@id\":\"https:\\\/\\\/www.alabianca.it\\\/it\\\/notizie\\\/stammi-accanto-il-nuovo-album-solista-di-cristiano-godano\\\/\"},\"wordCount\":708,\"publisher\":{\"@id\":\"https:\\\/\\\/www.alabianca.it\\\/it\\\/#organization\"},\"image\":{\"@id\":\"https:\\\/\\\/www.alabianca.it\\\/it\\\/notizie\\\/stammi-accanto-il-nuovo-album-solista-di-cristiano-godano\\\/#primaryimage\"},\"thumbnailUrl\":\"https:\\\/\\\/www.alabianca.it\\\/wp-content\\\/uploads\\\/2025\\\/04\\\/Cristiano-Godano-Stammi-Accanto-cover-1080x1080px.png\",\"keywords\":[\"cristiano godano\",\"Stammi Accanto\"],\"articleSection\":[\"Notizie\"],\"inLanguage\":\"it-IT\"},{\"@type\":\"WebPage\",\"@id\":\"https:\\\/\\\/www.alabianca.it\\\/it\\\/notizie\\\/stammi-accanto-il-nuovo-album-solista-di-cristiano-godano\\\/\",\"url\":\"https:\\\/\\\/www.alabianca.it\\\/it\\\/notizie\\\/stammi-accanto-il-nuovo-album-solista-di-cristiano-godano\\\/\",\"name\":\"\u201cStammi Accanto\u201d, il nuovo album solista di Cristiano Godano - Ala Bianca Group\",\"isPartOf\":{\"@id\":\"https:\\\/\\\/www.alabianca.it\\\/it\\\/#website\"},\"primaryImageOfPage\":{\"@id\":\"https:\\\/\\\/www.alabianca.it\\\/it\\\/notizie\\\/stammi-accanto-il-nuovo-album-solista-di-cristiano-godano\\\/#primaryimage\"},\"image\":{\"@id\":\"https:\\\/\\\/www.alabianca.it\\\/it\\\/notizie\\\/stammi-accanto-il-nuovo-album-solista-di-cristiano-godano\\\/#primaryimage\"},\"thumbnailUrl\":\"https:\\\/\\\/www.alabianca.it\\\/wp-content\\\/uploads\\\/2025\\\/04\\\/Cristiano-Godano-Stammi-Accanto-cover-1080x1080px.png\",\"datePublished\":\"2025-04-04T08:01:13+00:00\",\"dateModified\":\"2025-04-04T09:37:51+00:00\",\"description\":\"Disponibile in digitale, CD e vinile \u201cStammi accanto\u201d, il nuovo album di inediti di Cristiano Godano (Al-Kemi Records\\\/Ala Bianca Group).\",\"breadcrumb\":{\"@id\":\"https:\\\/\\\/www.alabianca.it\\\/it\\\/notizie\\\/stammi-accanto-il-nuovo-album-solista-di-cristiano-godano\\\/#breadcrumb\"},\"inLanguage\":\"it-IT\",\"potentialAction\":[{\"@type\":\"ReadAction\",\"target\":[\"https:\\\/\\\/www.alabianca.it\\\/it\\\/notizie\\\/stammi-accanto-il-nuovo-album-solista-di-cristiano-godano\\\/\"]}]},{\"@type\":\"ImageObject\",\"inLanguage\":\"it-IT\",\"@id\":\"https:\\\/\\\/www.alabianca.it\\\/it\\\/notizie\\\/stammi-accanto-il-nuovo-album-solista-di-cristiano-godano\\\/#primaryimage\",\"url\":\"https:\\\/\\\/www.alabianca.it\\\/wp-content\\\/uploads\\\/2025\\\/04\\\/Cristiano-Godano-Stammi-Accanto-cover-1080x1080px.png\",\"contentUrl\":\"https:\\\/\\\/www.alabianca.it\\\/wp-content\\\/uploads\\\/2025\\\/04\\\/Cristiano-Godano-Stammi-Accanto-cover-1080x1080px.png\",\"width\":1080,\"height\":1080,\"caption\":\"\u00c8 disponibile in digitale, CD e vinile \u201cStammi accanto\u201d (etichetta Al-Kemi Records di Ala Bianca Group \\\/ distribuzione fisico Warner Music \\\/ distribuzione digital Fuga), il nuovo album di inediti di CRISTIANO GODANO.\"},{\"@type\":\"BreadcrumbList\",\"@id\":\"https:\\\/\\\/www.alabianca.it\\\/it\\\/notizie\\\/stammi-accanto-il-nuovo-album-solista-di-cristiano-godano\\\/#breadcrumb\",\"itemListElement\":[{\"@type\":\"ListItem\",\"position\":1,\"name\":\"Home\",\"item\":\"https:\\\/\\\/www.alabianca.it\\\/it\\\/\"},{\"@type\":\"ListItem\",\"position\":2,\"name\":\"\u201cStammi Accanto\u201d, il nuovo album solista di Cristiano Godano\"}]},{\"@type\":\"WebSite\",\"@id\":\"https:\\\/\\\/www.alabianca.it\\\/it\\\/#website\",\"url\":\"https:\\\/\\\/www.alabianca.it\\\/it\\\/\",\"name\":\"Ala Bianca Group\",\"description\":\"Editore e produttore discografico\",\"publisher\":{\"@id\":\"https:\\\/\\\/www.alabianca.it\\\/it\\\/#organization\"},\"potentialAction\":[{\"@type\":\"SearchAction\",\"target\":{\"@type\":\"EntryPoint\",\"urlTemplate\":\"https:\\\/\\\/www.alabianca.it\\\/it\\\/?s={search_term_string}\"},\"query-input\":{\"@type\":\"PropertyValueSpecification\",\"valueRequired\":true,\"valueName\":\"search_term_string\"}}],\"inLanguage\":\"it-IT\"},{\"@type\":\"Organization\",\"@id\":\"https:\\\/\\\/www.alabianca.it\\\/it\\\/#organization\",\"name\":\"Alabianca Group S.r.l.\",\"url\":\"https:\\\/\\\/www.alabianca.it\\\/it\\\/\",\"logo\":{\"@type\":\"ImageObject\",\"inLanguage\":\"it-IT\",\"@id\":\"https:\\\/\\\/www.alabianca.it\\\/it\\\/#\\\/schema\\\/logo\\\/image\\\/\",\"url\":\"https:\\\/\\\/www.alabianca.it\\\/wp-content\\\/uploads\\\/2018\\\/01\\\/alabianca-records-logo-2018-h-3.png\",\"contentUrl\":\"https:\\\/\\\/www.alabianca.it\\\/wp-content\\\/uploads\\\/2018\\\/01\\\/alabianca-records-logo-2018-h-3.png\",\"width\":345,\"height\":133,\"caption\":\"Alabianca Group S.r.l.\"},\"image\":{\"@id\":\"https:\\\/\\\/www.alabianca.it\\\/it\\\/#\\\/schema\\\/logo\\\/image\\\/\"}},{\"@type\":\"Person\",\"@id\":\"https:\\\/\\\/www.alabianca.it\\\/it\\\/#\\\/schema\\\/person\\\/e3c12e42cfdf21a168836032ca3fa14d\",\"name\":\"Elia Mazzotti\",\"url\":\"https:\\\/\\\/www.alabianca.it\\\/it\\\/author\\\/elia\\\/\"}]}<\/script>\n<!-- \/ Yoast SEO plugin. -->","yoast_head_json":{"title":"\u201cStammi Accanto\u201d, il nuovo album solista di Cristiano Godano - Ala Bianca Group","description":"Disponibile in digitale, CD e vinile \u201cStammi accanto\u201d, il nuovo album di inediti di Cristiano Godano (Al-Kemi Records\/Ala Bianca Group).","robots":{"index":"index","follow":"follow","max-snippet":"max-snippet:-1","max-image-preview":"max-image-preview:large","max-video-preview":"max-video-preview:-1"},"canonical":"https:\/\/www.alabianca.it\/it\/notizie\/stammi-accanto-il-nuovo-album-solista-di-cristiano-godano\/","og_locale":"it_IT","og_type":"article","og_title":"\u201cStammi Accanto\u201d, il nuovo album solista di Cristiano Godano - Ala Bianca Group","og_description":"Disponibile in digitale, CD e vinile \u201cStammi accanto\u201d, il nuovo album di inediti di Cristiano Godano (Al-Kemi Records\/Ala Bianca Group).","og_url":"https:\/\/www.alabianca.it\/it\/notizie\/stammi-accanto-il-nuovo-album-solista-di-cristiano-godano\/","og_site_name":"Ala Bianca Group","article_published_time":"2025-04-04T08:01:13+00:00","article_modified_time":"2025-04-04T09:37:51+00:00","og_image":[{"width":1080,"height":1080,"url":"https:\/\/www.alabianca.it\/wp-content\/uploads\/2025\/04\/Cristiano-Godano-Stammi-Accanto-cover-1080x1080px.png","type":"image\/png"}],"author":"Elia Mazzotti","twitter_card":"summary_large_image","twitter_misc":{"Scritto da":"Elia Mazzotti","Tempo di lettura stimato":"3 minuti"},"schema":{"@context":"https:\/\/schema.org","@graph":[{"@type":"Article","@id":"https:\/\/www.alabianca.it\/it\/notizie\/stammi-accanto-il-nuovo-album-solista-di-cristiano-godano\/#article","isPartOf":{"@id":"https:\/\/www.alabianca.it\/it\/notizie\/stammi-accanto-il-nuovo-album-solista-di-cristiano-godano\/"},"author":{"name":"Elia Mazzotti","@id":"https:\/\/www.alabianca.it\/it\/#\/schema\/person\/e3c12e42cfdf21a168836032ca3fa14d"},"headline":"\u201cStammi Accanto\u201d, il nuovo album solista di Cristiano Godano","datePublished":"2025-04-04T08:01:13+00:00","dateModified":"2025-04-04T09:37:51+00:00","mainEntityOfPage":{"@id":"https:\/\/www.alabianca.it\/it\/notizie\/stammi-accanto-il-nuovo-album-solista-di-cristiano-godano\/"},"wordCount":708,"publisher":{"@id":"https:\/\/www.alabianca.it\/it\/#organization"},"image":{"@id":"https:\/\/www.alabianca.it\/it\/notizie\/stammi-accanto-il-nuovo-album-solista-di-cristiano-godano\/#primaryimage"},"thumbnailUrl":"https:\/\/www.alabianca.it\/wp-content\/uploads\/2025\/04\/Cristiano-Godano-Stammi-Accanto-cover-1080x1080px.png","keywords":["cristiano godano","Stammi Accanto"],"articleSection":["Notizie"],"inLanguage":"it-IT"},{"@type":"WebPage","@id":"https:\/\/www.alabianca.it\/it\/notizie\/stammi-accanto-il-nuovo-album-solista-di-cristiano-godano\/","url":"https:\/\/www.alabianca.it\/it\/notizie\/stammi-accanto-il-nuovo-album-solista-di-cristiano-godano\/","name":"\u201cStammi Accanto\u201d, il nuovo album solista di Cristiano Godano - Ala Bianca Group","isPartOf":{"@id":"https:\/\/www.alabianca.it\/it\/#website"},"primaryImageOfPage":{"@id":"https:\/\/www.alabianca.it\/it\/notizie\/stammi-accanto-il-nuovo-album-solista-di-cristiano-godano\/#primaryimage"},"image":{"@id":"https:\/\/www.alabianca.it\/it\/notizie\/stammi-accanto-il-nuovo-album-solista-di-cristiano-godano\/#primaryimage"},"thumbnailUrl":"https:\/\/www.alabianca.it\/wp-content\/uploads\/2025\/04\/Cristiano-Godano-Stammi-Accanto-cover-1080x1080px.png","datePublished":"2025-04-04T08:01:13+00:00","dateModified":"2025-04-04T09:37:51+00:00","description":"Disponibile in digitale, CD e vinile \u201cStammi accanto\u201d, il nuovo album di inediti di Cristiano Godano (Al-Kemi Records\/Ala Bianca Group).","breadcrumb":{"@id":"https:\/\/www.alabianca.it\/it\/notizie\/stammi-accanto-il-nuovo-album-solista-di-cristiano-godano\/#breadcrumb"},"inLanguage":"it-IT","potentialAction":[{"@type":"ReadAction","target":["https:\/\/www.alabianca.it\/it\/notizie\/stammi-accanto-il-nuovo-album-solista-di-cristiano-godano\/"]}]},{"@type":"ImageObject","inLanguage":"it-IT","@id":"https:\/\/www.alabianca.it\/it\/notizie\/stammi-accanto-il-nuovo-album-solista-di-cristiano-godano\/#primaryimage","url":"https:\/\/www.alabianca.it\/wp-content\/uploads\/2025\/04\/Cristiano-Godano-Stammi-Accanto-cover-1080x1080px.png","contentUrl":"https:\/\/www.alabianca.it\/wp-content\/uploads\/2025\/04\/Cristiano-Godano-Stammi-Accanto-cover-1080x1080px.png","width":1080,"height":1080,"caption":"\u00c8 disponibile in digitale, CD e vinile \u201cStammi accanto\u201d (etichetta Al-Kemi Records di Ala Bianca Group \/ distribuzione fisico Warner Music \/ distribuzione digital Fuga), il nuovo album di inediti di CRISTIANO GODANO."},{"@type":"BreadcrumbList","@id":"https:\/\/www.alabianca.it\/it\/notizie\/stammi-accanto-il-nuovo-album-solista-di-cristiano-godano\/#breadcrumb","itemListElement":[{"@type":"ListItem","position":1,"name":"Home","item":"https:\/\/www.alabianca.it\/it\/"},{"@type":"ListItem","position":2,"name":"\u201cStammi Accanto\u201d, il nuovo album solista di Cristiano Godano"}]},{"@type":"WebSite","@id":"https:\/\/www.alabianca.it\/it\/#website","url":"https:\/\/www.alabianca.it\/it\/","name":"Ala Bianca Group","description":"Editore e produttore discografico","publisher":{"@id":"https:\/\/www.alabianca.it\/it\/#organization"},"potentialAction":[{"@type":"SearchAction","target":{"@type":"EntryPoint","urlTemplate":"https:\/\/www.alabianca.it\/it\/?s={search_term_string}"},"query-input":{"@type":"PropertyValueSpecification","valueRequired":true,"valueName":"search_term_string"}}],"inLanguage":"it-IT"},{"@type":"Organization","@id":"https:\/\/www.alabianca.it\/it\/#organization","name":"Alabianca Group S.r.l.","url":"https:\/\/www.alabianca.it\/it\/","logo":{"@type":"ImageObject","inLanguage":"it-IT","@id":"https:\/\/www.alabianca.it\/it\/#\/schema\/logo\/image\/","url":"https:\/\/www.alabianca.it\/wp-content\/uploads\/2018\/01\/alabianca-records-logo-2018-h-3.png","contentUrl":"https:\/\/www.alabianca.it\/wp-content\/uploads\/2018\/01\/alabianca-records-logo-2018-h-3.png","width":345,"height":133,"caption":"Alabianca Group S.r.l."},"image":{"@id":"https:\/\/www.alabianca.it\/it\/#\/schema\/logo\/image\/"}},{"@type":"Person","@id":"https:\/\/www.alabianca.it\/it\/#\/schema\/person\/e3c12e42cfdf21a168836032ca3fa14d","name":"Elia Mazzotti","url":"https:\/\/www.alabianca.it\/it\/author\/elia\/"}]}},"_links":{"self":[{"href":"https:\/\/www.alabianca.it\/it\/wp-json\/wp\/v2\/posts\/21000","targetHints":{"allow":["GET"]}}],"collection":[{"href":"https:\/\/www.alabianca.it\/it\/wp-json\/wp\/v2\/posts"}],"about":[{"href":"https:\/\/www.alabianca.it\/it\/wp-json\/wp\/v2\/types\/post"}],"author":[{"embeddable":true,"href":"https:\/\/www.alabianca.it\/it\/wp-json\/wp\/v2\/users\/88"}],"replies":[{"embeddable":true,"href":"https:\/\/www.alabianca.it\/it\/wp-json\/wp\/v2\/comments?post=21000"}],"version-history":[{"count":11,"href":"https:\/\/www.alabianca.it\/it\/wp-json\/wp\/v2\/posts\/21000\/revisions"}],"predecessor-version":[{"id":21013,"href":"https:\/\/www.alabianca.it\/it\/wp-json\/wp\/v2\/posts\/21000\/revisions\/21013"}],"wp:featuredmedia":[{"embeddable":true,"href":"https:\/\/www.alabianca.it\/it\/wp-json\/wp\/v2\/media\/20996"}],"wp:attachment":[{"href":"https:\/\/www.alabianca.it\/it\/wp-json\/wp\/v2\/media?parent=21000"}],"wp:term":[{"taxonomy":"category","embeddable":true,"href":"https:\/\/www.alabianca.it\/it\/wp-json\/wp\/v2\/categories?post=21000"},{"taxonomy":"post_tag","embeddable":true,"href":"https:\/\/www.alabianca.it\/it\/wp-json\/wp\/v2\/tags?post=21000"}],"curies":[{"name":"wp","href":"https:\/\/api.w.org\/{rel}","templated":true}]}}