{"id":4501,"date":"2016-05-30T13:55:31","date_gmt":"2016-05-30T13:55:31","guid":{"rendered":"https:\/\/www.alabianca.it\/?p=4501"},"modified":"2016-05-30T14:04:08","modified_gmt":"2016-05-30T14:04:08","slug":"claudio-giovannesi-e-andrea-moscianese","status":"publish","type":"post","link":"https:\/\/www.alabianca.it\/it\/notizie\/claudio-giovannesi-e-andrea-moscianese\/","title":{"rendered":"Claudio Giovannesi e Andrea Moscianese raccontano la scrittura della colonna sonora di &#8220;Fiore&#8221;"},"content":{"rendered":"<h3 style=\"text-align: justify;\">Dopo la presentazione in anteprima al\u00a0 Festival del Cinema di Cannes, all&#8217;interno della <em><b>Quinzaine des R\u00e9alisateurs<\/b><\/em>, &#8220;Fiore&#8221; arriva al cinema in tutt&#8217;Italia dal 1 giugno. Il regista e autore delle musiche Claudio Giovannesi e il coautore Andrea Moscianese raccontano la scrittura della colonna sonora prodotta ed edita da Alabianca.<\/h3>\n<p>&nbsp;<\/p>\n<p style=\"text-align: justify;\"><em>Fiore<\/em> \u00e8 una storia d\u2019amore ambientata in un luogo dove l\u2019amore \u00e8 vietato: il carcere. E\u2019 una storia di adolescenti colpevoli davanti alla legge che vivono l\u2019innocenza del loro amore.<\/p>\n<p style=\"text-align: justify;\">La composizione delle musiche per il film si \u00e8 basata su due suggestioni tematiche: il sogno e l\u2019innocenza.<\/p>\n<p style=\"text-align: justify;\">Sono due i temi che ricorrono: il tema del film (FIORE tema) e un altro brano (FATHERLESS CHILD) e segnano cinque passaggi emotivi di Daphne, la protagonista.<\/p>\n<p style=\"text-align: justify;\">La prima volta che nel film sentiamo musica di commento (FATHERLESS CHILD) \u00e8 quando Daphne scrive la prima lettera a Josh, il detenuto della palazzina maschile con cui vivr\u00e0 una storia d\u2019amore.<\/p>\n<p style=\"text-align: justify;\">La seconda volta la musica ci aiuta a raccontare il suo sogno d\u2019amore (FIORE tema): Daphne sogna un carcere con le porte aperte, gira di notte nei corridoi, arriva nel braccio maschile, trova la cella di Josh, entra, lui dorme, lei si sdraia nel suo letto, accanto a lui.<\/p>\n<p style=\"text-align: justify;\">Gli strumenti che abbiamo usato per l\u2019arrangiamento dei brani sono state le chitarre con il suono ipnotico e onirico del delay e la voce infantile della celesta. Nei titoli di coda invece il tema si sviluppa attraverso la presenza degli archi.<\/p>\n<p style=\"text-align: justify;\">Dirigere il film e contemporaneamente realizzare la colonna sonora sono due aspetti del lavoro analoghi, l\u2019obiettivo \u00e8 il medesimo, con le immagini e con le note: raccontare le emozioni e gli stati d\u2019animo di Daphne, un\u2019adolescente che vive l\u2019esperienza del desiderio e della mancanza d\u2019amore, e renderle condivisibili e universali.<\/p>\n<p style=\"text-align: right;\"><strong><em>Claudio Giovannesi<\/em><\/strong><\/p>\n<hr \/>\n<p style=\"text-align: justify;\">Il processo compositivo che lega me e il regista-musicista Claudio Giovannesi si avvale di alcune regole molto semplici: la prima \u00e8 il minimalismo inteso come<\/p>\n<p style=\"text-align: justify;\">&#8220;utilizzare pochi elementi per ottenere pienezza&#8221;, la seconda \u00e8 trasformare i limiti in spunti creativi.<\/p>\n<p style=\"text-align: justify;\">Questo processo \u00e8 iniziato casualmente in <em>Al\u00ec ha gli occhi azzurri<\/em>, si \u00e8 delineato in <em>Wolf<\/em> e sublimato in <em>Fiore<\/em>.<\/p>\n<p style=\"text-align: justify;\">Il regista, essendo anche musicista, nonch\u00e9 direttore dell'&#8221;orchestra cinema&#8221; suggerisce spesso le tematiche musicali da me poi integrate e sviluppate in un secondo momento.<\/p>\n<p style=\"text-align: justify;\">Il leit motiv di <em>Fiore<\/em> \u00e8 la leggerezza, data dall&#8217;amore vissuto quando si \u00e8 adolescenti che \u00e8 uno e solo, aldil\u00e0 del luogo (la prigione), del ceto sociale e via dicendo.<\/p>\n<p style=\"text-align: justify;\">Il suono \u00e8 volutamente sospeso, la celesta richiama un mondo non adulto, i ribattuti delle chitarre simulano un fluttuare, nulla ci tiene ancorati a terra tranne due archi che ci ricordano che la passione \u00e8 anche dramma romantico; non solo non sappiamo dove si va ma sappiamo che tutto avr\u00e0 inevitabilmente una fine.<\/p>\n<p style=\"text-align: justify;\">Buon ascolto<\/p>\n<p style=\"text-align: right;\"><em><strong>Andrea Moscianese<\/strong><\/em><\/p>\n<p style=\"text-align: justify;\"><em>\u00a0<\/em><\/p>\n<p style=\"text-align: justify;\"><strong>\u00a0<\/strong><\/p>\n","protected":false},"excerpt":{"rendered":"<p>Dopo la presentazione in anteprima al\u00a0 Festival del Cinema di Cannes, all&#8217;interno della Quinzaine des R\u00e9alisateurs, &#8220;Fiore&#8221; arriva al cinema in tutt&#8217;Italia dal 1 giugno. Il regista e autore delle musiche Claudio Giovannesi e il coautore Andrea Moscianese raccontano la scrittura della colonna sonora prodotta ed edita da Alabianca. &nbsp; Fiore \u00e8 una storia d\u2019amore [&hellip;]<\/p>\n","protected":false},"author":2,"featured_media":4502,"comment_status":"open","ping_status":"closed","sticky":false,"template":"","format":"standard","meta":{"_acf_changed":false,"footnotes":""},"categories":[14,7],"tags":[1244,1238,1243],"class_list":["post-4501","post","type-post","status-publish","format-standard","has-post-thumbnail","hentry","category-colonne-sonore-raccontate-dagli-autori","category-notizie","tag-andrea-moscianese","tag-claudio-giovannesi","tag-fiore"],"acf":[],"yoast_head":"<!-- This site is optimized with the Yoast SEO plugin v27.5 - https:\/\/yoast.com\/product\/yoast-seo-wordpress\/ -->\n<title>Claudio Giovannesi e Andrea Moscianese raccontano la scrittura della colonna sonora di &quot;Fiore&quot; - Ala Bianca Group<\/title>\n<meta name=\"description\" content=\"Leggi Claudio Giovannesi e Andrea Moscianese raccontano la scrittura della colonna sonora di &quot;Fiore&quot; su Ala Bianca Group Editore e produttore discografico a Modena\" \/>\n<meta name=\"robots\" content=\"index, follow, max-snippet:-1, max-image-preview:large, max-video-preview:-1\" \/>\n<link rel=\"canonical\" href=\"https:\/\/www.alabianca.it\/it\/notizie\/claudio-giovannesi-e-andrea-moscianese\/\" \/>\n<meta property=\"og:locale\" content=\"it_IT\" \/>\n<meta property=\"og:type\" content=\"article\" \/>\n<meta property=\"og:title\" content=\"Claudio Giovannesi e Andrea Moscianese raccontano la scrittura della colonna sonora di &quot;Fiore&quot; - Ala Bianca Group\" \/>\n<meta property=\"og:description\" content=\"Leggi Claudio Giovannesi e Andrea Moscianese raccontano la scrittura della colonna sonora di &quot;Fiore&quot; su Ala Bianca Group Editore e produttore discografico a Modena\" \/>\n<meta property=\"og:url\" content=\"https:\/\/www.alabianca.it\/it\/notizie\/claudio-giovannesi-e-andrea-moscianese\/\" \/>\n<meta property=\"og:site_name\" content=\"Ala Bianca Group\" \/>\n<meta property=\"article:published_time\" content=\"2016-05-30T13:55:31+00:00\" \/>\n<meta property=\"article:modified_time\" content=\"2016-05-30T14:04:08+00:00\" \/>\n<meta property=\"og:image\" content=\"https:\/\/www.alabianca.it\/wp-content\/uploads\/2016\/05\/fiore-2016-claudio-giovannesi-003.jpg\" \/>\n\t<meta property=\"og:image:width\" content=\"700\" \/>\n\t<meta property=\"og:image:height\" content=\"700\" \/>\n\t<meta property=\"og:image:type\" content=\"image\/jpeg\" \/>\n<meta name=\"author\" content=\"Antonio Tavoni\" \/>\n<meta name=\"twitter:card\" content=\"summary_large_image\" \/>\n<meta name=\"twitter:label1\" content=\"Scritto da\" \/>\n\t<meta name=\"twitter:data1\" content=\"Antonio Tavoni\" \/>\n\t<meta name=\"twitter:label2\" content=\"Tempo di lettura stimato\" \/>\n\t<meta name=\"twitter:data2\" content=\"2 minuti\" \/>\n<script type=\"application\/ld+json\" class=\"yoast-schema-graph\">{\"@context\":\"https:\\\/\\\/schema.org\",\"@graph\":[{\"@type\":\"Article\",\"@id\":\"https:\\\/\\\/www.alabianca.it\\\/it\\\/notizie\\\/claudio-giovannesi-e-andrea-moscianese\\\/#article\",\"isPartOf\":{\"@id\":\"https:\\\/\\\/www.alabianca.it\\\/it\\\/notizie\\\/claudio-giovannesi-e-andrea-moscianese\\\/\"},\"author\":{\"name\":\"Antonio Tavoni\",\"@id\":\"https:\\\/\\\/www.alabianca.it\\\/it\\\/#\\\/schema\\\/person\\\/0fa4f9cd5afb3f37f95a5b320896f479\"},\"headline\":\"Claudio Giovannesi e Andrea Moscianese raccontano la scrittura della colonna sonora di &#8220;Fiore&#8221;\",\"datePublished\":\"2016-05-30T13:55:31+00:00\",\"dateModified\":\"2016-05-30T14:04:08+00:00\",\"mainEntityOfPage\":{\"@id\":\"https:\\\/\\\/www.alabianca.it\\\/it\\\/notizie\\\/claudio-giovannesi-e-andrea-moscianese\\\/\"},\"wordCount\":486,\"commentCount\":0,\"publisher\":{\"@id\":\"https:\\\/\\\/www.alabianca.it\\\/it\\\/#organization\"},\"image\":{\"@id\":\"https:\\\/\\\/www.alabianca.it\\\/it\\\/notizie\\\/claudio-giovannesi-e-andrea-moscianese\\\/#primaryimage\"},\"thumbnailUrl\":\"https:\\\/\\\/www.alabianca.it\\\/wp-content\\\/uploads\\\/2016\\\/05\\\/fiore-2016-claudio-giovannesi-003.jpg\",\"keywords\":[\"Andrea Moscianese\",\"Claudio Giovannesi\",\"Fiore\"],\"articleSection\":[\"Le colonne sonore raccontate dagli autori\",\"Notizie\"],\"inLanguage\":\"it-IT\",\"potentialAction\":[{\"@type\":\"CommentAction\",\"name\":\"Comment\",\"target\":[\"https:\\\/\\\/www.alabianca.it\\\/it\\\/notizie\\\/claudio-giovannesi-e-andrea-moscianese\\\/#respond\"]}]},{\"@type\":\"WebPage\",\"@id\":\"https:\\\/\\\/www.alabianca.it\\\/it\\\/notizie\\\/claudio-giovannesi-e-andrea-moscianese\\\/\",\"url\":\"https:\\\/\\\/www.alabianca.it\\\/it\\\/notizie\\\/claudio-giovannesi-e-andrea-moscianese\\\/\",\"name\":\"Claudio Giovannesi e Andrea Moscianese raccontano la scrittura della colonna sonora di \\\"Fiore\\\" - Ala Bianca Group\",\"isPartOf\":{\"@id\":\"https:\\\/\\\/www.alabianca.it\\\/it\\\/#website\"},\"primaryImageOfPage\":{\"@id\":\"https:\\\/\\\/www.alabianca.it\\\/it\\\/notizie\\\/claudio-giovannesi-e-andrea-moscianese\\\/#primaryimage\"},\"image\":{\"@id\":\"https:\\\/\\\/www.alabianca.it\\\/it\\\/notizie\\\/claudio-giovannesi-e-andrea-moscianese\\\/#primaryimage\"},\"thumbnailUrl\":\"https:\\\/\\\/www.alabianca.it\\\/wp-content\\\/uploads\\\/2016\\\/05\\\/fiore-2016-claudio-giovannesi-003.jpg\",\"datePublished\":\"2016-05-30T13:55:31+00:00\",\"dateModified\":\"2016-05-30T14:04:08+00:00\",\"description\":\"Leggi Claudio Giovannesi e Andrea Moscianese raccontano la scrittura della colonna sonora di \\\"Fiore\\\" su Ala Bianca Group Editore e produttore discografico a Modena\",\"breadcrumb\":{\"@id\":\"https:\\\/\\\/www.alabianca.it\\\/it\\\/notizie\\\/claudio-giovannesi-e-andrea-moscianese\\\/#breadcrumb\"},\"inLanguage\":\"it-IT\",\"potentialAction\":[{\"@type\":\"ReadAction\",\"target\":[\"https:\\\/\\\/www.alabianca.it\\\/it\\\/notizie\\\/claudio-giovannesi-e-andrea-moscianese\\\/\"]}]},{\"@type\":\"ImageObject\",\"inLanguage\":\"it-IT\",\"@id\":\"https:\\\/\\\/www.alabianca.it\\\/it\\\/notizie\\\/claudio-giovannesi-e-andrea-moscianese\\\/#primaryimage\",\"url\":\"https:\\\/\\\/www.alabianca.it\\\/wp-content\\\/uploads\\\/2016\\\/05\\\/fiore-2016-claudio-giovannesi-003.jpg\",\"contentUrl\":\"https:\\\/\\\/www.alabianca.it\\\/wp-content\\\/uploads\\\/2016\\\/05\\\/fiore-2016-claudio-giovannesi-003.jpg\",\"width\":700,\"height\":700},{\"@type\":\"BreadcrumbList\",\"@id\":\"https:\\\/\\\/www.alabianca.it\\\/it\\\/notizie\\\/claudio-giovannesi-e-andrea-moscianese\\\/#breadcrumb\",\"itemListElement\":[{\"@type\":\"ListItem\",\"position\":1,\"name\":\"Home\",\"item\":\"https:\\\/\\\/www.alabianca.it\\\/it\\\/\"},{\"@type\":\"ListItem\",\"position\":2,\"name\":\"Claudio Giovannesi e Andrea Moscianese raccontano la scrittura della colonna sonora di &#8220;Fiore&#8221;\"}]},{\"@type\":\"WebSite\",\"@id\":\"https:\\\/\\\/www.alabianca.it\\\/it\\\/#website\",\"url\":\"https:\\\/\\\/www.alabianca.it\\\/it\\\/\",\"name\":\"Ala Bianca Group\",\"description\":\"Editore e produttore discografico\",\"publisher\":{\"@id\":\"https:\\\/\\\/www.alabianca.it\\\/it\\\/#organization\"},\"potentialAction\":[{\"@type\":\"SearchAction\",\"target\":{\"@type\":\"EntryPoint\",\"urlTemplate\":\"https:\\\/\\\/www.alabianca.it\\\/it\\\/?s={search_term_string}\"},\"query-input\":{\"@type\":\"PropertyValueSpecification\",\"valueRequired\":true,\"valueName\":\"search_term_string\"}}],\"inLanguage\":\"it-IT\"},{\"@type\":\"Organization\",\"@id\":\"https:\\\/\\\/www.alabianca.it\\\/it\\\/#organization\",\"name\":\"Alabianca Group S.r.l.\",\"url\":\"https:\\\/\\\/www.alabianca.it\\\/it\\\/\",\"logo\":{\"@type\":\"ImageObject\",\"inLanguage\":\"it-IT\",\"@id\":\"https:\\\/\\\/www.alabianca.it\\\/it\\\/#\\\/schema\\\/logo\\\/image\\\/\",\"url\":\"https:\\\/\\\/www.alabianca.it\\\/wp-content\\\/uploads\\\/2018\\\/01\\\/alabianca-records-logo-2018-h-3.png\",\"contentUrl\":\"https:\\\/\\\/www.alabianca.it\\\/wp-content\\\/uploads\\\/2018\\\/01\\\/alabianca-records-logo-2018-h-3.png\",\"width\":345,\"height\":133,\"caption\":\"Alabianca Group S.r.l.\"},\"image\":{\"@id\":\"https:\\\/\\\/www.alabianca.it\\\/it\\\/#\\\/schema\\\/logo\\\/image\\\/\"}},{\"@type\":\"Person\",\"@id\":\"https:\\\/\\\/www.alabianca.it\\\/it\\\/#\\\/schema\\\/person\\\/0fa4f9cd5afb3f37f95a5b320896f479\",\"name\":\"Antonio Tavoni\",\"sameAs\":[\"http:\\\/\\\/alabianca.it\"],\"url\":\"https:\\\/\\\/www.alabianca.it\\\/it\\\/author\\\/antonioalabianca-it\\\/\"}]}<\/script>\n<!-- \/ Yoast SEO plugin. -->","yoast_head_json":{"title":"Claudio Giovannesi e Andrea Moscianese raccontano la scrittura della colonna sonora di \"Fiore\" - Ala Bianca Group","description":"Leggi Claudio Giovannesi e Andrea Moscianese raccontano la scrittura della colonna sonora di \"Fiore\" su Ala Bianca Group Editore e produttore discografico a Modena","robots":{"index":"index","follow":"follow","max-snippet":"max-snippet:-1","max-image-preview":"max-image-preview:large","max-video-preview":"max-video-preview:-1"},"canonical":"https:\/\/www.alabianca.it\/it\/notizie\/claudio-giovannesi-e-andrea-moscianese\/","og_locale":"it_IT","og_type":"article","og_title":"Claudio Giovannesi e Andrea Moscianese raccontano la scrittura della colonna sonora di \"Fiore\" - Ala Bianca Group","og_description":"Leggi Claudio Giovannesi e Andrea Moscianese raccontano la scrittura della colonna sonora di \"Fiore\" su Ala Bianca Group Editore e produttore discografico a Modena","og_url":"https:\/\/www.alabianca.it\/it\/notizie\/claudio-giovannesi-e-andrea-moscianese\/","og_site_name":"Ala Bianca Group","article_published_time":"2016-05-30T13:55:31+00:00","article_modified_time":"2016-05-30T14:04:08+00:00","og_image":[{"width":700,"height":700,"url":"https:\/\/www.alabianca.it\/wp-content\/uploads\/2016\/05\/fiore-2016-claudio-giovannesi-003.jpg","type":"image\/jpeg"}],"author":"Antonio Tavoni","twitter_card":"summary_large_image","twitter_misc":{"Scritto da":"Antonio Tavoni","Tempo di lettura stimato":"2 minuti"},"schema":{"@context":"https:\/\/schema.org","@graph":[{"@type":"Article","@id":"https:\/\/www.alabianca.it\/it\/notizie\/claudio-giovannesi-e-andrea-moscianese\/#article","isPartOf":{"@id":"https:\/\/www.alabianca.it\/it\/notizie\/claudio-giovannesi-e-andrea-moscianese\/"},"author":{"name":"Antonio Tavoni","@id":"https:\/\/www.alabianca.it\/it\/#\/schema\/person\/0fa4f9cd5afb3f37f95a5b320896f479"},"headline":"Claudio Giovannesi e Andrea Moscianese raccontano la scrittura della colonna sonora di &#8220;Fiore&#8221;","datePublished":"2016-05-30T13:55:31+00:00","dateModified":"2016-05-30T14:04:08+00:00","mainEntityOfPage":{"@id":"https:\/\/www.alabianca.it\/it\/notizie\/claudio-giovannesi-e-andrea-moscianese\/"},"wordCount":486,"commentCount":0,"publisher":{"@id":"https:\/\/www.alabianca.it\/it\/#organization"},"image":{"@id":"https:\/\/www.alabianca.it\/it\/notizie\/claudio-giovannesi-e-andrea-moscianese\/#primaryimage"},"thumbnailUrl":"https:\/\/www.alabianca.it\/wp-content\/uploads\/2016\/05\/fiore-2016-claudio-giovannesi-003.jpg","keywords":["Andrea Moscianese","Claudio Giovannesi","Fiore"],"articleSection":["Le colonne sonore raccontate dagli autori","Notizie"],"inLanguage":"it-IT","potentialAction":[{"@type":"CommentAction","name":"Comment","target":["https:\/\/www.alabianca.it\/it\/notizie\/claudio-giovannesi-e-andrea-moscianese\/#respond"]}]},{"@type":"WebPage","@id":"https:\/\/www.alabianca.it\/it\/notizie\/claudio-giovannesi-e-andrea-moscianese\/","url":"https:\/\/www.alabianca.it\/it\/notizie\/claudio-giovannesi-e-andrea-moscianese\/","name":"Claudio Giovannesi e Andrea Moscianese raccontano la scrittura della colonna sonora di \"Fiore\" - Ala Bianca Group","isPartOf":{"@id":"https:\/\/www.alabianca.it\/it\/#website"},"primaryImageOfPage":{"@id":"https:\/\/www.alabianca.it\/it\/notizie\/claudio-giovannesi-e-andrea-moscianese\/#primaryimage"},"image":{"@id":"https:\/\/www.alabianca.it\/it\/notizie\/claudio-giovannesi-e-andrea-moscianese\/#primaryimage"},"thumbnailUrl":"https:\/\/www.alabianca.it\/wp-content\/uploads\/2016\/05\/fiore-2016-claudio-giovannesi-003.jpg","datePublished":"2016-05-30T13:55:31+00:00","dateModified":"2016-05-30T14:04:08+00:00","description":"Leggi Claudio Giovannesi e Andrea Moscianese raccontano la scrittura della colonna sonora di \"Fiore\" su Ala Bianca Group Editore e produttore discografico a Modena","breadcrumb":{"@id":"https:\/\/www.alabianca.it\/it\/notizie\/claudio-giovannesi-e-andrea-moscianese\/#breadcrumb"},"inLanguage":"it-IT","potentialAction":[{"@type":"ReadAction","target":["https:\/\/www.alabianca.it\/it\/notizie\/claudio-giovannesi-e-andrea-moscianese\/"]}]},{"@type":"ImageObject","inLanguage":"it-IT","@id":"https:\/\/www.alabianca.it\/it\/notizie\/claudio-giovannesi-e-andrea-moscianese\/#primaryimage","url":"https:\/\/www.alabianca.it\/wp-content\/uploads\/2016\/05\/fiore-2016-claudio-giovannesi-003.jpg","contentUrl":"https:\/\/www.alabianca.it\/wp-content\/uploads\/2016\/05\/fiore-2016-claudio-giovannesi-003.jpg","width":700,"height":700},{"@type":"BreadcrumbList","@id":"https:\/\/www.alabianca.it\/it\/notizie\/claudio-giovannesi-e-andrea-moscianese\/#breadcrumb","itemListElement":[{"@type":"ListItem","position":1,"name":"Home","item":"https:\/\/www.alabianca.it\/it\/"},{"@type":"ListItem","position":2,"name":"Claudio Giovannesi e Andrea Moscianese raccontano la scrittura della colonna sonora di &#8220;Fiore&#8221;"}]},{"@type":"WebSite","@id":"https:\/\/www.alabianca.it\/it\/#website","url":"https:\/\/www.alabianca.it\/it\/","name":"Ala Bianca Group","description":"Editore e produttore discografico","publisher":{"@id":"https:\/\/www.alabianca.it\/it\/#organization"},"potentialAction":[{"@type":"SearchAction","target":{"@type":"EntryPoint","urlTemplate":"https:\/\/www.alabianca.it\/it\/?s={search_term_string}"},"query-input":{"@type":"PropertyValueSpecification","valueRequired":true,"valueName":"search_term_string"}}],"inLanguage":"it-IT"},{"@type":"Organization","@id":"https:\/\/www.alabianca.it\/it\/#organization","name":"Alabianca Group S.r.l.","url":"https:\/\/www.alabianca.it\/it\/","logo":{"@type":"ImageObject","inLanguage":"it-IT","@id":"https:\/\/www.alabianca.it\/it\/#\/schema\/logo\/image\/","url":"https:\/\/www.alabianca.it\/wp-content\/uploads\/2018\/01\/alabianca-records-logo-2018-h-3.png","contentUrl":"https:\/\/www.alabianca.it\/wp-content\/uploads\/2018\/01\/alabianca-records-logo-2018-h-3.png","width":345,"height":133,"caption":"Alabianca Group S.r.l."},"image":{"@id":"https:\/\/www.alabianca.it\/it\/#\/schema\/logo\/image\/"}},{"@type":"Person","@id":"https:\/\/www.alabianca.it\/it\/#\/schema\/person\/0fa4f9cd5afb3f37f95a5b320896f479","name":"Antonio Tavoni","sameAs":["http:\/\/alabianca.it"],"url":"https:\/\/www.alabianca.it\/it\/author\/antonioalabianca-it\/"}]}},"_links":{"self":[{"href":"https:\/\/www.alabianca.it\/it\/wp-json\/wp\/v2\/posts\/4501","targetHints":{"allow":["GET"]}}],"collection":[{"href":"https:\/\/www.alabianca.it\/it\/wp-json\/wp\/v2\/posts"}],"about":[{"href":"https:\/\/www.alabianca.it\/it\/wp-json\/wp\/v2\/types\/post"}],"author":[{"embeddable":true,"href":"https:\/\/www.alabianca.it\/it\/wp-json\/wp\/v2\/users\/2"}],"replies":[{"embeddable":true,"href":"https:\/\/www.alabianca.it\/it\/wp-json\/wp\/v2\/comments?post=4501"}],"version-history":[{"count":7,"href":"https:\/\/www.alabianca.it\/it\/wp-json\/wp\/v2\/posts\/4501\/revisions"}],"predecessor-version":[{"id":4510,"href":"https:\/\/www.alabianca.it\/it\/wp-json\/wp\/v2\/posts\/4501\/revisions\/4510"}],"wp:featuredmedia":[{"embeddable":true,"href":"https:\/\/www.alabianca.it\/it\/wp-json\/wp\/v2\/media\/4502"}],"wp:attachment":[{"href":"https:\/\/www.alabianca.it\/it\/wp-json\/wp\/v2\/media?parent=4501"}],"wp:term":[{"taxonomy":"category","embeddable":true,"href":"https:\/\/www.alabianca.it\/it\/wp-json\/wp\/v2\/categories?post=4501"},{"taxonomy":"post_tag","embeddable":true,"href":"https:\/\/www.alabianca.it\/it\/wp-json\/wp\/v2\/tags?post=4501"}],"curies":[{"name":"wp","href":"https:\/\/api.w.org\/{rel}","templated":true}]}}