{"id":4640,"date":"2016-11-28T16:18:14","date_gmt":"2016-11-28T16:18:14","guid":{"rendered":"https:\/\/www.alabianca.it\/?p=4640"},"modified":"2016-11-28T16:45:31","modified_gmt":"2016-11-28T16:45:31","slug":"al-torino-film-festival-figli-della-notte-il-debutto-alla-regia-di-andrea-de-sica-musiche-originali-prodotte-ed-edite-da-ala-bianca","status":"publish","type":"post","link":"https:\/\/www.alabianca.it\/it\/notizie\/al-torino-film-festival-figli-della-notte-il-debutto-alla-regia-di-andrea-de-sica-musiche-originali-prodotte-ed-edite-da-ala-bianca\/","title":{"rendered":"Al Torino Film Festival \u201cI Figli della notte\u201d il debutto alla regia di Andrea De Sica, musiche originali prodotte ed edite da Ala Bianca"},"content":{"rendered":"<p><strong>Presentato al Torino Film Festival \u201cI Figli della Notte\u201d, il debutto alla regia di Andrea De Sica, compositore anche delle musiche in collaborazione con Leo Rosi.<\/strong><\/p>\n<p>\u201cI Figli della Notte\u201d, l\u2019unico film italiano in concorso al Torino Film Festival, \u00e8 una pellicola che mischia i generi, come raramente avviene nel cinema italiano, unendo dramma thriller e sconfinando a tratti nell\u2019Horror, tenendo sempre alto il livello della regia e della trama.<\/p>\n<p>Ambientato in un collegio dove si trovano i rampolli di famiglie dell\u2019alta societ\u00e0 il film svela il lato oscuro, drammatico delle relazioni umane di un mondo che sotto la sua patina superficiale rivela il baratro dell\u2019abbandono, dell\u2019insofferenza, dell\u2019apatia, del sospetto, della violenza.<\/p>\n<p>Figlio del musicista Manuel e nipote del grande Vittorio, Andrea De Sica porta sulle spalle un cognome ed un\u2019eredit\u00e0 impegnative che da subito hanno attirato la curiosit\u00e0 del pubblico e degli addetti ai lavori. Le reazioni al film sono unanimi nel dichiarare che \u00e8 nato un nuovo protagonista del cinema italiano, un protagonista che ha ancora tempo e spazio per crescere, ma che gi\u00e0 ha dato prova della sua qualit\u00e0.<\/p>\n<p>Abdrea De Sica \u00e8 anche il compositore delle musiche originali del film, scritte in collaborazione con Leo Rosi, prodotte ed edite da Ala Bianca.<\/p>\n","protected":false},"excerpt":{"rendered":"<p>Presentato al Torino Film Festival \u201cI Figli della Notte\u201d, il debutto alla regia di Andrea De Sica, compositore anche delle musiche in collaborazione con Leo Rosi. \u201cI Figli della Notte\u201d, l\u2019unico film italiano in concorso al Torino Film Festival, \u00e8 una pellicola che mischia i generi, come raramente avviene nel cinema italiano, unendo dramma thriller [&hellip;]<\/p>\n","protected":false},"author":2,"featured_media":4641,"comment_status":"open","ping_status":"closed","sticky":false,"template":"","format":"standard","meta":{"_acf_changed":false,"footnotes":""},"categories":[7],"tags":[1262,1263,1264,1265],"class_list":["post-4640","post","type-post","status-publish","format-standard","has-post-thumbnail","hentry","category-notizie","tag-andrea-de-sica","tag-figli-della-notte","tag-leo-rosi","tag-torino-film-festival"],"acf":[],"yoast_head":"<!-- This site is optimized with the Yoast SEO plugin v27.5 - https:\/\/yoast.com\/product\/yoast-seo-wordpress\/ -->\n<title>Al Torino Film Festival \u201cI Figli della notte\u201d il debutto alla regia di Andrea De Sica, musiche originali prodotte ed edite da Ala Bianca - Ala Bianca Group<\/title>\n<meta name=\"description\" content=\"Leggi Al Torino Film Festival \u201cI Figli della notte\u201d il debutto alla regia di Andrea De Sica, musiche originali prodotte ed edite da Ala Bianca su Ala Bianca Group Editore e produttore discografico a Modena\" \/>\n<meta name=\"robots\" content=\"index, follow, max-snippet:-1, max-image-preview:large, max-video-preview:-1\" \/>\n<link rel=\"canonical\" href=\"https:\/\/www.alabianca.it\/it\/notizie\/al-torino-film-festival-figli-della-notte-il-debutto-alla-regia-di-andrea-de-sica-musiche-originali-prodotte-ed-edite-da-ala-bianca\/\" \/>\n<meta property=\"og:locale\" content=\"it_IT\" \/>\n<meta property=\"og:type\" content=\"article\" \/>\n<meta property=\"og:title\" content=\"Al Torino Film Festival \u201cI Figli della notte\u201d il debutto alla regia di Andrea De Sica, musiche originali prodotte ed edite da Ala Bianca - Ala Bianca Group\" \/>\n<meta property=\"og:description\" content=\"Leggi Al Torino Film Festival \u201cI Figli della notte\u201d il debutto alla regia di Andrea De Sica, musiche originali prodotte ed edite da Ala Bianca su Ala Bianca Group Editore e produttore discografico a Modena\" \/>\n<meta property=\"og:url\" content=\"https:\/\/www.alabianca.it\/it\/notizie\/al-torino-film-festival-figli-della-notte-il-debutto-alla-regia-di-andrea-de-sica-musiche-originali-prodotte-ed-edite-da-ala-bianca\/\" \/>\n<meta property=\"og:site_name\" content=\"Ala Bianca Group\" \/>\n<meta property=\"article:published_time\" content=\"2016-11-28T16:18:14+00:00\" \/>\n<meta property=\"article:modified_time\" content=\"2016-11-28T16:45:31+00:00\" \/>\n<meta property=\"og:image\" content=\"https:\/\/www.alabianca.it\/wp-content\/uploads\/2016\/11\/figli-della-notte2.jpg\" \/>\n\t<meta property=\"og:image:width\" content=\"443\" \/>\n\t<meta property=\"og:image:height\" content=\"443\" \/>\n\t<meta property=\"og:image:type\" content=\"image\/jpeg\" \/>\n<meta name=\"author\" content=\"Antonio Tavoni\" \/>\n<meta name=\"twitter:card\" content=\"summary_large_image\" \/>\n<meta name=\"twitter:label1\" content=\"Scritto da\" \/>\n\t<meta name=\"twitter:data1\" content=\"Antonio Tavoni\" \/>\n\t<meta name=\"twitter:label2\" content=\"Tempo di lettura stimato\" \/>\n\t<meta name=\"twitter:data2\" content=\"1 minuto\" \/>\n<script type=\"application\/ld+json\" class=\"yoast-schema-graph\">{\"@context\":\"https:\\\/\\\/schema.org\",\"@graph\":[{\"@type\":\"Article\",\"@id\":\"https:\\\/\\\/www.alabianca.it\\\/it\\\/notizie\\\/al-torino-film-festival-figli-della-notte-il-debutto-alla-regia-di-andrea-de-sica-musiche-originali-prodotte-ed-edite-da-ala-bianca\\\/#article\",\"isPartOf\":{\"@id\":\"https:\\\/\\\/www.alabianca.it\\\/it\\\/notizie\\\/al-torino-film-festival-figli-della-notte-il-debutto-alla-regia-di-andrea-de-sica-musiche-originali-prodotte-ed-edite-da-ala-bianca\\\/\"},\"author\":{\"name\":\"Antonio Tavoni\",\"@id\":\"https:\\\/\\\/www.alabianca.it\\\/it\\\/#\\\/schema\\\/person\\\/0fa4f9cd5afb3f37f95a5b320896f479\"},\"headline\":\"Al Torino Film Festival \u201cI Figli della notte\u201d il debutto alla regia di Andrea De Sica, musiche originali prodotte ed edite da Ala Bianca\",\"datePublished\":\"2016-11-28T16:18:14+00:00\",\"dateModified\":\"2016-11-28T16:45:31+00:00\",\"mainEntityOfPage\":{\"@id\":\"https:\\\/\\\/www.alabianca.it\\\/it\\\/notizie\\\/al-torino-film-festival-figli-della-notte-il-debutto-alla-regia-di-andrea-de-sica-musiche-originali-prodotte-ed-edite-da-ala-bianca\\\/\"},\"wordCount\":234,\"commentCount\":0,\"publisher\":{\"@id\":\"https:\\\/\\\/www.alabianca.it\\\/it\\\/#organization\"},\"image\":{\"@id\":\"https:\\\/\\\/www.alabianca.it\\\/it\\\/notizie\\\/al-torino-film-festival-figli-della-notte-il-debutto-alla-regia-di-andrea-de-sica-musiche-originali-prodotte-ed-edite-da-ala-bianca\\\/#primaryimage\"},\"thumbnailUrl\":\"https:\\\/\\\/www.alabianca.it\\\/wp-content\\\/uploads\\\/2016\\\/11\\\/figli-della-notte2.jpg\",\"keywords\":[\"Andrea De Sica\",\"Figli della Notte\",\"Leo Rosi\",\"Torino Film Festival\"],\"articleSection\":[\"Notizie\"],\"inLanguage\":\"it-IT\",\"potentialAction\":[{\"@type\":\"CommentAction\",\"name\":\"Comment\",\"target\":[\"https:\\\/\\\/www.alabianca.it\\\/it\\\/notizie\\\/al-torino-film-festival-figli-della-notte-il-debutto-alla-regia-di-andrea-de-sica-musiche-originali-prodotte-ed-edite-da-ala-bianca\\\/#respond\"]}]},{\"@type\":\"WebPage\",\"@id\":\"https:\\\/\\\/www.alabianca.it\\\/it\\\/notizie\\\/al-torino-film-festival-figli-della-notte-il-debutto-alla-regia-di-andrea-de-sica-musiche-originali-prodotte-ed-edite-da-ala-bianca\\\/\",\"url\":\"https:\\\/\\\/www.alabianca.it\\\/it\\\/notizie\\\/al-torino-film-festival-figli-della-notte-il-debutto-alla-regia-di-andrea-de-sica-musiche-originali-prodotte-ed-edite-da-ala-bianca\\\/\",\"name\":\"Al Torino Film Festival \u201cI Figli della notte\u201d il debutto alla regia di Andrea De Sica, musiche originali prodotte ed edite da Ala Bianca - Ala Bianca Group\",\"isPartOf\":{\"@id\":\"https:\\\/\\\/www.alabianca.it\\\/it\\\/#website\"},\"primaryImageOfPage\":{\"@id\":\"https:\\\/\\\/www.alabianca.it\\\/it\\\/notizie\\\/al-torino-film-festival-figli-della-notte-il-debutto-alla-regia-di-andrea-de-sica-musiche-originali-prodotte-ed-edite-da-ala-bianca\\\/#primaryimage\"},\"image\":{\"@id\":\"https:\\\/\\\/www.alabianca.it\\\/it\\\/notizie\\\/al-torino-film-festival-figli-della-notte-il-debutto-alla-regia-di-andrea-de-sica-musiche-originali-prodotte-ed-edite-da-ala-bianca\\\/#primaryimage\"},\"thumbnailUrl\":\"https:\\\/\\\/www.alabianca.it\\\/wp-content\\\/uploads\\\/2016\\\/11\\\/figli-della-notte2.jpg\",\"datePublished\":\"2016-11-28T16:18:14+00:00\",\"dateModified\":\"2016-11-28T16:45:31+00:00\",\"description\":\"Leggi Al Torino Film Festival \u201cI Figli della notte\u201d il debutto alla regia di Andrea De Sica, musiche originali prodotte ed edite da Ala Bianca su Ala Bianca Group Editore e produttore discografico a Modena\",\"breadcrumb\":{\"@id\":\"https:\\\/\\\/www.alabianca.it\\\/it\\\/notizie\\\/al-torino-film-festival-figli-della-notte-il-debutto-alla-regia-di-andrea-de-sica-musiche-originali-prodotte-ed-edite-da-ala-bianca\\\/#breadcrumb\"},\"inLanguage\":\"it-IT\",\"potentialAction\":[{\"@type\":\"ReadAction\",\"target\":[\"https:\\\/\\\/www.alabianca.it\\\/it\\\/notizie\\\/al-torino-film-festival-figli-della-notte-il-debutto-alla-regia-di-andrea-de-sica-musiche-originali-prodotte-ed-edite-da-ala-bianca\\\/\"]}]},{\"@type\":\"ImageObject\",\"inLanguage\":\"it-IT\",\"@id\":\"https:\\\/\\\/www.alabianca.it\\\/it\\\/notizie\\\/al-torino-film-festival-figli-della-notte-il-debutto-alla-regia-di-andrea-de-sica-musiche-originali-prodotte-ed-edite-da-ala-bianca\\\/#primaryimage\",\"url\":\"https:\\\/\\\/www.alabianca.it\\\/wp-content\\\/uploads\\\/2016\\\/11\\\/figli-della-notte2.jpg\",\"contentUrl\":\"https:\\\/\\\/www.alabianca.it\\\/wp-content\\\/uploads\\\/2016\\\/11\\\/figli-della-notte2.jpg\",\"width\":443,\"height\":443},{\"@type\":\"BreadcrumbList\",\"@id\":\"https:\\\/\\\/www.alabianca.it\\\/it\\\/notizie\\\/al-torino-film-festival-figli-della-notte-il-debutto-alla-regia-di-andrea-de-sica-musiche-originali-prodotte-ed-edite-da-ala-bianca\\\/#breadcrumb\",\"itemListElement\":[{\"@type\":\"ListItem\",\"position\":1,\"name\":\"Home\",\"item\":\"https:\\\/\\\/www.alabianca.it\\\/it\\\/\"},{\"@type\":\"ListItem\",\"position\":2,\"name\":\"Al Torino Film Festival \u201cI Figli della notte\u201d il debutto alla regia di Andrea De Sica, musiche originali prodotte ed edite da Ala Bianca\"}]},{\"@type\":\"WebSite\",\"@id\":\"https:\\\/\\\/www.alabianca.it\\\/it\\\/#website\",\"url\":\"https:\\\/\\\/www.alabianca.it\\\/it\\\/\",\"name\":\"Ala Bianca Group\",\"description\":\"Editore e produttore discografico\",\"publisher\":{\"@id\":\"https:\\\/\\\/www.alabianca.it\\\/it\\\/#organization\"},\"potentialAction\":[{\"@type\":\"SearchAction\",\"target\":{\"@type\":\"EntryPoint\",\"urlTemplate\":\"https:\\\/\\\/www.alabianca.it\\\/it\\\/?s={search_term_string}\"},\"query-input\":{\"@type\":\"PropertyValueSpecification\",\"valueRequired\":true,\"valueName\":\"search_term_string\"}}],\"inLanguage\":\"it-IT\"},{\"@type\":\"Organization\",\"@id\":\"https:\\\/\\\/www.alabianca.it\\\/it\\\/#organization\",\"name\":\"Alabianca Group S.r.l.\",\"url\":\"https:\\\/\\\/www.alabianca.it\\\/it\\\/\",\"logo\":{\"@type\":\"ImageObject\",\"inLanguage\":\"it-IT\",\"@id\":\"https:\\\/\\\/www.alabianca.it\\\/it\\\/#\\\/schema\\\/logo\\\/image\\\/\",\"url\":\"https:\\\/\\\/www.alabianca.it\\\/wp-content\\\/uploads\\\/2018\\\/01\\\/alabianca-records-logo-2018-h-3.png\",\"contentUrl\":\"https:\\\/\\\/www.alabianca.it\\\/wp-content\\\/uploads\\\/2018\\\/01\\\/alabianca-records-logo-2018-h-3.png\",\"width\":345,\"height\":133,\"caption\":\"Alabianca Group S.r.l.\"},\"image\":{\"@id\":\"https:\\\/\\\/www.alabianca.it\\\/it\\\/#\\\/schema\\\/logo\\\/image\\\/\"}},{\"@type\":\"Person\",\"@id\":\"https:\\\/\\\/www.alabianca.it\\\/it\\\/#\\\/schema\\\/person\\\/0fa4f9cd5afb3f37f95a5b320896f479\",\"name\":\"Antonio Tavoni\",\"sameAs\":[\"http:\\\/\\\/alabianca.it\"],\"url\":\"https:\\\/\\\/www.alabianca.it\\\/it\\\/author\\\/antonioalabianca-it\\\/\"}]}<\/script>\n<!-- \/ Yoast SEO plugin. -->","yoast_head_json":{"title":"Al Torino Film Festival \u201cI Figli della notte\u201d il debutto alla regia di Andrea De Sica, musiche originali prodotte ed edite da Ala Bianca - Ala Bianca Group","description":"Leggi Al Torino Film Festival \u201cI Figli della notte\u201d il debutto alla regia di Andrea De Sica, musiche originali prodotte ed edite da Ala Bianca su Ala Bianca Group Editore e produttore discografico a Modena","robots":{"index":"index","follow":"follow","max-snippet":"max-snippet:-1","max-image-preview":"max-image-preview:large","max-video-preview":"max-video-preview:-1"},"canonical":"https:\/\/www.alabianca.it\/it\/notizie\/al-torino-film-festival-figli-della-notte-il-debutto-alla-regia-di-andrea-de-sica-musiche-originali-prodotte-ed-edite-da-ala-bianca\/","og_locale":"it_IT","og_type":"article","og_title":"Al Torino Film Festival \u201cI Figli della notte\u201d il debutto alla regia di Andrea De Sica, musiche originali prodotte ed edite da Ala Bianca - Ala Bianca Group","og_description":"Leggi Al Torino Film Festival \u201cI Figli della notte\u201d il debutto alla regia di Andrea De Sica, musiche originali prodotte ed edite da Ala Bianca su Ala Bianca Group Editore e produttore discografico a Modena","og_url":"https:\/\/www.alabianca.it\/it\/notizie\/al-torino-film-festival-figli-della-notte-il-debutto-alla-regia-di-andrea-de-sica-musiche-originali-prodotte-ed-edite-da-ala-bianca\/","og_site_name":"Ala Bianca Group","article_published_time":"2016-11-28T16:18:14+00:00","article_modified_time":"2016-11-28T16:45:31+00:00","og_image":[{"width":443,"height":443,"url":"https:\/\/www.alabianca.it\/wp-content\/uploads\/2016\/11\/figli-della-notte2.jpg","type":"image\/jpeg"}],"author":"Antonio Tavoni","twitter_card":"summary_large_image","twitter_misc":{"Scritto da":"Antonio Tavoni","Tempo di lettura stimato":"1 minuto"},"schema":{"@context":"https:\/\/schema.org","@graph":[{"@type":"Article","@id":"https:\/\/www.alabianca.it\/it\/notizie\/al-torino-film-festival-figli-della-notte-il-debutto-alla-regia-di-andrea-de-sica-musiche-originali-prodotte-ed-edite-da-ala-bianca\/#article","isPartOf":{"@id":"https:\/\/www.alabianca.it\/it\/notizie\/al-torino-film-festival-figli-della-notte-il-debutto-alla-regia-di-andrea-de-sica-musiche-originali-prodotte-ed-edite-da-ala-bianca\/"},"author":{"name":"Antonio Tavoni","@id":"https:\/\/www.alabianca.it\/it\/#\/schema\/person\/0fa4f9cd5afb3f37f95a5b320896f479"},"headline":"Al Torino Film Festival \u201cI Figli della notte\u201d il debutto alla regia di Andrea De Sica, musiche originali prodotte ed edite da Ala Bianca","datePublished":"2016-11-28T16:18:14+00:00","dateModified":"2016-11-28T16:45:31+00:00","mainEntityOfPage":{"@id":"https:\/\/www.alabianca.it\/it\/notizie\/al-torino-film-festival-figli-della-notte-il-debutto-alla-regia-di-andrea-de-sica-musiche-originali-prodotte-ed-edite-da-ala-bianca\/"},"wordCount":234,"commentCount":0,"publisher":{"@id":"https:\/\/www.alabianca.it\/it\/#organization"},"image":{"@id":"https:\/\/www.alabianca.it\/it\/notizie\/al-torino-film-festival-figli-della-notte-il-debutto-alla-regia-di-andrea-de-sica-musiche-originali-prodotte-ed-edite-da-ala-bianca\/#primaryimage"},"thumbnailUrl":"https:\/\/www.alabianca.it\/wp-content\/uploads\/2016\/11\/figli-della-notte2.jpg","keywords":["Andrea De Sica","Figli della Notte","Leo Rosi","Torino Film Festival"],"articleSection":["Notizie"],"inLanguage":"it-IT","potentialAction":[{"@type":"CommentAction","name":"Comment","target":["https:\/\/www.alabianca.it\/it\/notizie\/al-torino-film-festival-figli-della-notte-il-debutto-alla-regia-di-andrea-de-sica-musiche-originali-prodotte-ed-edite-da-ala-bianca\/#respond"]}]},{"@type":"WebPage","@id":"https:\/\/www.alabianca.it\/it\/notizie\/al-torino-film-festival-figli-della-notte-il-debutto-alla-regia-di-andrea-de-sica-musiche-originali-prodotte-ed-edite-da-ala-bianca\/","url":"https:\/\/www.alabianca.it\/it\/notizie\/al-torino-film-festival-figli-della-notte-il-debutto-alla-regia-di-andrea-de-sica-musiche-originali-prodotte-ed-edite-da-ala-bianca\/","name":"Al Torino Film Festival \u201cI Figli della notte\u201d il debutto alla regia di Andrea De Sica, musiche originali prodotte ed edite da Ala Bianca - Ala Bianca Group","isPartOf":{"@id":"https:\/\/www.alabianca.it\/it\/#website"},"primaryImageOfPage":{"@id":"https:\/\/www.alabianca.it\/it\/notizie\/al-torino-film-festival-figli-della-notte-il-debutto-alla-regia-di-andrea-de-sica-musiche-originali-prodotte-ed-edite-da-ala-bianca\/#primaryimage"},"image":{"@id":"https:\/\/www.alabianca.it\/it\/notizie\/al-torino-film-festival-figli-della-notte-il-debutto-alla-regia-di-andrea-de-sica-musiche-originali-prodotte-ed-edite-da-ala-bianca\/#primaryimage"},"thumbnailUrl":"https:\/\/www.alabianca.it\/wp-content\/uploads\/2016\/11\/figli-della-notte2.jpg","datePublished":"2016-11-28T16:18:14+00:00","dateModified":"2016-11-28T16:45:31+00:00","description":"Leggi Al Torino Film Festival \u201cI Figli della notte\u201d il debutto alla regia di Andrea De Sica, musiche originali prodotte ed edite da Ala Bianca su Ala Bianca Group Editore e produttore discografico a Modena","breadcrumb":{"@id":"https:\/\/www.alabianca.it\/it\/notizie\/al-torino-film-festival-figli-della-notte-il-debutto-alla-regia-di-andrea-de-sica-musiche-originali-prodotte-ed-edite-da-ala-bianca\/#breadcrumb"},"inLanguage":"it-IT","potentialAction":[{"@type":"ReadAction","target":["https:\/\/www.alabianca.it\/it\/notizie\/al-torino-film-festival-figli-della-notte-il-debutto-alla-regia-di-andrea-de-sica-musiche-originali-prodotte-ed-edite-da-ala-bianca\/"]}]},{"@type":"ImageObject","inLanguage":"it-IT","@id":"https:\/\/www.alabianca.it\/it\/notizie\/al-torino-film-festival-figli-della-notte-il-debutto-alla-regia-di-andrea-de-sica-musiche-originali-prodotte-ed-edite-da-ala-bianca\/#primaryimage","url":"https:\/\/www.alabianca.it\/wp-content\/uploads\/2016\/11\/figli-della-notte2.jpg","contentUrl":"https:\/\/www.alabianca.it\/wp-content\/uploads\/2016\/11\/figli-della-notte2.jpg","width":443,"height":443},{"@type":"BreadcrumbList","@id":"https:\/\/www.alabianca.it\/it\/notizie\/al-torino-film-festival-figli-della-notte-il-debutto-alla-regia-di-andrea-de-sica-musiche-originali-prodotte-ed-edite-da-ala-bianca\/#breadcrumb","itemListElement":[{"@type":"ListItem","position":1,"name":"Home","item":"https:\/\/www.alabianca.it\/it\/"},{"@type":"ListItem","position":2,"name":"Al Torino Film Festival \u201cI Figli della notte\u201d il debutto alla regia di Andrea De Sica, musiche originali prodotte ed edite da Ala Bianca"}]},{"@type":"WebSite","@id":"https:\/\/www.alabianca.it\/it\/#website","url":"https:\/\/www.alabianca.it\/it\/","name":"Ala Bianca Group","description":"Editore e produttore discografico","publisher":{"@id":"https:\/\/www.alabianca.it\/it\/#organization"},"potentialAction":[{"@type":"SearchAction","target":{"@type":"EntryPoint","urlTemplate":"https:\/\/www.alabianca.it\/it\/?s={search_term_string}"},"query-input":{"@type":"PropertyValueSpecification","valueRequired":true,"valueName":"search_term_string"}}],"inLanguage":"it-IT"},{"@type":"Organization","@id":"https:\/\/www.alabianca.it\/it\/#organization","name":"Alabianca Group S.r.l.","url":"https:\/\/www.alabianca.it\/it\/","logo":{"@type":"ImageObject","inLanguage":"it-IT","@id":"https:\/\/www.alabianca.it\/it\/#\/schema\/logo\/image\/","url":"https:\/\/www.alabianca.it\/wp-content\/uploads\/2018\/01\/alabianca-records-logo-2018-h-3.png","contentUrl":"https:\/\/www.alabianca.it\/wp-content\/uploads\/2018\/01\/alabianca-records-logo-2018-h-3.png","width":345,"height":133,"caption":"Alabianca Group S.r.l."},"image":{"@id":"https:\/\/www.alabianca.it\/it\/#\/schema\/logo\/image\/"}},{"@type":"Person","@id":"https:\/\/www.alabianca.it\/it\/#\/schema\/person\/0fa4f9cd5afb3f37f95a5b320896f479","name":"Antonio Tavoni","sameAs":["http:\/\/alabianca.it"],"url":"https:\/\/www.alabianca.it\/it\/author\/antonioalabianca-it\/"}]}},"_links":{"self":[{"href":"https:\/\/www.alabianca.it\/it\/wp-json\/wp\/v2\/posts\/4640","targetHints":{"allow":["GET"]}}],"collection":[{"href":"https:\/\/www.alabianca.it\/it\/wp-json\/wp\/v2\/posts"}],"about":[{"href":"https:\/\/www.alabianca.it\/it\/wp-json\/wp\/v2\/types\/post"}],"author":[{"embeddable":true,"href":"https:\/\/www.alabianca.it\/it\/wp-json\/wp\/v2\/users\/2"}],"replies":[{"embeddable":true,"href":"https:\/\/www.alabianca.it\/it\/wp-json\/wp\/v2\/comments?post=4640"}],"version-history":[{"count":2,"href":"https:\/\/www.alabianca.it\/it\/wp-json\/wp\/v2\/posts\/4640\/revisions"}],"predecessor-version":[{"id":4645,"href":"https:\/\/www.alabianca.it\/it\/wp-json\/wp\/v2\/posts\/4640\/revisions\/4645"}],"wp:featuredmedia":[{"embeddable":true,"href":"https:\/\/www.alabianca.it\/it\/wp-json\/wp\/v2\/media\/4641"}],"wp:attachment":[{"href":"https:\/\/www.alabianca.it\/it\/wp-json\/wp\/v2\/media?parent=4640"}],"wp:term":[{"taxonomy":"category","embeddable":true,"href":"https:\/\/www.alabianca.it\/it\/wp-json\/wp\/v2\/categories?post=4640"},{"taxonomy":"post_tag","embeddable":true,"href":"https:\/\/www.alabianca.it\/it\/wp-json\/wp\/v2\/tags?post=4640"}],"curies":[{"name":"wp","href":"https:\/\/api.w.org\/{rel}","templated":true}]}}