{"id":5094,"date":"2017-10-27T18:05:07","date_gmt":"2017-10-27T18:05:07","guid":{"rendered":"https:\/\/www.alabianca.it\/?p=5094"},"modified":"2018-01-31T16:42:10","modified_gmt":"2018-01-31T16:42:10","slug":"una-questione-privata-il-nuovo-film-dei-fratelli-taviani-alla-festa-del-cinema-di-roma-e-dal-1-novembre-nelle-sale-giuliano-taviani-e-carmelo-travia-raccontano-la-scrittura-d","status":"publish","type":"post","link":"https:\/\/www.alabianca.it\/it\/notizie\/una-questione-privata-il-nuovo-film-dei-fratelli-taviani-alla-festa-del-cinema-di-roma-e-dal-1-novembre-nelle-sale-giuliano-taviani-e-carmelo-travia-raccontano-la-scrittura-d\/","title":{"rendered":"\u201cUNA QUESTIONE PRIVATA\u201d, Il nuovo film dei Fratelli Taviani alla Festa del Cinema di Roma e dal 1\u00b0 novembre nelle sale  Giuliano Taviani e Carmelo Travia raccontano la scrittura delle musiche originali, prodotte ed edite da Ala Bianca"},"content":{"rendered":"<h3>Anteprima nazionale alla Festa del cinema di Roma, stasera 27 Ottobre,\u00a0 per \u201cUNA QUESTIONE PRIVATA\u201d, il nuovo film dei Fratelli Taviani, tratto dall\u2019omonimo romanzo di Beppe Fenoglio. Dopo la presentazione dello scorso settembre al Toronto Film Festival la pellicola, con protagonista Luca Marinelli, arriva in Italia con uscita nelle sale gioved\u00ec 1\u00b0 novembre.<\/h3>\n<p>La narrazione intreccia le vicende della guerra di liberazione nelle Langhe al personale percorso, velleitario e disperato di Milton sulle tracce di Fulvia, ragazza sfollata dalla citt\u00e0 di cui si \u00e8 innamorato, ma a sua volta innamoratasi \u2013ad insaputa del protagonista- dell\u2019amico Giorgio.<\/p>\n<p><strong>Una Questione Privata \u00e8 tra i romanzi pi\u00f9 affascinanti di Fenoglio, tra gli sguardi pi\u00f9 lucidi, distaccati e profondi della resistenza in Italia.<\/strong><\/p>\n<p>Autori delle musiche originali sono <strong>GIULIANO TAVIANI <\/strong>e <strong>CARMELO TRAVIA<\/strong>, gi\u00e0 al lavoro insIeme per altre produzioni Ala Bianca: <strong>\u201cCesare deve Morire\u201d<\/strong> e <strong>\u201cMaraviglioso Boccaccio\u201d<\/strong> \u00a0(<strong>Fra.lii Taviani)<\/strong>, ed <strong>\u201cAnime Nere\u201d<\/strong> (<strong>Francesco Munzi) del solo <\/strong>\u00a0<strong>Giuliano Taviani. <\/strong><\/p>\n<p>TT, ossia <strong>Taviani e Travia, <\/strong>un marchio di garanzia che\u00a0 prosegue una collaborazione tra le pi\u00f9 solide e riconosciute nel mondo delle colonne sonore del cinema italiano.<\/p>\n<h3>Giuliano Taviani e Carmelo Travia raccontano la scrittura delle musiche originali di \u201cUna questione privata\u201d:<\/h3>\n<blockquote><p><em>\u201cSe da una parte, in modo circoscritto e limitato, abbiamo utilizzato la musica dell&#8217;epoca (musica di repertorio) come elemento descrittivo degli anni 40, dall&#8217;altra abbiamo scritto una musica originale che non avesse nessun riferimento a quell&#8217;epoca.<\/em><\/p>\n<p><em>Sia nel romanzo che nella sceneggiatura c&#8217; \u00e8 un forte riferimento alla canzone interpretata da Judy Gardland &#8220;Somewhere over the rainbow.&#8221;<\/em><\/p>\n<p><em>\u00c8 la canzone che Milton e Fulvia hanno ascoltato mille volte e ha visto nascere la loro storia d&#8217;amore.<\/em><\/p>\n<p><em>Abbiamo voluto allontanarci dalla versione originale, tradendola, trasformando le note sentimentali e rassicuranti della canzone in note graffianti, aspre, tormentate, adottando una strumentazione fatta dal connubio di suoni classici dell&#8217;orchestra con i suoni pi\u00f9 contemporanei dell&#8217;elettronica.<\/em><\/p>\n<p><em>La nostra partitura vuole esprimere solo la follia di amore e di morte del protagonista.\u201d<\/em><\/p><\/blockquote>\n<p><strong><em>Giuliano Taviani, <\/em><\/strong><strong><em>Carmelo Travia<\/em><\/strong><\/p>\n<h3>Tracklist<\/h3>\n<ol>\n<li>ARCOBALENO &#8211; Giuliano Taviani e Carmelo Travia<\/li>\n<li>MILTON &#8211; Giuliano Taviani e Carmelo Travia<\/li>\n<li>UNA QUESTIONE PRIVATA &#8211; Giuliano Taviani e Carmelo Travia<\/li>\n<li>ALLA TESTA, MIRATE ALLA TESTA &#8211; Giuliano Taviani e Carmelo Travia<\/li>\n<li>MARE DI LATTE &#8211; Giuliano Taviani e Carmelo Travia<\/li>\n<li>FIAMMIFERI &#8211; Giuliano Taviani e Carmelo Travia<\/li>\n<li>SCARAJAZZ &#8211; Giuliano Taviani e Carmelo Travia featuring Marco della Rocca<\/li>\n<li>MILTON (2 Vers.) &#8211; Giuliano Taviani e Carmelo Travia<\/li>\n<li>IL PADRE DI GIORGIO &#8211; Giuliano Taviani e Carmelo Travia<\/li>\n<li>MARCIA DEI PARTIGIANI &#8211; Giuliano Taviani e Carmelo Travia<\/li>\n<\/ol>\n<p>&#8212;&#8212;<\/p>\n<p>Nelle tracce 1,2,3 in medley<br \/>\n<em>SOMEWHERE OVER THE RAINBOW Arrangiamento G.Taviani e C.Travia<\/em><\/p>\n<p>&nbsp;<\/p>\n<h3>La colonna sonora di \u201cUna questione privata\u201d \u00e8 disponibile presso tutti i principali store digitali e servizi streaming<\/h3>\n","protected":false},"excerpt":{"rendered":"<p>Anteprima nazionale alla Festa del cinema di Roma, stasera 27 Ottobre,\u00a0 per \u201cUNA QUESTIONE PRIVATA\u201d, il nuovo film dei Fratelli Taviani, tratto dall\u2019omonimo romanzo di Beppe Fenoglio. Dopo la presentazione dello scorso settembre al Toronto Film Festival la pellicola, con protagonista Luca Marinelli, arriva in Italia con uscita nelle sale gioved\u00ec 1\u00b0 novembre. La narrazione [&hellip;]<\/p>\n","protected":false},"author":2,"featured_media":5023,"comment_status":"open","ping_status":"closed","sticky":false,"template":"","format":"standard","meta":{"_acf_changed":false,"footnotes":""},"categories":[14,7],"tags":[1353,1352,1351,1354,1355],"class_list":["post-5094","post","type-post","status-publish","format-standard","has-post-thumbnail","hentry","category-colonne-sonore-raccontate-dagli-autori","category-notizie","tag-carmelo-travia","tag-fratelli-taviani","tag-giuliano-taviani","tag-luca-marinelli","tag-una-questione-privata"],"acf":[],"yoast_head":"<!-- This site is optimized with the Yoast SEO plugin v27.4 - https:\/\/yoast.com\/product\/yoast-seo-wordpress\/ -->\n<title>\u201cUNA QUESTIONE PRIVATA\u201d, Il nuovo film dei Fratelli Taviani alla Festa del Cinema di Roma e dal 1\u00b0 novembre nelle sale Giuliano Taviani e Carmelo Travia raccontano la scrittura delle musiche originali, prodotte ed edite da Ala Bianca - Ala Bianca Group<\/title>\n<meta name=\"description\" content=\"Leggi \u201cUNA QUESTIONE PRIVATA\u201d, Il nuovo film dei Fratelli Taviani alla Festa del Cinema di Roma e dal 1\u00b0 novembre nelle sale Giuliano Taviani e Carmelo Travia raccontano la scrittura delle musiche originali, prodotte ed edite da Ala Bianca su Ala Bianca Group Editore e produttore discografico a Modena\" \/>\n<meta name=\"robots\" content=\"index, follow, max-snippet:-1, max-image-preview:large, max-video-preview:-1\" \/>\n<link rel=\"canonical\" href=\"https:\/\/www.alabianca.it\/it\/notizie\/una-questione-privata-il-nuovo-film-dei-fratelli-taviani-alla-festa-del-cinema-di-roma-e-dal-1-novembre-nelle-sale-giuliano-taviani-e-carmelo-travia-raccontano-la-scrittura-d\/\" \/>\n<meta property=\"og:locale\" content=\"it_IT\" \/>\n<meta property=\"og:type\" content=\"article\" \/>\n<meta property=\"og:title\" content=\"\u201cUNA QUESTIONE PRIVATA\u201d, Il nuovo film dei Fratelli Taviani alla Festa del Cinema di Roma e dal 1\u00b0 novembre nelle sale Giuliano Taviani e Carmelo Travia raccontano la scrittura delle musiche originali, prodotte ed edite da Ala Bianca - Ala Bianca Group\" \/>\n<meta property=\"og:description\" content=\"Leggi \u201cUNA QUESTIONE PRIVATA\u201d, Il nuovo film dei Fratelli Taviani alla Festa del Cinema di Roma e dal 1\u00b0 novembre nelle sale Giuliano Taviani e Carmelo Travia raccontano la scrittura delle musiche originali, prodotte ed edite da Ala Bianca su Ala Bianca Group Editore e produttore discografico a Modena\" \/>\n<meta property=\"og:url\" content=\"https:\/\/www.alabianca.it\/it\/notizie\/una-questione-privata-il-nuovo-film-dei-fratelli-taviani-alla-festa-del-cinema-di-roma-e-dal-1-novembre-nelle-sale-giuliano-taviani-e-carmelo-travia-raccontano-la-scrittura-d\/\" \/>\n<meta property=\"og:site_name\" content=\"Ala Bianca Group\" \/>\n<meta property=\"article:published_time\" content=\"2017-10-27T18:05:07+00:00\" \/>\n<meta property=\"article:modified_time\" content=\"2018-01-31T16:42:10+00:00\" \/>\n<meta property=\"og:image\" content=\"https:\/\/www.alabianca.it\/wp-content\/uploads\/2017\/09\/una-questione-privata-3.jpg\" \/>\n\t<meta property=\"og:image:width\" content=\"720\" \/>\n\t<meta property=\"og:image:height\" content=\"720\" \/>\n\t<meta property=\"og:image:type\" content=\"image\/jpeg\" \/>\n<meta name=\"author\" content=\"Antonio Tavoni\" \/>\n<meta name=\"twitter:card\" content=\"summary_large_image\" \/>\n<meta name=\"twitter:label1\" content=\"Scritto da\" \/>\n\t<meta name=\"twitter:data1\" content=\"Antonio Tavoni\" \/>\n\t<meta name=\"twitter:label2\" content=\"Tempo di lettura stimato\" \/>\n\t<meta name=\"twitter:data2\" content=\"2 minuti\" \/>\n<script type=\"application\/ld+json\" class=\"yoast-schema-graph\">{\"@context\":\"https:\\\/\\\/schema.org\",\"@graph\":[{\"@type\":\"Article\",\"@id\":\"https:\\\/\\\/www.alabianca.it\\\/it\\\/notizie\\\/una-questione-privata-il-nuovo-film-dei-fratelli-taviani-alla-festa-del-cinema-di-roma-e-dal-1-novembre-nelle-sale-giuliano-taviani-e-carmelo-travia-raccontano-la-scrittura-d\\\/#article\",\"isPartOf\":{\"@id\":\"https:\\\/\\\/www.alabianca.it\\\/it\\\/notizie\\\/una-questione-privata-il-nuovo-film-dei-fratelli-taviani-alla-festa-del-cinema-di-roma-e-dal-1-novembre-nelle-sale-giuliano-taviani-e-carmelo-travia-raccontano-la-scrittura-d\\\/\"},\"author\":{\"name\":\"Antonio Tavoni\",\"@id\":\"https:\\\/\\\/www.alabianca.it\\\/it\\\/#\\\/schema\\\/person\\\/0fa4f9cd5afb3f37f95a5b320896f479\"},\"headline\":\"\u201cUNA QUESTIONE PRIVATA\u201d, Il nuovo film dei Fratelli Taviani alla Festa del Cinema di Roma e dal 1\u00b0 novembre nelle sale Giuliano Taviani e Carmelo Travia raccontano la scrittura delle musiche originali, prodotte ed edite da Ala Bianca\",\"datePublished\":\"2017-10-27T18:05:07+00:00\",\"dateModified\":\"2018-01-31T16:42:10+00:00\",\"mainEntityOfPage\":{\"@id\":\"https:\\\/\\\/www.alabianca.it\\\/it\\\/notizie\\\/una-questione-privata-il-nuovo-film-dei-fratelli-taviani-alla-festa-del-cinema-di-roma-e-dal-1-novembre-nelle-sale-giuliano-taviani-e-carmelo-travia-raccontano-la-scrittura-d\\\/\"},\"wordCount\":489,\"commentCount\":0,\"publisher\":{\"@id\":\"https:\\\/\\\/www.alabianca.it\\\/it\\\/#organization\"},\"image\":{\"@id\":\"https:\\\/\\\/www.alabianca.it\\\/it\\\/notizie\\\/una-questione-privata-il-nuovo-film-dei-fratelli-taviani-alla-festa-del-cinema-di-roma-e-dal-1-novembre-nelle-sale-giuliano-taviani-e-carmelo-travia-raccontano-la-scrittura-d\\\/#primaryimage\"},\"thumbnailUrl\":\"https:\\\/\\\/www.alabianca.it\\\/wp-content\\\/uploads\\\/2017\\\/09\\\/una-questione-privata-3.jpg\",\"keywords\":[\"Carmelo Travia\",\"Fratelli Taviani\",\"Giuliano Taviani\",\"Luca Marinelli\",\"Una questione privata\"],\"articleSection\":[\"Le colonne sonore raccontate dagli autori\",\"Notizie\"],\"inLanguage\":\"it-IT\",\"potentialAction\":[{\"@type\":\"CommentAction\",\"name\":\"Comment\",\"target\":[\"https:\\\/\\\/www.alabianca.it\\\/it\\\/notizie\\\/una-questione-privata-il-nuovo-film-dei-fratelli-taviani-alla-festa-del-cinema-di-roma-e-dal-1-novembre-nelle-sale-giuliano-taviani-e-carmelo-travia-raccontano-la-scrittura-d\\\/#respond\"]}]},{\"@type\":\"WebPage\",\"@id\":\"https:\\\/\\\/www.alabianca.it\\\/it\\\/notizie\\\/una-questione-privata-il-nuovo-film-dei-fratelli-taviani-alla-festa-del-cinema-di-roma-e-dal-1-novembre-nelle-sale-giuliano-taviani-e-carmelo-travia-raccontano-la-scrittura-d\\\/\",\"url\":\"https:\\\/\\\/www.alabianca.it\\\/it\\\/notizie\\\/una-questione-privata-il-nuovo-film-dei-fratelli-taviani-alla-festa-del-cinema-di-roma-e-dal-1-novembre-nelle-sale-giuliano-taviani-e-carmelo-travia-raccontano-la-scrittura-d\\\/\",\"name\":\"\u201cUNA QUESTIONE PRIVATA\u201d, Il nuovo film dei Fratelli Taviani alla Festa del Cinema di Roma e dal 1\u00b0 novembre nelle sale Giuliano Taviani e Carmelo Travia raccontano la scrittura delle musiche originali, prodotte ed edite da Ala Bianca - Ala Bianca Group\",\"isPartOf\":{\"@id\":\"https:\\\/\\\/www.alabianca.it\\\/it\\\/#website\"},\"primaryImageOfPage\":{\"@id\":\"https:\\\/\\\/www.alabianca.it\\\/it\\\/notizie\\\/una-questione-privata-il-nuovo-film-dei-fratelli-taviani-alla-festa-del-cinema-di-roma-e-dal-1-novembre-nelle-sale-giuliano-taviani-e-carmelo-travia-raccontano-la-scrittura-d\\\/#primaryimage\"},\"image\":{\"@id\":\"https:\\\/\\\/www.alabianca.it\\\/it\\\/notizie\\\/una-questione-privata-il-nuovo-film-dei-fratelli-taviani-alla-festa-del-cinema-di-roma-e-dal-1-novembre-nelle-sale-giuliano-taviani-e-carmelo-travia-raccontano-la-scrittura-d\\\/#primaryimage\"},\"thumbnailUrl\":\"https:\\\/\\\/www.alabianca.it\\\/wp-content\\\/uploads\\\/2017\\\/09\\\/una-questione-privata-3.jpg\",\"datePublished\":\"2017-10-27T18:05:07+00:00\",\"dateModified\":\"2018-01-31T16:42:10+00:00\",\"description\":\"Leggi \u201cUNA QUESTIONE PRIVATA\u201d, Il nuovo film dei Fratelli Taviani alla Festa del Cinema di Roma e dal 1\u00b0 novembre nelle sale Giuliano Taviani e Carmelo Travia raccontano la scrittura delle musiche originali, prodotte ed edite da Ala Bianca su Ala Bianca Group Editore e produttore discografico a Modena\",\"breadcrumb\":{\"@id\":\"https:\\\/\\\/www.alabianca.it\\\/it\\\/notizie\\\/una-questione-privata-il-nuovo-film-dei-fratelli-taviani-alla-festa-del-cinema-di-roma-e-dal-1-novembre-nelle-sale-giuliano-taviani-e-carmelo-travia-raccontano-la-scrittura-d\\\/#breadcrumb\"},\"inLanguage\":\"it-IT\",\"potentialAction\":[{\"@type\":\"ReadAction\",\"target\":[\"https:\\\/\\\/www.alabianca.it\\\/it\\\/notizie\\\/una-questione-privata-il-nuovo-film-dei-fratelli-taviani-alla-festa-del-cinema-di-roma-e-dal-1-novembre-nelle-sale-giuliano-taviani-e-carmelo-travia-raccontano-la-scrittura-d\\\/\"]}]},{\"@type\":\"ImageObject\",\"inLanguage\":\"it-IT\",\"@id\":\"https:\\\/\\\/www.alabianca.it\\\/it\\\/notizie\\\/una-questione-privata-il-nuovo-film-dei-fratelli-taviani-alla-festa-del-cinema-di-roma-e-dal-1-novembre-nelle-sale-giuliano-taviani-e-carmelo-travia-raccontano-la-scrittura-d\\\/#primaryimage\",\"url\":\"https:\\\/\\\/www.alabianca.it\\\/wp-content\\\/uploads\\\/2017\\\/09\\\/una-questione-privata-3.jpg\",\"contentUrl\":\"https:\\\/\\\/www.alabianca.it\\\/wp-content\\\/uploads\\\/2017\\\/09\\\/una-questione-privata-3.jpg\",\"width\":720,\"height\":720},{\"@type\":\"BreadcrumbList\",\"@id\":\"https:\\\/\\\/www.alabianca.it\\\/it\\\/notizie\\\/una-questione-privata-il-nuovo-film-dei-fratelli-taviani-alla-festa-del-cinema-di-roma-e-dal-1-novembre-nelle-sale-giuliano-taviani-e-carmelo-travia-raccontano-la-scrittura-d\\\/#breadcrumb\",\"itemListElement\":[{\"@type\":\"ListItem\",\"position\":1,\"name\":\"Home\",\"item\":\"https:\\\/\\\/www.alabianca.it\\\/it\\\/\"},{\"@type\":\"ListItem\",\"position\":2,\"name\":\"\u201cUNA QUESTIONE PRIVATA\u201d, Il nuovo film dei Fratelli Taviani alla Festa del Cinema di Roma e dal 1\u00b0 novembre nelle sale Giuliano Taviani e Carmelo Travia raccontano la scrittura delle musiche originali, prodotte ed edite da Ala Bianca\"}]},{\"@type\":\"WebSite\",\"@id\":\"https:\\\/\\\/www.alabianca.it\\\/it\\\/#website\",\"url\":\"https:\\\/\\\/www.alabianca.it\\\/it\\\/\",\"name\":\"Ala Bianca Group\",\"description\":\"Editore e produttore discografico\",\"publisher\":{\"@id\":\"https:\\\/\\\/www.alabianca.it\\\/it\\\/#organization\"},\"potentialAction\":[{\"@type\":\"SearchAction\",\"target\":{\"@type\":\"EntryPoint\",\"urlTemplate\":\"https:\\\/\\\/www.alabianca.it\\\/it\\\/?s={search_term_string}\"},\"query-input\":{\"@type\":\"PropertyValueSpecification\",\"valueRequired\":true,\"valueName\":\"search_term_string\"}}],\"inLanguage\":\"it-IT\"},{\"@type\":\"Organization\",\"@id\":\"https:\\\/\\\/www.alabianca.it\\\/it\\\/#organization\",\"name\":\"Alabianca Group S.r.l.\",\"url\":\"https:\\\/\\\/www.alabianca.it\\\/it\\\/\",\"logo\":{\"@type\":\"ImageObject\",\"inLanguage\":\"it-IT\",\"@id\":\"https:\\\/\\\/www.alabianca.it\\\/it\\\/#\\\/schema\\\/logo\\\/image\\\/\",\"url\":\"https:\\\/\\\/www.alabianca.it\\\/wp-content\\\/uploads\\\/2018\\\/01\\\/alabianca-records-logo-2018-h-3.png\",\"contentUrl\":\"https:\\\/\\\/www.alabianca.it\\\/wp-content\\\/uploads\\\/2018\\\/01\\\/alabianca-records-logo-2018-h-3.png\",\"width\":345,\"height\":133,\"caption\":\"Alabianca Group S.r.l.\"},\"image\":{\"@id\":\"https:\\\/\\\/www.alabianca.it\\\/it\\\/#\\\/schema\\\/logo\\\/image\\\/\"}},{\"@type\":\"Person\",\"@id\":\"https:\\\/\\\/www.alabianca.it\\\/it\\\/#\\\/schema\\\/person\\\/0fa4f9cd5afb3f37f95a5b320896f479\",\"name\":\"Antonio Tavoni\",\"sameAs\":[\"http:\\\/\\\/alabianca.it\"],\"url\":\"https:\\\/\\\/www.alabianca.it\\\/it\\\/author\\\/antonioalabianca-it\\\/\"}]}<\/script>\n<!-- \/ Yoast SEO plugin. -->","yoast_head_json":{"title":"\u201cUNA QUESTIONE PRIVATA\u201d, Il nuovo film dei Fratelli Taviani alla Festa del Cinema di Roma e dal 1\u00b0 novembre nelle sale Giuliano Taviani e Carmelo Travia raccontano la scrittura delle musiche originali, prodotte ed edite da Ala Bianca - Ala Bianca Group","description":"Leggi \u201cUNA QUESTIONE PRIVATA\u201d, Il nuovo film dei Fratelli Taviani alla Festa del Cinema di Roma e dal 1\u00b0 novembre nelle sale Giuliano Taviani e Carmelo Travia raccontano la scrittura delle musiche originali, prodotte ed edite da Ala Bianca su Ala Bianca Group Editore e produttore discografico a Modena","robots":{"index":"index","follow":"follow","max-snippet":"max-snippet:-1","max-image-preview":"max-image-preview:large","max-video-preview":"max-video-preview:-1"},"canonical":"https:\/\/www.alabianca.it\/it\/notizie\/una-questione-privata-il-nuovo-film-dei-fratelli-taviani-alla-festa-del-cinema-di-roma-e-dal-1-novembre-nelle-sale-giuliano-taviani-e-carmelo-travia-raccontano-la-scrittura-d\/","og_locale":"it_IT","og_type":"article","og_title":"\u201cUNA QUESTIONE PRIVATA\u201d, Il nuovo film dei Fratelli Taviani alla Festa del Cinema di Roma e dal 1\u00b0 novembre nelle sale Giuliano Taviani e Carmelo Travia raccontano la scrittura delle musiche originali, prodotte ed edite da Ala Bianca - Ala Bianca Group","og_description":"Leggi \u201cUNA QUESTIONE PRIVATA\u201d, Il nuovo film dei Fratelli Taviani alla Festa del Cinema di Roma e dal 1\u00b0 novembre nelle sale Giuliano Taviani e Carmelo Travia raccontano la scrittura delle musiche originali, prodotte ed edite da Ala Bianca su Ala Bianca Group Editore e produttore discografico a Modena","og_url":"https:\/\/www.alabianca.it\/it\/notizie\/una-questione-privata-il-nuovo-film-dei-fratelli-taviani-alla-festa-del-cinema-di-roma-e-dal-1-novembre-nelle-sale-giuliano-taviani-e-carmelo-travia-raccontano-la-scrittura-d\/","og_site_name":"Ala Bianca Group","article_published_time":"2017-10-27T18:05:07+00:00","article_modified_time":"2018-01-31T16:42:10+00:00","og_image":[{"width":720,"height":720,"url":"https:\/\/www.alabianca.it\/wp-content\/uploads\/2017\/09\/una-questione-privata-3.jpg","type":"image\/jpeg"}],"author":"Antonio Tavoni","twitter_card":"summary_large_image","twitter_misc":{"Scritto da":"Antonio Tavoni","Tempo di lettura stimato":"2 minuti"},"schema":{"@context":"https:\/\/schema.org","@graph":[{"@type":"Article","@id":"https:\/\/www.alabianca.it\/it\/notizie\/una-questione-privata-il-nuovo-film-dei-fratelli-taviani-alla-festa-del-cinema-di-roma-e-dal-1-novembre-nelle-sale-giuliano-taviani-e-carmelo-travia-raccontano-la-scrittura-d\/#article","isPartOf":{"@id":"https:\/\/www.alabianca.it\/it\/notizie\/una-questione-privata-il-nuovo-film-dei-fratelli-taviani-alla-festa-del-cinema-di-roma-e-dal-1-novembre-nelle-sale-giuliano-taviani-e-carmelo-travia-raccontano-la-scrittura-d\/"},"author":{"name":"Antonio Tavoni","@id":"https:\/\/www.alabianca.it\/it\/#\/schema\/person\/0fa4f9cd5afb3f37f95a5b320896f479"},"headline":"\u201cUNA QUESTIONE PRIVATA\u201d, Il nuovo film dei Fratelli Taviani alla Festa del Cinema di Roma e dal 1\u00b0 novembre nelle sale Giuliano Taviani e Carmelo Travia raccontano la scrittura delle musiche originali, prodotte ed edite da Ala Bianca","datePublished":"2017-10-27T18:05:07+00:00","dateModified":"2018-01-31T16:42:10+00:00","mainEntityOfPage":{"@id":"https:\/\/www.alabianca.it\/it\/notizie\/una-questione-privata-il-nuovo-film-dei-fratelli-taviani-alla-festa-del-cinema-di-roma-e-dal-1-novembre-nelle-sale-giuliano-taviani-e-carmelo-travia-raccontano-la-scrittura-d\/"},"wordCount":489,"commentCount":0,"publisher":{"@id":"https:\/\/www.alabianca.it\/it\/#organization"},"image":{"@id":"https:\/\/www.alabianca.it\/it\/notizie\/una-questione-privata-il-nuovo-film-dei-fratelli-taviani-alla-festa-del-cinema-di-roma-e-dal-1-novembre-nelle-sale-giuliano-taviani-e-carmelo-travia-raccontano-la-scrittura-d\/#primaryimage"},"thumbnailUrl":"https:\/\/www.alabianca.it\/wp-content\/uploads\/2017\/09\/una-questione-privata-3.jpg","keywords":["Carmelo Travia","Fratelli Taviani","Giuliano Taviani","Luca Marinelli","Una questione privata"],"articleSection":["Le colonne sonore raccontate dagli autori","Notizie"],"inLanguage":"it-IT","potentialAction":[{"@type":"CommentAction","name":"Comment","target":["https:\/\/www.alabianca.it\/it\/notizie\/una-questione-privata-il-nuovo-film-dei-fratelli-taviani-alla-festa-del-cinema-di-roma-e-dal-1-novembre-nelle-sale-giuliano-taviani-e-carmelo-travia-raccontano-la-scrittura-d\/#respond"]}]},{"@type":"WebPage","@id":"https:\/\/www.alabianca.it\/it\/notizie\/una-questione-privata-il-nuovo-film-dei-fratelli-taviani-alla-festa-del-cinema-di-roma-e-dal-1-novembre-nelle-sale-giuliano-taviani-e-carmelo-travia-raccontano-la-scrittura-d\/","url":"https:\/\/www.alabianca.it\/it\/notizie\/una-questione-privata-il-nuovo-film-dei-fratelli-taviani-alla-festa-del-cinema-di-roma-e-dal-1-novembre-nelle-sale-giuliano-taviani-e-carmelo-travia-raccontano-la-scrittura-d\/","name":"\u201cUNA QUESTIONE PRIVATA\u201d, Il nuovo film dei Fratelli Taviani alla Festa del Cinema di Roma e dal 1\u00b0 novembre nelle sale Giuliano Taviani e Carmelo Travia raccontano la scrittura delle musiche originali, prodotte ed edite da Ala Bianca - Ala Bianca Group","isPartOf":{"@id":"https:\/\/www.alabianca.it\/it\/#website"},"primaryImageOfPage":{"@id":"https:\/\/www.alabianca.it\/it\/notizie\/una-questione-privata-il-nuovo-film-dei-fratelli-taviani-alla-festa-del-cinema-di-roma-e-dal-1-novembre-nelle-sale-giuliano-taviani-e-carmelo-travia-raccontano-la-scrittura-d\/#primaryimage"},"image":{"@id":"https:\/\/www.alabianca.it\/it\/notizie\/una-questione-privata-il-nuovo-film-dei-fratelli-taviani-alla-festa-del-cinema-di-roma-e-dal-1-novembre-nelle-sale-giuliano-taviani-e-carmelo-travia-raccontano-la-scrittura-d\/#primaryimage"},"thumbnailUrl":"https:\/\/www.alabianca.it\/wp-content\/uploads\/2017\/09\/una-questione-privata-3.jpg","datePublished":"2017-10-27T18:05:07+00:00","dateModified":"2018-01-31T16:42:10+00:00","description":"Leggi \u201cUNA QUESTIONE PRIVATA\u201d, Il nuovo film dei Fratelli Taviani alla Festa del Cinema di Roma e dal 1\u00b0 novembre nelle sale Giuliano Taviani e Carmelo Travia raccontano la scrittura delle musiche originali, prodotte ed edite da Ala Bianca su Ala Bianca Group Editore e produttore discografico a Modena","breadcrumb":{"@id":"https:\/\/www.alabianca.it\/it\/notizie\/una-questione-privata-il-nuovo-film-dei-fratelli-taviani-alla-festa-del-cinema-di-roma-e-dal-1-novembre-nelle-sale-giuliano-taviani-e-carmelo-travia-raccontano-la-scrittura-d\/#breadcrumb"},"inLanguage":"it-IT","potentialAction":[{"@type":"ReadAction","target":["https:\/\/www.alabianca.it\/it\/notizie\/una-questione-privata-il-nuovo-film-dei-fratelli-taviani-alla-festa-del-cinema-di-roma-e-dal-1-novembre-nelle-sale-giuliano-taviani-e-carmelo-travia-raccontano-la-scrittura-d\/"]}]},{"@type":"ImageObject","inLanguage":"it-IT","@id":"https:\/\/www.alabianca.it\/it\/notizie\/una-questione-privata-il-nuovo-film-dei-fratelli-taviani-alla-festa-del-cinema-di-roma-e-dal-1-novembre-nelle-sale-giuliano-taviani-e-carmelo-travia-raccontano-la-scrittura-d\/#primaryimage","url":"https:\/\/www.alabianca.it\/wp-content\/uploads\/2017\/09\/una-questione-privata-3.jpg","contentUrl":"https:\/\/www.alabianca.it\/wp-content\/uploads\/2017\/09\/una-questione-privata-3.jpg","width":720,"height":720},{"@type":"BreadcrumbList","@id":"https:\/\/www.alabianca.it\/it\/notizie\/una-questione-privata-il-nuovo-film-dei-fratelli-taviani-alla-festa-del-cinema-di-roma-e-dal-1-novembre-nelle-sale-giuliano-taviani-e-carmelo-travia-raccontano-la-scrittura-d\/#breadcrumb","itemListElement":[{"@type":"ListItem","position":1,"name":"Home","item":"https:\/\/www.alabianca.it\/it\/"},{"@type":"ListItem","position":2,"name":"\u201cUNA QUESTIONE PRIVATA\u201d, Il nuovo film dei Fratelli Taviani alla Festa del Cinema di Roma e dal 1\u00b0 novembre nelle sale Giuliano Taviani e Carmelo Travia raccontano la scrittura delle musiche originali, prodotte ed edite da Ala Bianca"}]},{"@type":"WebSite","@id":"https:\/\/www.alabianca.it\/it\/#website","url":"https:\/\/www.alabianca.it\/it\/","name":"Ala Bianca Group","description":"Editore e produttore discografico","publisher":{"@id":"https:\/\/www.alabianca.it\/it\/#organization"},"potentialAction":[{"@type":"SearchAction","target":{"@type":"EntryPoint","urlTemplate":"https:\/\/www.alabianca.it\/it\/?s={search_term_string}"},"query-input":{"@type":"PropertyValueSpecification","valueRequired":true,"valueName":"search_term_string"}}],"inLanguage":"it-IT"},{"@type":"Organization","@id":"https:\/\/www.alabianca.it\/it\/#organization","name":"Alabianca Group S.r.l.","url":"https:\/\/www.alabianca.it\/it\/","logo":{"@type":"ImageObject","inLanguage":"it-IT","@id":"https:\/\/www.alabianca.it\/it\/#\/schema\/logo\/image\/","url":"https:\/\/www.alabianca.it\/wp-content\/uploads\/2018\/01\/alabianca-records-logo-2018-h-3.png","contentUrl":"https:\/\/www.alabianca.it\/wp-content\/uploads\/2018\/01\/alabianca-records-logo-2018-h-3.png","width":345,"height":133,"caption":"Alabianca Group S.r.l."},"image":{"@id":"https:\/\/www.alabianca.it\/it\/#\/schema\/logo\/image\/"}},{"@type":"Person","@id":"https:\/\/www.alabianca.it\/it\/#\/schema\/person\/0fa4f9cd5afb3f37f95a5b320896f479","name":"Antonio Tavoni","sameAs":["http:\/\/alabianca.it"],"url":"https:\/\/www.alabianca.it\/it\/author\/antonioalabianca-it\/"}]}},"_links":{"self":[{"href":"https:\/\/www.alabianca.it\/it\/wp-json\/wp\/v2\/posts\/5094","targetHints":{"allow":["GET"]}}],"collection":[{"href":"https:\/\/www.alabianca.it\/it\/wp-json\/wp\/v2\/posts"}],"about":[{"href":"https:\/\/www.alabianca.it\/it\/wp-json\/wp\/v2\/types\/post"}],"author":[{"embeddable":true,"href":"https:\/\/www.alabianca.it\/it\/wp-json\/wp\/v2\/users\/2"}],"replies":[{"embeddable":true,"href":"https:\/\/www.alabianca.it\/it\/wp-json\/wp\/v2\/comments?post=5094"}],"version-history":[{"count":3,"href":"https:\/\/www.alabianca.it\/it\/wp-json\/wp\/v2\/posts\/5094\/revisions"}],"predecessor-version":[{"id":5284,"href":"https:\/\/www.alabianca.it\/it\/wp-json\/wp\/v2\/posts\/5094\/revisions\/5284"}],"wp:featuredmedia":[{"embeddable":true,"href":"https:\/\/www.alabianca.it\/it\/wp-json\/wp\/v2\/media\/5023"}],"wp:attachment":[{"href":"https:\/\/www.alabianca.it\/it\/wp-json\/wp\/v2\/media?parent=5094"}],"wp:term":[{"taxonomy":"category","embeddable":true,"href":"https:\/\/www.alabianca.it\/it\/wp-json\/wp\/v2\/categories?post=5094"},{"taxonomy":"post_tag","embeddable":true,"href":"https:\/\/www.alabianca.it\/it\/wp-json\/wp\/v2\/tags?post=5094"}],"curies":[{"name":"wp","href":"https:\/\/api.w.org\/{rel}","templated":true}]}}