{"id":5290,"date":"2017-11-29T11:56:39","date_gmt":"2017-11-29T11:56:39","guid":{"rendered":"https:\/\/www.alabianca.it\/?p=5290"},"modified":"2018-01-31T16:39:08","modified_gmt":"2018-01-31T16:39:08","slug":"franco-eco-racconta-la-scrittura-delle-musiche-originali-di-gramigna-prodotte-ed-edite-da-ala-bianca-e-disponibili-in-tutti-gli-store-digitali","status":"publish","type":"post","link":"https:\/\/www.alabianca.it\/it\/notizie\/franco-eco-racconta-la-scrittura-delle-musiche-originali-di-gramigna-prodotte-ed-edite-da-ala-bianca-e-disponibili-in-tutti-gli-store-digitali\/","title":{"rendered":"Franco Eco racconta la scrittura delle musiche originali di &#8220;Gramigna&#8221;, prodotte ed edite da Ala Bianca e disponibili in tutti gli store digitali"},"content":{"rendered":"<p><strong>\u201cGramigna\u201d,<\/strong> il nuovo film di<strong> Sebastiano Rizzo, <\/strong>racconta la storia di Luigi, figlio di un boss della malavita campana condannato all\u2019ergastolo, e della sua lotta nel portare un cognome ingombrante in una quotidianit\u00e0 dove appare impossibile sfuggire al crimine e alle sue conseguenze. Tra l\u2019assenza di figure di riferimento e la costante di una violenza sempre presente, Luigi dovr\u00e0 resistere e scontrarsi con il mondo che lo circonda nel tentativo di allontanare da s\u00e9 la pesante ombra delle colpe del padre.<\/p>\n<p><strong>Le musiche originali del film, prodotte ed edite da Ala Bianca, sono opera di Franco Eco.<\/strong> Tra i pi\u00f9 giovani compositori di colonne sonore attivi nel cinema e nella televisione Italiani, Eco pu\u00f2 vantare tra gli altri <strong>il Premio Sonora 2014 <\/strong>come<strong> \u201cMiglior Giovane Compositore\u201d e il premio \u201cGold Award Original Score\u201d <\/strong>agli <strong>IIFA (International Independent Film Awards) <\/strong>per la colonna sonora del film<strong> \u201cOf sinners and saints\u201d.<\/strong><\/p>\n<p><strong>\u00a0<\/strong><\/p>\n<p><strong>Franco Eco racconta la scrittura delle musiche originali di \u201cGramigna\u201d:<\/strong><\/p>\n<p><em>&#8220;Ogni volta che devo approcciarmi ad un film che parla di una storia vera, in questo caso ferocemente contemporanea come quella della camorra, ho sempre molte, moltissime difficolt\u00e0. Ad esempio in questi giorni sto registrando le musiche di un film di produzione ucraina che narra la guerra ancora in atto tra i separatisti filorussi e i nazionalisti ucraini. \u00c8 davvero difficile perch\u00e9 parliamo di fatti che saranno studiati nei libri di storia dagli Uomini che verranno dopo di noi. Allora senti una responsabilit\u00e0 che \u00e8 come un macigno, o almeno \u00e8 questa la dimensione che ho percepito durante la lavorazione delle musiche di Gramigna; ad esempio Adorno nella sua &#8220;Filosofia della musica moderna&#8221; diceva che la musica \u00e8 troppo precisa per lasciare campo alla polisemia. Questa frase mi perseguita in virt\u00f9 del fatto che un film sulle mafie va trattato con la giusta misura musicale, non descrittiva, bens\u00ec in Gramigna ho lavorato affinch\u00e9 la musica diventasse personaggio stesso; cos\u00ec ho cercato di farla entrare nota per nota all&#8217;interno delle maglie della sceneggiatura, tra le pieghe (o piaghe) dei protagonisti che sembrano stati sputati fuori dalla bocca dell\u2019Inferno dantesco. \u00c8 gratificante quando lavori su certi film che in qualche modo ti nutrono, aggiungendo un mattone alla persona che diventi col passare del tempo, ed \u00e8 per questo che vorrei ringraziare un produttore coraggioso come Alfonso Santoro, la narrazione poco scontata del regista Sebastiano Rizzo, l\u2019ingegnere del suono Gaetano Musso per aver dato quella cosa in pi\u00f9 alle musiche, e infine Giovanni Marolla, Mirco Da Lio e il mio editore Toni Verona e ad Ala Bianca, sempre in prima linea quando si tratta di progetti che toccano le corde dell\u2019Uomo&#8221;.<\/em><\/p>\n<p><strong><em>Franco Eco<\/em><\/strong><\/p>\n<p>&nbsp;<\/p>\n<p><strong>Tracklist<\/strong><\/p>\n<ol>\n<li>Day Before<\/li>\n<li>Voice of Soul, Pt.1<\/li>\n<li>Mother\u2019s Eyes, Pt.1<\/li>\n<li>Theme Gramigna, Pt.1<\/li>\n<li>Voice of Soul, Pt.2<\/li>\n<li>Searching Gangster, Pt.1<\/li>\n<li>Angry Son<\/li>\n<li>Father\u2019s Hug<\/li>\n<li>Theme Gramigna, Pt.2<\/li>\n<li>Behind Bars<\/li>\n<li>Searching Gangster, Pt.2<\/li>\n<li>Provocation<\/li>\n<li>Voice of Soul, Pt.3<\/li>\n<li>Theme Gramigna Light<\/li>\n<\/ol>\n<p>&nbsp;<\/p>\n<p><strong>La colonna sonora di \u201cGramigna\u201d \u00e8 disponibile presso tutti i principali store digitali e servizi streaming<\/strong><\/p>\n<p><iframe loading=\"lazy\" title=\"Gramigna - Trailer Ufficiale\" width=\"500\" height=\"281\" src=\"https:\/\/www.youtube.com\/embed\/nGD7eLGDf7Q?feature=oembed\" frameborder=\"0\" allow=\"accelerometer; autoplay; clipboard-write; encrypted-media; gyroscope; picture-in-picture; web-share\" referrerpolicy=\"strict-origin-when-cross-origin\" allowfullscreen><\/iframe><\/p>\n","protected":false},"excerpt":{"rendered":"<p>\u201cGramigna\u201d, il nuovo film di Sebastiano Rizzo, racconta la storia di Luigi, figlio di un boss della malavita campana condannato all\u2019ergastolo, e della sua lotta nel portare un cognome ingombrante in una quotidianit\u00e0 dove appare impossibile sfuggire al crimine e alle sue conseguenze. Tra l\u2019assenza di figure di riferimento e la costante di una violenza [&hellip;]<\/p>\n","protected":false},"author":2,"featured_media":2675,"comment_status":"open","ping_status":"closed","sticky":false,"template":"","format":"standard","meta":{"_acf_changed":false,"footnotes":""},"categories":[14,7],"tags":[1346,1409,1410],"class_list":["post-5290","post","type-post","status-publish","format-standard","has-post-thumbnail","hentry","category-colonne-sonore-raccontate-dagli-autori","category-notizie","tag-franco-eco","tag-gramigna","tag-sebastiano-rizzo"],"acf":[],"yoast_head":"<!-- This site is optimized with the Yoast SEO plugin v27.4 - https:\/\/yoast.com\/product\/yoast-seo-wordpress\/ -->\n<title>Franco Eco racconta la scrittura delle musiche originali di &quot;Gramigna&quot;, prodotte ed edite da Ala Bianca e disponibili in tutti gli store digitali - Ala Bianca Group<\/title>\n<meta name=\"description\" content=\"Leggi Franco Eco racconta la scrittura delle musiche originali di &quot;Gramigna&quot;, prodotte ed edite da Ala Bianca e disponibili in tutti gli store digitali su Ala Bianca Group Editore e produttore discografico a Modena\" \/>\n<meta name=\"robots\" content=\"index, follow, max-snippet:-1, max-image-preview:large, max-video-preview:-1\" \/>\n<link rel=\"canonical\" href=\"https:\/\/www.alabianca.it\/it\/notizie\/franco-eco-racconta-la-scrittura-delle-musiche-originali-di-gramigna-prodotte-ed-edite-da-ala-bianca-e-disponibili-in-tutti-gli-store-digitali\/\" \/>\n<meta property=\"og:locale\" content=\"it_IT\" \/>\n<meta property=\"og:type\" content=\"article\" \/>\n<meta property=\"og:title\" content=\"Franco Eco racconta la scrittura delle musiche originali di &quot;Gramigna&quot;, prodotte ed edite da Ala Bianca e disponibili in tutti gli store digitali - Ala Bianca Group\" \/>\n<meta property=\"og:description\" content=\"Leggi Franco Eco racconta la scrittura delle musiche originali di &quot;Gramigna&quot;, prodotte ed edite da Ala Bianca e disponibili in tutti gli store digitali su Ala Bianca Group Editore e produttore discografico a Modena\" \/>\n<meta property=\"og:url\" content=\"https:\/\/www.alabianca.it\/it\/notizie\/franco-eco-racconta-la-scrittura-delle-musiche-originali-di-gramigna-prodotte-ed-edite-da-ala-bianca-e-disponibili-in-tutti-gli-store-digitali\/\" \/>\n<meta property=\"og:site_name\" content=\"Ala Bianca Group\" \/>\n<meta property=\"article:published_time\" content=\"2017-11-29T11:56:39+00:00\" \/>\n<meta property=\"article:modified_time\" content=\"2018-01-31T16:39:08+00:00\" \/>\n<meta property=\"og:image\" content=\"https:\/\/www.alabianca.it\/wp-content\/uploads\/2015\/01\/franco-eco1.jpg\" \/>\n\t<meta property=\"og:image:width\" content=\"340\" \/>\n\t<meta property=\"og:image:height\" content=\"341\" \/>\n\t<meta property=\"og:image:type\" content=\"image\/jpeg\" \/>\n<meta name=\"author\" content=\"Antonio Tavoni\" \/>\n<meta name=\"twitter:card\" content=\"summary_large_image\" \/>\n<meta name=\"twitter:label1\" content=\"Scritto da\" \/>\n\t<meta name=\"twitter:data1\" content=\"Antonio Tavoni\" \/>\n\t<meta name=\"twitter:label2\" content=\"Tempo di lettura stimato\" \/>\n\t<meta name=\"twitter:data2\" content=\"3 minuti\" \/>\n<script type=\"application\/ld+json\" class=\"yoast-schema-graph\">{\"@context\":\"https:\\\/\\\/schema.org\",\"@graph\":[{\"@type\":\"Article\",\"@id\":\"https:\\\/\\\/www.alabianca.it\\\/it\\\/notizie\\\/franco-eco-racconta-la-scrittura-delle-musiche-originali-di-gramigna-prodotte-ed-edite-da-ala-bianca-e-disponibili-in-tutti-gli-store-digitali\\\/#article\",\"isPartOf\":{\"@id\":\"https:\\\/\\\/www.alabianca.it\\\/it\\\/notizie\\\/franco-eco-racconta-la-scrittura-delle-musiche-originali-di-gramigna-prodotte-ed-edite-da-ala-bianca-e-disponibili-in-tutti-gli-store-digitali\\\/\"},\"author\":{\"name\":\"Antonio Tavoni\",\"@id\":\"https:\\\/\\\/www.alabianca.it\\\/it\\\/#\\\/schema\\\/person\\\/0fa4f9cd5afb3f37f95a5b320896f479\"},\"headline\":\"Franco Eco racconta la scrittura delle musiche originali di &#8220;Gramigna&#8221;, prodotte ed edite da Ala Bianca e disponibili in tutti gli store digitali\",\"datePublished\":\"2017-11-29T11:56:39+00:00\",\"dateModified\":\"2018-01-31T16:39:08+00:00\",\"mainEntityOfPage\":{\"@id\":\"https:\\\/\\\/www.alabianca.it\\\/it\\\/notizie\\\/franco-eco-racconta-la-scrittura-delle-musiche-originali-di-gramigna-prodotte-ed-edite-da-ala-bianca-e-disponibili-in-tutti-gli-store-digitali\\\/\"},\"wordCount\":529,\"commentCount\":0,\"publisher\":{\"@id\":\"https:\\\/\\\/www.alabianca.it\\\/it\\\/#organization\"},\"image\":{\"@id\":\"https:\\\/\\\/www.alabianca.it\\\/it\\\/notizie\\\/franco-eco-racconta-la-scrittura-delle-musiche-originali-di-gramigna-prodotte-ed-edite-da-ala-bianca-e-disponibili-in-tutti-gli-store-digitali\\\/#primaryimage\"},\"thumbnailUrl\":\"https:\\\/\\\/www.alabianca.it\\\/wp-content\\\/uploads\\\/2015\\\/01\\\/franco-eco1.jpg\",\"keywords\":[\"Franco Eco\",\"Gramigna\",\"Sebastiano Rizzo\"],\"articleSection\":[\"Le colonne sonore raccontate dagli autori\",\"Notizie\"],\"inLanguage\":\"it-IT\",\"potentialAction\":[{\"@type\":\"CommentAction\",\"name\":\"Comment\",\"target\":[\"https:\\\/\\\/www.alabianca.it\\\/it\\\/notizie\\\/franco-eco-racconta-la-scrittura-delle-musiche-originali-di-gramigna-prodotte-ed-edite-da-ala-bianca-e-disponibili-in-tutti-gli-store-digitali\\\/#respond\"]}]},{\"@type\":\"WebPage\",\"@id\":\"https:\\\/\\\/www.alabianca.it\\\/it\\\/notizie\\\/franco-eco-racconta-la-scrittura-delle-musiche-originali-di-gramigna-prodotte-ed-edite-da-ala-bianca-e-disponibili-in-tutti-gli-store-digitali\\\/\",\"url\":\"https:\\\/\\\/www.alabianca.it\\\/it\\\/notizie\\\/franco-eco-racconta-la-scrittura-delle-musiche-originali-di-gramigna-prodotte-ed-edite-da-ala-bianca-e-disponibili-in-tutti-gli-store-digitali\\\/\",\"name\":\"Franco Eco racconta la scrittura delle musiche originali di \\\"Gramigna\\\", prodotte ed edite da Ala Bianca e disponibili in tutti gli store digitali - Ala Bianca Group\",\"isPartOf\":{\"@id\":\"https:\\\/\\\/www.alabianca.it\\\/it\\\/#website\"},\"primaryImageOfPage\":{\"@id\":\"https:\\\/\\\/www.alabianca.it\\\/it\\\/notizie\\\/franco-eco-racconta-la-scrittura-delle-musiche-originali-di-gramigna-prodotte-ed-edite-da-ala-bianca-e-disponibili-in-tutti-gli-store-digitali\\\/#primaryimage\"},\"image\":{\"@id\":\"https:\\\/\\\/www.alabianca.it\\\/it\\\/notizie\\\/franco-eco-racconta-la-scrittura-delle-musiche-originali-di-gramigna-prodotte-ed-edite-da-ala-bianca-e-disponibili-in-tutti-gli-store-digitali\\\/#primaryimage\"},\"thumbnailUrl\":\"https:\\\/\\\/www.alabianca.it\\\/wp-content\\\/uploads\\\/2015\\\/01\\\/franco-eco1.jpg\",\"datePublished\":\"2017-11-29T11:56:39+00:00\",\"dateModified\":\"2018-01-31T16:39:08+00:00\",\"description\":\"Leggi Franco Eco racconta la scrittura delle musiche originali di \\\"Gramigna\\\", prodotte ed edite da Ala Bianca e disponibili in tutti gli store digitali su Ala Bianca Group Editore e produttore discografico a Modena\",\"breadcrumb\":{\"@id\":\"https:\\\/\\\/www.alabianca.it\\\/it\\\/notizie\\\/franco-eco-racconta-la-scrittura-delle-musiche-originali-di-gramigna-prodotte-ed-edite-da-ala-bianca-e-disponibili-in-tutti-gli-store-digitali\\\/#breadcrumb\"},\"inLanguage\":\"it-IT\",\"potentialAction\":[{\"@type\":\"ReadAction\",\"target\":[\"https:\\\/\\\/www.alabianca.it\\\/it\\\/notizie\\\/franco-eco-racconta-la-scrittura-delle-musiche-originali-di-gramigna-prodotte-ed-edite-da-ala-bianca-e-disponibili-in-tutti-gli-store-digitali\\\/\"]}]},{\"@type\":\"ImageObject\",\"inLanguage\":\"it-IT\",\"@id\":\"https:\\\/\\\/www.alabianca.it\\\/it\\\/notizie\\\/franco-eco-racconta-la-scrittura-delle-musiche-originali-di-gramigna-prodotte-ed-edite-da-ala-bianca-e-disponibili-in-tutti-gli-store-digitali\\\/#primaryimage\",\"url\":\"https:\\\/\\\/www.alabianca.it\\\/wp-content\\\/uploads\\\/2015\\\/01\\\/franco-eco1.jpg\",\"contentUrl\":\"https:\\\/\\\/www.alabianca.it\\\/wp-content\\\/uploads\\\/2015\\\/01\\\/franco-eco1.jpg\",\"width\":340,\"height\":341},{\"@type\":\"BreadcrumbList\",\"@id\":\"https:\\\/\\\/www.alabianca.it\\\/it\\\/notizie\\\/franco-eco-racconta-la-scrittura-delle-musiche-originali-di-gramigna-prodotte-ed-edite-da-ala-bianca-e-disponibili-in-tutti-gli-store-digitali\\\/#breadcrumb\",\"itemListElement\":[{\"@type\":\"ListItem\",\"position\":1,\"name\":\"Home\",\"item\":\"https:\\\/\\\/www.alabianca.it\\\/it\\\/\"},{\"@type\":\"ListItem\",\"position\":2,\"name\":\"Franco Eco racconta la scrittura delle musiche originali di &#8220;Gramigna&#8221;, prodotte ed edite da Ala Bianca e disponibili in tutti gli store digitali\"}]},{\"@type\":\"WebSite\",\"@id\":\"https:\\\/\\\/www.alabianca.it\\\/it\\\/#website\",\"url\":\"https:\\\/\\\/www.alabianca.it\\\/it\\\/\",\"name\":\"Ala Bianca Group\",\"description\":\"Editore e produttore discografico\",\"publisher\":{\"@id\":\"https:\\\/\\\/www.alabianca.it\\\/it\\\/#organization\"},\"potentialAction\":[{\"@type\":\"SearchAction\",\"target\":{\"@type\":\"EntryPoint\",\"urlTemplate\":\"https:\\\/\\\/www.alabianca.it\\\/it\\\/?s={search_term_string}\"},\"query-input\":{\"@type\":\"PropertyValueSpecification\",\"valueRequired\":true,\"valueName\":\"search_term_string\"}}],\"inLanguage\":\"it-IT\"},{\"@type\":\"Organization\",\"@id\":\"https:\\\/\\\/www.alabianca.it\\\/it\\\/#organization\",\"name\":\"Alabianca Group S.r.l.\",\"url\":\"https:\\\/\\\/www.alabianca.it\\\/it\\\/\",\"logo\":{\"@type\":\"ImageObject\",\"inLanguage\":\"it-IT\",\"@id\":\"https:\\\/\\\/www.alabianca.it\\\/it\\\/#\\\/schema\\\/logo\\\/image\\\/\",\"url\":\"https:\\\/\\\/www.alabianca.it\\\/wp-content\\\/uploads\\\/2018\\\/01\\\/alabianca-records-logo-2018-h-3.png\",\"contentUrl\":\"https:\\\/\\\/www.alabianca.it\\\/wp-content\\\/uploads\\\/2018\\\/01\\\/alabianca-records-logo-2018-h-3.png\",\"width\":345,\"height\":133,\"caption\":\"Alabianca Group S.r.l.\"},\"image\":{\"@id\":\"https:\\\/\\\/www.alabianca.it\\\/it\\\/#\\\/schema\\\/logo\\\/image\\\/\"}},{\"@type\":\"Person\",\"@id\":\"https:\\\/\\\/www.alabianca.it\\\/it\\\/#\\\/schema\\\/person\\\/0fa4f9cd5afb3f37f95a5b320896f479\",\"name\":\"Antonio Tavoni\",\"sameAs\":[\"http:\\\/\\\/alabianca.it\"],\"url\":\"https:\\\/\\\/www.alabianca.it\\\/it\\\/author\\\/antonioalabianca-it\\\/\"}]}<\/script>\n<!-- \/ Yoast SEO plugin. -->","yoast_head_json":{"title":"Franco Eco racconta la scrittura delle musiche originali di \"Gramigna\", prodotte ed edite da Ala Bianca e disponibili in tutti gli store digitali - Ala Bianca Group","description":"Leggi Franco Eco racconta la scrittura delle musiche originali di \"Gramigna\", prodotte ed edite da Ala Bianca e disponibili in tutti gli store digitali su Ala Bianca Group Editore e produttore discografico a Modena","robots":{"index":"index","follow":"follow","max-snippet":"max-snippet:-1","max-image-preview":"max-image-preview:large","max-video-preview":"max-video-preview:-1"},"canonical":"https:\/\/www.alabianca.it\/it\/notizie\/franco-eco-racconta-la-scrittura-delle-musiche-originali-di-gramigna-prodotte-ed-edite-da-ala-bianca-e-disponibili-in-tutti-gli-store-digitali\/","og_locale":"it_IT","og_type":"article","og_title":"Franco Eco racconta la scrittura delle musiche originali di \"Gramigna\", prodotte ed edite da Ala Bianca e disponibili in tutti gli store digitali - Ala Bianca Group","og_description":"Leggi Franco Eco racconta la scrittura delle musiche originali di \"Gramigna\", prodotte ed edite da Ala Bianca e disponibili in tutti gli store digitali su Ala Bianca Group Editore e produttore discografico a Modena","og_url":"https:\/\/www.alabianca.it\/it\/notizie\/franco-eco-racconta-la-scrittura-delle-musiche-originali-di-gramigna-prodotte-ed-edite-da-ala-bianca-e-disponibili-in-tutti-gli-store-digitali\/","og_site_name":"Ala Bianca Group","article_published_time":"2017-11-29T11:56:39+00:00","article_modified_time":"2018-01-31T16:39:08+00:00","og_image":[{"width":340,"height":341,"url":"https:\/\/www.alabianca.it\/wp-content\/uploads\/2015\/01\/franco-eco1.jpg","type":"image\/jpeg"}],"author":"Antonio Tavoni","twitter_card":"summary_large_image","twitter_misc":{"Scritto da":"Antonio Tavoni","Tempo di lettura stimato":"3 minuti"},"schema":{"@context":"https:\/\/schema.org","@graph":[{"@type":"Article","@id":"https:\/\/www.alabianca.it\/it\/notizie\/franco-eco-racconta-la-scrittura-delle-musiche-originali-di-gramigna-prodotte-ed-edite-da-ala-bianca-e-disponibili-in-tutti-gli-store-digitali\/#article","isPartOf":{"@id":"https:\/\/www.alabianca.it\/it\/notizie\/franco-eco-racconta-la-scrittura-delle-musiche-originali-di-gramigna-prodotte-ed-edite-da-ala-bianca-e-disponibili-in-tutti-gli-store-digitali\/"},"author":{"name":"Antonio Tavoni","@id":"https:\/\/www.alabianca.it\/it\/#\/schema\/person\/0fa4f9cd5afb3f37f95a5b320896f479"},"headline":"Franco Eco racconta la scrittura delle musiche originali di &#8220;Gramigna&#8221;, prodotte ed edite da Ala Bianca e disponibili in tutti gli store digitali","datePublished":"2017-11-29T11:56:39+00:00","dateModified":"2018-01-31T16:39:08+00:00","mainEntityOfPage":{"@id":"https:\/\/www.alabianca.it\/it\/notizie\/franco-eco-racconta-la-scrittura-delle-musiche-originali-di-gramigna-prodotte-ed-edite-da-ala-bianca-e-disponibili-in-tutti-gli-store-digitali\/"},"wordCount":529,"commentCount":0,"publisher":{"@id":"https:\/\/www.alabianca.it\/it\/#organization"},"image":{"@id":"https:\/\/www.alabianca.it\/it\/notizie\/franco-eco-racconta-la-scrittura-delle-musiche-originali-di-gramigna-prodotte-ed-edite-da-ala-bianca-e-disponibili-in-tutti-gli-store-digitali\/#primaryimage"},"thumbnailUrl":"https:\/\/www.alabianca.it\/wp-content\/uploads\/2015\/01\/franco-eco1.jpg","keywords":["Franco Eco","Gramigna","Sebastiano Rizzo"],"articleSection":["Le colonne sonore raccontate dagli autori","Notizie"],"inLanguage":"it-IT","potentialAction":[{"@type":"CommentAction","name":"Comment","target":["https:\/\/www.alabianca.it\/it\/notizie\/franco-eco-racconta-la-scrittura-delle-musiche-originali-di-gramigna-prodotte-ed-edite-da-ala-bianca-e-disponibili-in-tutti-gli-store-digitali\/#respond"]}]},{"@type":"WebPage","@id":"https:\/\/www.alabianca.it\/it\/notizie\/franco-eco-racconta-la-scrittura-delle-musiche-originali-di-gramigna-prodotte-ed-edite-da-ala-bianca-e-disponibili-in-tutti-gli-store-digitali\/","url":"https:\/\/www.alabianca.it\/it\/notizie\/franco-eco-racconta-la-scrittura-delle-musiche-originali-di-gramigna-prodotte-ed-edite-da-ala-bianca-e-disponibili-in-tutti-gli-store-digitali\/","name":"Franco Eco racconta la scrittura delle musiche originali di \"Gramigna\", prodotte ed edite da Ala Bianca e disponibili in tutti gli store digitali - Ala Bianca Group","isPartOf":{"@id":"https:\/\/www.alabianca.it\/it\/#website"},"primaryImageOfPage":{"@id":"https:\/\/www.alabianca.it\/it\/notizie\/franco-eco-racconta-la-scrittura-delle-musiche-originali-di-gramigna-prodotte-ed-edite-da-ala-bianca-e-disponibili-in-tutti-gli-store-digitali\/#primaryimage"},"image":{"@id":"https:\/\/www.alabianca.it\/it\/notizie\/franco-eco-racconta-la-scrittura-delle-musiche-originali-di-gramigna-prodotte-ed-edite-da-ala-bianca-e-disponibili-in-tutti-gli-store-digitali\/#primaryimage"},"thumbnailUrl":"https:\/\/www.alabianca.it\/wp-content\/uploads\/2015\/01\/franco-eco1.jpg","datePublished":"2017-11-29T11:56:39+00:00","dateModified":"2018-01-31T16:39:08+00:00","description":"Leggi Franco Eco racconta la scrittura delle musiche originali di \"Gramigna\", prodotte ed edite da Ala Bianca e disponibili in tutti gli store digitali su Ala Bianca Group Editore e produttore discografico a Modena","breadcrumb":{"@id":"https:\/\/www.alabianca.it\/it\/notizie\/franco-eco-racconta-la-scrittura-delle-musiche-originali-di-gramigna-prodotte-ed-edite-da-ala-bianca-e-disponibili-in-tutti-gli-store-digitali\/#breadcrumb"},"inLanguage":"it-IT","potentialAction":[{"@type":"ReadAction","target":["https:\/\/www.alabianca.it\/it\/notizie\/franco-eco-racconta-la-scrittura-delle-musiche-originali-di-gramigna-prodotte-ed-edite-da-ala-bianca-e-disponibili-in-tutti-gli-store-digitali\/"]}]},{"@type":"ImageObject","inLanguage":"it-IT","@id":"https:\/\/www.alabianca.it\/it\/notizie\/franco-eco-racconta-la-scrittura-delle-musiche-originali-di-gramigna-prodotte-ed-edite-da-ala-bianca-e-disponibili-in-tutti-gli-store-digitali\/#primaryimage","url":"https:\/\/www.alabianca.it\/wp-content\/uploads\/2015\/01\/franco-eco1.jpg","contentUrl":"https:\/\/www.alabianca.it\/wp-content\/uploads\/2015\/01\/franco-eco1.jpg","width":340,"height":341},{"@type":"BreadcrumbList","@id":"https:\/\/www.alabianca.it\/it\/notizie\/franco-eco-racconta-la-scrittura-delle-musiche-originali-di-gramigna-prodotte-ed-edite-da-ala-bianca-e-disponibili-in-tutti-gli-store-digitali\/#breadcrumb","itemListElement":[{"@type":"ListItem","position":1,"name":"Home","item":"https:\/\/www.alabianca.it\/it\/"},{"@type":"ListItem","position":2,"name":"Franco Eco racconta la scrittura delle musiche originali di &#8220;Gramigna&#8221;, prodotte ed edite da Ala Bianca e disponibili in tutti gli store digitali"}]},{"@type":"WebSite","@id":"https:\/\/www.alabianca.it\/it\/#website","url":"https:\/\/www.alabianca.it\/it\/","name":"Ala Bianca Group","description":"Editore e produttore discografico","publisher":{"@id":"https:\/\/www.alabianca.it\/it\/#organization"},"potentialAction":[{"@type":"SearchAction","target":{"@type":"EntryPoint","urlTemplate":"https:\/\/www.alabianca.it\/it\/?s={search_term_string}"},"query-input":{"@type":"PropertyValueSpecification","valueRequired":true,"valueName":"search_term_string"}}],"inLanguage":"it-IT"},{"@type":"Organization","@id":"https:\/\/www.alabianca.it\/it\/#organization","name":"Alabianca Group S.r.l.","url":"https:\/\/www.alabianca.it\/it\/","logo":{"@type":"ImageObject","inLanguage":"it-IT","@id":"https:\/\/www.alabianca.it\/it\/#\/schema\/logo\/image\/","url":"https:\/\/www.alabianca.it\/wp-content\/uploads\/2018\/01\/alabianca-records-logo-2018-h-3.png","contentUrl":"https:\/\/www.alabianca.it\/wp-content\/uploads\/2018\/01\/alabianca-records-logo-2018-h-3.png","width":345,"height":133,"caption":"Alabianca Group S.r.l."},"image":{"@id":"https:\/\/www.alabianca.it\/it\/#\/schema\/logo\/image\/"}},{"@type":"Person","@id":"https:\/\/www.alabianca.it\/it\/#\/schema\/person\/0fa4f9cd5afb3f37f95a5b320896f479","name":"Antonio Tavoni","sameAs":["http:\/\/alabianca.it"],"url":"https:\/\/www.alabianca.it\/it\/author\/antonioalabianca-it\/"}]}},"_links":{"self":[{"href":"https:\/\/www.alabianca.it\/it\/wp-json\/wp\/v2\/posts\/5290","targetHints":{"allow":["GET"]}}],"collection":[{"href":"https:\/\/www.alabianca.it\/it\/wp-json\/wp\/v2\/posts"}],"about":[{"href":"https:\/\/www.alabianca.it\/it\/wp-json\/wp\/v2\/types\/post"}],"author":[{"embeddable":true,"href":"https:\/\/www.alabianca.it\/it\/wp-json\/wp\/v2\/users\/2"}],"replies":[{"embeddable":true,"href":"https:\/\/www.alabianca.it\/it\/wp-json\/wp\/v2\/comments?post=5290"}],"version-history":[{"count":1,"href":"https:\/\/www.alabianca.it\/it\/wp-json\/wp\/v2\/posts\/5290\/revisions"}],"predecessor-version":[{"id":5293,"href":"https:\/\/www.alabianca.it\/it\/wp-json\/wp\/v2\/posts\/5290\/revisions\/5293"}],"wp:featuredmedia":[{"embeddable":true,"href":"https:\/\/www.alabianca.it\/it\/wp-json\/wp\/v2\/media\/2675"}],"wp:attachment":[{"href":"https:\/\/www.alabianca.it\/it\/wp-json\/wp\/v2\/media?parent=5290"}],"wp:term":[{"taxonomy":"category","embeddable":true,"href":"https:\/\/www.alabianca.it\/it\/wp-json\/wp\/v2\/categories?post=5290"},{"taxonomy":"post_tag","embeddable":true,"href":"https:\/\/www.alabianca.it\/it\/wp-json\/wp\/v2\/tags?post=5290"}],"curies":[{"name":"wp","href":"https:\/\/api.w.org\/{rel}","templated":true}]}}